{"id":3818,"date":"2022-08-12T07:55:56","date_gmt":"2022-08-12T07:55:56","guid":{"rendered":"https:\/\/marcali.plebania.hu\/?p=3818"},"modified":"2022-08-12T07:55:56","modified_gmt":"2022-08-12T07:55:56","slug":"hirdetesek-2022-08-14","status":"publish","type":"post","link":"https:\/\/marcali.plebania.hu\/?p=3818","title":{"rendered":"Hirdet\u00e9sek, 2022. 08. 14."},"content":{"rendered":"\n<ol class=\"wp-block-list\"><li>Ma\nvan az \u00e9vk\u00f6zi 20. vas\u00e1rnap.<\/li><li>H\u00e9tf\u0151n,\nNagyboldogasszony \u00fcnnepe, a legnagyobb M\u00e1ria \u00fcnnep, este 18 \u00f3rakor szentmise a\npl\u00e9b\u00e1niatemplomban. Parancsolt \u00fcnnep!<\/li><li>P\u00e9nteken\n17.30-kor szents\u00e9gim\u00e1d\u00e1s, 18 \u00f3rakor szentmise.<\/li><li>Szombaton,\nSzent Istv\u00e1n kir\u00e1ly, Magyarorsz\u00e1g f\u0151 v\u00e9d\u0151szentj\u00e9nek \u00fcnnepe. A\npl\u00e9b\u00e1niatemplomban 9 \u00f3rakor \u00fcnnepi szentmis\u00e9t tartunk, mely v\u00e9g\u00e9n\nkeny\u00e9rszentel\u00e9s \u00e9s az \u00faj keny\u00e9r megszeg\u00e9se lesz. Megk\u00f6sz\u00f6nj\u00fck a K\u00e9thelyi\nGazdak\u00f6rnek a b\u00faz\u00e1t, amit a keny\u00e9rhez adtak \u00e9s a Tak\u00e1cs S\u00fct\u00f6d\u00e9nek, hogy\nkis\u00fct\u00f6tt\u00e9k.<\/li><li>Szombaton\naz esti szentmise elmarad.<\/li><li>J\u00f6v\u0151\nvas\u00e1rnap a pl\u00e9b\u00e1niatemplomban 9 \u00f3rakor lesz szentmise.<\/li><li>A\nK\u00c9SZ Marcali Csoportja egy \u00faj zar\u00e1ndoklatot szervez szeptember 17-\u00e9n\nBalatonf\u00fcred-Balatonalm\u00e1di-S\u00f3ly-\u00d6sk\u00fc-V\u00e1rpalota \u00fati c\u00e9llal. A zar\u00e1ndoklatra b\u00e1rki\njelentkezhet. Az \u00fatik\u00f6lts\u00e9g: 6.000- Ft\/f\u0151. A K\u00c9SZ tagoknak a buszk\u00f6lts\u00e9g:\n2.000- Ft\/f\u0151. Jelentkezni S\u00e1voly Andre\u00e1n\u00e1l vagy a pl\u00e9b\u00e1ni\u00e1n lehet.<\/li><\/ol>\n","protected":false},"excerpt":{"rendered":"<p>Ma van az \u00e9vk\u00f6zi 20. vas\u00e1rnap. H\u00e9tf\u0151n, Nagyboldogasszony \u00fcnnepe, a legnagyobb M\u00e1ria \u00fcnnep, este 18 \u00f3rakor szentmise a pl\u00e9b\u00e1niatemplomban. Parancsolt \u00fcnnep! P\u00e9nteken 17.30-kor szents\u00e9gim\u00e1d\u00e1s, 18 \u00f3rakor szentmise. Szombaton, Szent Istv\u00e1n kir\u00e1ly, Magyarorsz\u00e1g f\u0151 v\u00e9d\u0151szentj\u00e9nek \u00fcnnepe. A pl\u00e9b\u00e1niatemplomban 9 \u00f3rakor \u00fcnnepi szentmis\u00e9t tartunk, mely v\u00e9g\u00e9n keny\u00e9rszentel\u00e9s \u00e9s az \u00faj keny\u00e9r megszeg\u00e9se lesz. Megk\u00f6sz\u00f6nj\u00fck a K\u00e9thelyi Gazdak\u00f6rnek a b\u00faz\u00e1t, amit a keny\u00e9rhez adtak \u00e9s a Tak\u00e1cs S\u00fct\u00f6d\u00e9nek, hogy kis\u00fct\u00f6tt\u00e9k. Szombaton az esti szentmise elmarad. J\u00f6v\u0151 vas\u00e1rnap a pl\u00e9b\u00e1niatemplomban 9 \u00f3rakor lesz szentmise&#8230;.<\/p>\n<p class=\"read-more\"><a class=\"btn btn-default\" href=\"https:\/\/marcali.plebania.hu\/?p=3818\"> Read More<span class=\"screen-reader-text\">  Read More<\/span><\/a><\/p>\n","protected":false},"author":2,"featured_media":0,"comment_status":"closed","ping_status":"open","sticky":false,"template":"","format":"standard","meta":{"footnotes":""},"categories":[1],"tags":[],"class_list":["post-3818","post","type-post","status-publish","format-standard","hentry","category-egyeb"],"_links":{"self":[{"href":"https:\/\/marcali.plebania.hu\/index.php?rest_route=\/wp\/v2\/posts\/3818","targetHints":{"allow":["GET"]}}],"collection":[{"href":"https:\/\/marcali.plebania.hu\/index.php?rest_route=\/wp\/v2\/posts"}],"about":[{"href":"https:\/\/marcali.plebania.hu\/index.php?rest_route=\/wp\/v2\/types\/post"}],"author":[{"embeddable":true,"href":"https:\/\/marcali.plebania.hu\/index.php?rest_route=\/wp\/v2\/users\/2"}],"replies":[{"embeddable":true,"href":"https:\/\/marcali.plebania.hu\/index.php?rest_route=%2Fwp%2Fv2%2Fcomments&post=3818"}],"version-history":[{"count":1,"href":"https:\/\/marcali.plebania.hu\/index.php?rest_route=\/wp\/v2\/posts\/3818\/revisions"}],"predecessor-version":[{"id":3819,"href":"https:\/\/marcali.plebania.hu\/index.php?rest_route=\/wp\/v2\/posts\/3818\/revisions\/3819"}],"wp:attachment":[{"href":"https:\/\/marcali.plebania.hu\/index.php?rest_route=%2Fwp%2Fv2%2Fmedia&parent=3818"}],"wp:term":[{"taxonomy":"category","embeddable":true,"href":"https:\/\/marcali.plebania.hu\/index.php?rest_route=%2Fwp%2Fv2%2Fcategories&post=3818"},{"taxonomy":"post_tag","embeddable":true,"href":"https:\/\/marcali.plebania.hu\/index.php?rest_route=%2Fwp%2Fv2%2Ftags&post=3818"}],"curies":[{"name":"wp","href":"https:\/\/api.w.org\/{rel}","templated":true}]}}