{"id":3821,"date":"2022-08-19T09:30:30","date_gmt":"2022-08-19T09:30:30","guid":{"rendered":"https:\/\/marcali.plebania.hu\/?p=3821"},"modified":"2022-08-19T09:30:30","modified_gmt":"2022-08-19T09:30:30","slug":"hirdetesek-2022-08-21","status":"publish","type":"post","link":"https:\/\/marcali.plebania.hu\/?p=3821","title":{"rendered":"Hirdet\u00e9sek, 2022. 08. 21."},"content":{"rendered":"\n<ol class=\"wp-block-list\"><li>Ma\nvan (Szent Istv\u00e1n) \u00e9vk\u00f6zi 21. vas\u00e1rnap.<\/li><li>A\nj\u00f6v\u0151 h\u00e9ten, p\u00e9nteken 17.30-kor szents\u00e9gim\u00e1d\u00e1s, 18 \u00f3rakor szentmise.<\/li><li>M\u00e1r\nszervez\u00e9s alatt van a Marcali Pl\u00e9b\u00e1nia \u00fajj\u00e1alak\u00edt\u00e1s\u00e1nak 300. \u00e9vfordul\u00f3j\u00e1b\u00f3l\nrendezend\u0151 \u00fcnneps\u00e9g, mely okt\u00f3ber 9-\u00e9n (vas\u00e1rnap) d\u00e9lut\u00e1n 3 \u00f3rakor szentmis\u00e9vel\nkezd\u0151dik, melynek f\u0151celebr\u00e1nsa Berta Tibor dand\u00e1rt\u00e1bornok, t\u00e1bori p\u00fcsp\u00f6k, volt\nmarcali k\u00e1pl\u00e1n lesz. Az \u00fcnnepi szentmis\u00e9re megh\u00edvjuk a m\u00e9g \u00e9l\u0151 marcali\nk\u00e1pl\u00e1nokat is. A hitoktat\u00f3kat k\u00e9rj\u00fck, hogy ugyanezen a napon a hittanos\ngyermekeknek is szervezzenek valami programot, ami a 300 \u00e9ves \u00e9vfordul\u00f3val\nkapcsolatos. Erre a szentmis\u00e9re megh\u00edvjuk a v\u00e1ros vezet\u0151it, int\u00e9zm\u00e9nyvezet\u0151ket\n\u00e9s term\u00e9szetesen Marcali lakoss\u00e1g\u00e1t.<\/li><li>Meg\u00e9rkeztek\na szeptemberben kezd\u0151d\u0151 \u00faj iskola\u00e9vre a hittank\u00f6nyvek. Mintegy 400 hittanosunk\naz els\u0151 hittan\u00f3r\u00e1n kapja meg a k\u00f6nyveket, mely az id\u00e9n is ingyenes lesz.<\/li><li>A\nK\u00c9SZ Marcali Csoportja egy \u00faj zar\u00e1ndoklatot szervez szeptember 17-\u00e9n\nBalatonf\u00fcred-Balatonalm\u00e1di-S\u00f3ly-\u00d6sk\u00fc-V\u00e1rpalota \u00fati c\u00e9llal. A zar\u00e1ndoklatra\nb\u00e1rki jelentkezhet. Az \u00fatik\u00f6lts\u00e9g: 6.000- Ft\/f\u0151. A K\u00c9SZ tagoknak a buszk\u00f6lts\u00e9g:\n2.000- Ft\/f\u0151. Jelentkezni S\u00e1voly Andre\u00e1n\u00e1l vagy a pl\u00e9b\u00e1ni\u00e1n lehet.<\/li><\/ol>\n","protected":false},"excerpt":{"rendered":"<p>Ma van (Szent Istv\u00e1n) \u00e9vk\u00f6zi 21. vas\u00e1rnap. A j\u00f6v\u0151 h\u00e9ten, p\u00e9nteken 17.30-kor szents\u00e9gim\u00e1d\u00e1s, 18 \u00f3rakor szentmise. M\u00e1r szervez\u00e9s alatt van a Marcali Pl\u00e9b\u00e1nia \u00fajj\u00e1alak\u00edt\u00e1s\u00e1nak 300. \u00e9vfordul\u00f3j\u00e1b\u00f3l rendezend\u0151 \u00fcnneps\u00e9g, mely okt\u00f3ber 9-\u00e9n (vas\u00e1rnap) d\u00e9lut\u00e1n 3 \u00f3rakor szentmis\u00e9vel kezd\u0151dik, melynek f\u0151celebr\u00e1nsa Berta Tibor dand\u00e1rt\u00e1bornok, t\u00e1bori p\u00fcsp\u00f6k, volt marcali k\u00e1pl\u00e1n lesz. Az \u00fcnnepi szentmis\u00e9re megh\u00edvjuk a m\u00e9g \u00e9l\u0151 marcali k\u00e1pl\u00e1nokat is. A hitoktat\u00f3kat k\u00e9rj\u00fck, hogy ugyanezen a napon a hittanos gyermekeknek is szervezzenek valami programot, ami a 300 \u00e9ves \u00e9vfordul\u00f3val kapcsolatos. Erre a&#8230;<\/p>\n<p class=\"read-more\"><a class=\"btn btn-default\" href=\"https:\/\/marcali.plebania.hu\/?p=3821\"> Read More<span class=\"screen-reader-text\">  Read More<\/span><\/a><\/p>\n","protected":false},"author":2,"featured_media":0,"comment_status":"closed","ping_status":"open","sticky":false,"template":"","format":"standard","meta":{"footnotes":""},"categories":[1],"tags":[],"class_list":["post-3821","post","type-post","status-publish","format-standard","hentry","category-egyeb"],"_links":{"self":[{"href":"https:\/\/marcali.plebania.hu\/index.php?rest_route=\/wp\/v2\/posts\/3821","targetHints":{"allow":["GET"]}}],"collection":[{"href":"https:\/\/marcali.plebania.hu\/index.php?rest_route=\/wp\/v2\/posts"}],"about":[{"href":"https:\/\/marcali.plebania.hu\/index.php?rest_route=\/wp\/v2\/types\/post"}],"author":[{"embeddable":true,"href":"https:\/\/marcali.plebania.hu\/index.php?rest_route=\/wp\/v2\/users\/2"}],"replies":[{"embeddable":true,"href":"https:\/\/marcali.plebania.hu\/index.php?rest_route=%2Fwp%2Fv2%2Fcomments&post=3821"}],"version-history":[{"count":1,"href":"https:\/\/marcali.plebania.hu\/index.php?rest_route=\/wp\/v2\/posts\/3821\/revisions"}],"predecessor-version":[{"id":3822,"href":"https:\/\/marcali.plebania.hu\/index.php?rest_route=\/wp\/v2\/posts\/3821\/revisions\/3822"}],"wp:attachment":[{"href":"https:\/\/marcali.plebania.hu\/index.php?rest_route=%2Fwp%2Fv2%2Fmedia&parent=3821"}],"wp:term":[{"taxonomy":"category","embeddable":true,"href":"https:\/\/marcali.plebania.hu\/index.php?rest_route=%2Fwp%2Fv2%2Fcategories&post=3821"},{"taxonomy":"post_tag","embeddable":true,"href":"https:\/\/marcali.plebania.hu\/index.php?rest_route=%2Fwp%2Fv2%2Ftags&post=3821"}],"curies":[{"name":"wp","href":"https:\/\/api.w.org\/{rel}","templated":true}]}}