{"id":3823,"date":"2022-08-25T14:10:23","date_gmt":"2022-08-25T14:10:23","guid":{"rendered":"https:\/\/marcali.plebania.hu\/?p=3823"},"modified":"2022-08-25T14:10:23","modified_gmt":"2022-08-25T14:10:23","slug":"szent-istvan-napi-unnepi-szentmise-es-kenyermegaldas","status":"publish","type":"post","link":"https:\/\/marcali.plebania.hu\/?p=3823","title":{"rendered":"Szent Istv\u00e1n-napi \u00fcnnepi szentmise \u00e9s keny\u00e9rmeg\u00e1ld\u00e1s"},"content":{"rendered":"\n<p>2022. augusztus 20-\u00e1n, szombaton a 9 \u00f3r\u00e1s szentmis\u00e9vel az \u00e1llamalap\u00edt\u00f3 Szent Istv\u00e1n kir\u00e1lyra \u00e9s az \u00faj keny\u00e9rre eml\u00e9keztek \u00fcnnepi szentmis\u00e9vel \u00e9s keny\u00e9rmeg\u00e1ld\u00e1ssal a Gy\u00fcm\u00f6lcsolt\u00f3 Boldogasszony Pl\u00e9b\u00e1niatemplomban. <\/p>\n\n\n\n<figure class=\"wp-block-gallery columns-3 is-cropped wp-block-gallery-1 is-layout-flex wp-block-gallery-is-layout-flex\"><ul class=\"blocks-gallery-grid\"><li class=\"blocks-gallery-item\"><figure><img loading=\"lazy\" decoding=\"async\" width=\"1024\" height=\"683\" src=\"https:\/\/marcali.plebania.hu\/wp-content\/uploads\/2022\/08\/01-1024x683.jpg\" alt=\"\" data-id=\"3824\" data-link=\"https:\/\/marcali.plebania.hu\/?attachment_id=3824\" class=\"wp-image-3824\" srcset=\"https:\/\/marcali.plebania.hu\/wp-content\/uploads\/2022\/08\/01-1024x683.jpg 1024w, https:\/\/marcali.plebania.hu\/wp-content\/uploads\/2022\/08\/01-300x200.jpg 300w, https:\/\/marcali.plebania.hu\/wp-content\/uploads\/2022\/08\/01-768x512.jpg 768w, https:\/\/marcali.plebania.hu\/wp-content\/uploads\/2022\/08\/01-1536x1024.jpg 1536w, https:\/\/marcali.plebania.hu\/wp-content\/uploads\/2022\/08\/01-2048x1365.jpg 2048w, https:\/\/marcali.plebania.hu\/wp-content\/uploads\/2022\/08\/01-405x270.jpg 405w\" sizes=\"auto, (max-width: 1024px) 100vw, 1024px\" \/><\/figure><\/li><li class=\"blocks-gallery-item\"><figure><img loading=\"lazy\" decoding=\"async\" width=\"1024\" height=\"683\" src=\"https:\/\/marcali.plebania.hu\/wp-content\/uploads\/2022\/08\/02-1024x683.jpg\" alt=\"\" data-id=\"3825\" data-link=\"https:\/\/marcali.plebania.hu\/?attachment_id=3825\" class=\"wp-image-3825\" srcset=\"https:\/\/marcali.plebania.hu\/wp-content\/uploads\/2022\/08\/02-1024x683.jpg 1024w, https:\/\/marcali.plebania.hu\/wp-content\/uploads\/2022\/08\/02-300x200.jpg 300w, https:\/\/marcali.plebania.hu\/wp-content\/uploads\/2022\/08\/02-768x512.jpg 768w, https:\/\/marcali.plebania.hu\/wp-content\/uploads\/2022\/08\/02-1536x1024.jpg 1536w, https:\/\/marcali.plebania.hu\/wp-content\/uploads\/2022\/08\/02-2048x1365.jpg 2048w, https:\/\/marcali.plebania.hu\/wp-content\/uploads\/2022\/08\/02-405x270.jpg 405w\" sizes=\"auto, (max-width: 1024px) 100vw, 1024px\" \/><\/figure><\/li><li class=\"blocks-gallery-item\"><figure><img loading=\"lazy\" decoding=\"async\" width=\"1024\" height=\"683\" src=\"https:\/\/marcali.plebania.hu\/wp-content\/uploads\/2022\/08\/03-1024x683.jpg\" alt=\"\" data-id=\"3826\" data-link=\"https:\/\/marcali.plebania.hu\/?attachment_id=3826\" class=\"wp-image-3826\" srcset=\"https:\/\/marcali.plebania.hu\/wp-content\/uploads\/2022\/08\/03-1024x683.jpg 1024w, https:\/\/marcali.plebania.hu\/wp-content\/uploads\/2022\/08\/03-300x200.jpg 300w, https:\/\/marcali.plebania.hu\/wp-content\/uploads\/2022\/08\/03-768x512.jpg 768w, https:\/\/marcali.plebania.hu\/wp-content\/uploads\/2022\/08\/03-1536x1024.jpg 1536w, https:\/\/marcali.plebania.hu\/wp-content\/uploads\/2022\/08\/03-2048x1365.jpg 2048w, https:\/\/marcali.plebania.hu\/wp-content\/uploads\/2022\/08\/03-405x270.jpg 405w\" sizes=\"auto, (max-width: 1024px) 100vw, 1024px\" \/><\/figure><\/li><li class=\"blocks-gallery-item\"><figure><img loading=\"lazy\" decoding=\"async\" width=\"1024\" height=\"683\" src=\"https:\/\/marcali.plebania.hu\/wp-content\/uploads\/2022\/08\/05-1024x683.jpg\" alt=\"\" data-id=\"3827\" data-full-url=\"https:\/\/marcali.plebania.hu\/wp-content\/uploads\/2022\/08\/05-scaled.jpg\" data-link=\"https:\/\/marcali.plebania.hu\/?attachment_id=3827\" class=\"wp-image-3827\" srcset=\"https:\/\/marcali.plebania.hu\/wp-content\/uploads\/2022\/08\/05-1024x683.jpg 1024w, https:\/\/marcali.plebania.hu\/wp-content\/uploads\/2022\/08\/05-300x200.jpg 300w, https:\/\/marcali.plebania.hu\/wp-content\/uploads\/2022\/08\/05-768x512.jpg 768w, https:\/\/marcali.plebania.hu\/wp-content\/uploads\/2022\/08\/05-1536x1024.jpg 1536w, https:\/\/marcali.plebania.hu\/wp-content\/uploads\/2022\/08\/05-2048x1365.jpg 2048w, https:\/\/marcali.plebania.hu\/wp-content\/uploads\/2022\/08\/05-405x270.jpg 405w\" sizes=\"auto, (max-width: 1024px) 100vw, 1024px\" \/><\/figure><\/li><\/ul><\/figure>\n\n\n\n<p>Az istentiszteletet Kiss Iv\u00e1n c\u00edmzetes pr\u00e9post, pl\u00e9b\u00e1nos celebr\u00e1lta, aki szentbesz\u00e9d\u00e9ben az \u00e1llamalap\u00edt\u00f3 kir\u00e1lyunk t\u00f6rt\u00e9nelmi szerep\u00e9t, nagys\u00e1g\u00e1t, \u00e9s szem\u00e9lyis\u00e9g\u00e9t m\u00e9ltatta. A szentmis\u00e9n T\u00f3th Eszter \u00c1gnes, gimn\u00e1ziumi tanul\u00f3 T\u0171z Tam\u00e1s: Szent Istv\u00e1n kir\u00e1ly c\u00edm\u0171 vers\u00e9t mondta el. K\u00f6zrem\u0171k\u00f6d\u00f6tt a F\u00e9ny Gyermekei Katolikus Zenekar, akiket Balogh B\u00e1lint k\u00e1ntor szintetiz\u00e1torral, J\u00e1ki Zolt\u00e1n pedig heged\u0171vel k\u00eds\u00e9rt.<\/p>\n\n\n\n<figure class=\"wp-block-gallery columns-3 is-cropped wp-block-gallery-2 is-layout-flex wp-block-gallery-is-layout-flex\"><ul class=\"blocks-gallery-grid\"><li class=\"blocks-gallery-item\"><figure><img loading=\"lazy\" decoding=\"async\" width=\"1024\" height=\"683\" src=\"https:\/\/marcali.plebania.hu\/wp-content\/uploads\/2022\/08\/04-1024x683.jpg\" alt=\"\" data-id=\"3828\" data-link=\"https:\/\/marcali.plebania.hu\/?attachment_id=3828\" class=\"wp-image-3828\" srcset=\"https:\/\/marcali.plebania.hu\/wp-content\/uploads\/2022\/08\/04-1024x683.jpg 1024w, https:\/\/marcali.plebania.hu\/wp-content\/uploads\/2022\/08\/04-300x200.jpg 300w, https:\/\/marcali.plebania.hu\/wp-content\/uploads\/2022\/08\/04-768x512.jpg 768w, https:\/\/marcali.plebania.hu\/wp-content\/uploads\/2022\/08\/04-1536x1024.jpg 1536w, https:\/\/marcali.plebania.hu\/wp-content\/uploads\/2022\/08\/04-2048x1365.jpg 2048w, https:\/\/marcali.plebania.hu\/wp-content\/uploads\/2022\/08\/04-405x270.jpg 405w\" sizes=\"auto, (max-width: 1024px) 100vw, 1024px\" \/><\/figure><\/li><li class=\"blocks-gallery-item\"><figure><img loading=\"lazy\" decoding=\"async\" width=\"1024\" height=\"683\" src=\"https:\/\/marcali.plebania.hu\/wp-content\/uploads\/2022\/08\/09-1024x683.jpg\" alt=\"\" data-id=\"3829\" data-link=\"https:\/\/marcali.plebania.hu\/?attachment_id=3829\" class=\"wp-image-3829\" srcset=\"https:\/\/marcali.plebania.hu\/wp-content\/uploads\/2022\/08\/09-1024x683.jpg 1024w, https:\/\/marcali.plebania.hu\/wp-content\/uploads\/2022\/08\/09-300x200.jpg 300w, https:\/\/marcali.plebania.hu\/wp-content\/uploads\/2022\/08\/09-768x512.jpg 768w, https:\/\/marcali.plebania.hu\/wp-content\/uploads\/2022\/08\/09-1536x1024.jpg 1536w, https:\/\/marcali.plebania.hu\/wp-content\/uploads\/2022\/08\/09-2048x1365.jpg 2048w, https:\/\/marcali.plebania.hu\/wp-content\/uploads\/2022\/08\/09-405x270.jpg 405w\" sizes=\"auto, (max-width: 1024px) 100vw, 1024px\" \/><\/figure><\/li><li class=\"blocks-gallery-item\"><figure><img loading=\"lazy\" decoding=\"async\" width=\"1024\" height=\"683\" src=\"https:\/\/marcali.plebania.hu\/wp-content\/uploads\/2022\/08\/11-1024x683.jpg\" alt=\"\" data-id=\"3831\" data-link=\"https:\/\/marcali.plebania.hu\/?attachment_id=3831\" class=\"wp-image-3831\" srcset=\"https:\/\/marcali.plebania.hu\/wp-content\/uploads\/2022\/08\/11-1024x683.jpg 1024w, https:\/\/marcali.plebania.hu\/wp-content\/uploads\/2022\/08\/11-300x200.jpg 300w, https:\/\/marcali.plebania.hu\/wp-content\/uploads\/2022\/08\/11-768x512.jpg 768w, https:\/\/marcali.plebania.hu\/wp-content\/uploads\/2022\/08\/11-1536x1024.jpg 1536w, https:\/\/marcali.plebania.hu\/wp-content\/uploads\/2022\/08\/11-2048x1365.jpg 2048w, https:\/\/marcali.plebania.hu\/wp-content\/uploads\/2022\/08\/11-405x270.jpg 405w\" sizes=\"auto, (max-width: 1024px) 100vw, 1024px\" \/><\/figure><\/li><li class=\"blocks-gallery-item\"><figure><img loading=\"lazy\" decoding=\"async\" width=\"1024\" height=\"683\" src=\"https:\/\/marcali.plebania.hu\/wp-content\/uploads\/2022\/08\/12-1024x683.jpg\" alt=\"\" data-id=\"3832\" data-full-url=\"https:\/\/marcali.plebania.hu\/wp-content\/uploads\/2022\/08\/12-scaled.jpg\" data-link=\"https:\/\/marcali.plebania.hu\/?attachment_id=3832\" class=\"wp-image-3832\" srcset=\"https:\/\/marcali.plebania.hu\/wp-content\/uploads\/2022\/08\/12-1024x683.jpg 1024w, https:\/\/marcali.plebania.hu\/wp-content\/uploads\/2022\/08\/12-300x200.jpg 300w, https:\/\/marcali.plebania.hu\/wp-content\/uploads\/2022\/08\/12-768x512.jpg 768w, https:\/\/marcali.plebania.hu\/wp-content\/uploads\/2022\/08\/12-1536x1024.jpg 1536w, https:\/\/marcali.plebania.hu\/wp-content\/uploads\/2022\/08\/12-2048x1365.jpg 2048w, https:\/\/marcali.plebania.hu\/wp-content\/uploads\/2022\/08\/12-405x270.jpg 405w\" sizes=\"auto, (max-width: 1024px) 100vw, 1024px\" \/><\/figure><\/li><\/ul><\/figure>\n\n\n\n<p>A szentmis\u00e9t k\u00f6vet\u0151en t\u00f6rt\u00e9nt a keny\u00e9rmeg\u00e1ld\u00e1s szertart\u00e1sa, melyre Miszi Zsuzsanna gombai \u00f6nkorm\u00e1nyzati k\u00e9pvisel\u0151n\u0151, valamint Pomozi Istv\u00e1nn\u00e9, a Marcali Sz\u00e9passzonyok \u00e9s a Fi\u00fak Hagyom\u00e1ny\u0151rz\u0151 Egyes\u00fclet k\u00e9pviselet\u00e9ben saj\u00e1t kez\u0171leg s\u00fct\u00f6tt kenyeret is hozott.<\/p>\n\n\n\n<figure class=\"wp-block-gallery columns-3 is-cropped wp-block-gallery-3 is-layout-flex wp-block-gallery-is-layout-flex\"><ul class=\"blocks-gallery-grid\"><li class=\"blocks-gallery-item\"><figure><img loading=\"lazy\" decoding=\"async\" width=\"1024\" height=\"683\" src=\"https:\/\/marcali.plebania.hu\/wp-content\/uploads\/2022\/08\/14-1024x683.jpg\" alt=\"\" data-id=\"3833\" data-link=\"https:\/\/marcali.plebania.hu\/?attachment_id=3833\" class=\"wp-image-3833\" srcset=\"https:\/\/marcali.plebania.hu\/wp-content\/uploads\/2022\/08\/14-1024x683.jpg 1024w, https:\/\/marcali.plebania.hu\/wp-content\/uploads\/2022\/08\/14-300x200.jpg 300w, https:\/\/marcali.plebania.hu\/wp-content\/uploads\/2022\/08\/14-768x512.jpg 768w, https:\/\/marcali.plebania.hu\/wp-content\/uploads\/2022\/08\/14-1536x1024.jpg 1536w, https:\/\/marcali.plebania.hu\/wp-content\/uploads\/2022\/08\/14-2048x1365.jpg 2048w, https:\/\/marcali.plebania.hu\/wp-content\/uploads\/2022\/08\/14-405x270.jpg 405w\" sizes=\"auto, (max-width: 1024px) 100vw, 1024px\" \/><\/figure><\/li><li class=\"blocks-gallery-item\"><figure><img loading=\"lazy\" decoding=\"async\" width=\"1024\" height=\"683\" src=\"https:\/\/marcali.plebania.hu\/wp-content\/uploads\/2022\/08\/15-1024x683.jpg\" alt=\"\" data-id=\"3834\" data-link=\"https:\/\/marcali.plebania.hu\/?attachment_id=3834\" class=\"wp-image-3834\" srcset=\"https:\/\/marcali.plebania.hu\/wp-content\/uploads\/2022\/08\/15-1024x683.jpg 1024w, https:\/\/marcali.plebania.hu\/wp-content\/uploads\/2022\/08\/15-300x200.jpg 300w, https:\/\/marcali.plebania.hu\/wp-content\/uploads\/2022\/08\/15-768x512.jpg 768w, https:\/\/marcali.plebania.hu\/wp-content\/uploads\/2022\/08\/15-1536x1024.jpg 1536w, https:\/\/marcali.plebania.hu\/wp-content\/uploads\/2022\/08\/15-2048x1365.jpg 2048w, https:\/\/marcali.plebania.hu\/wp-content\/uploads\/2022\/08\/15-405x270.jpg 405w\" sizes=\"auto, (max-width: 1024px) 100vw, 1024px\" \/><\/figure><\/li><li class=\"blocks-gallery-item\"><figure><img loading=\"lazy\" decoding=\"async\" width=\"1024\" height=\"683\" src=\"https:\/\/marcali.plebania.hu\/wp-content\/uploads\/2022\/08\/17-1024x683.jpg\" alt=\"\" data-id=\"3835\" data-link=\"https:\/\/marcali.plebania.hu\/?attachment_id=3835\" class=\"wp-image-3835\" srcset=\"https:\/\/marcali.plebania.hu\/wp-content\/uploads\/2022\/08\/17-1024x683.jpg 1024w, https:\/\/marcali.plebania.hu\/wp-content\/uploads\/2022\/08\/17-300x200.jpg 300w, https:\/\/marcali.plebania.hu\/wp-content\/uploads\/2022\/08\/17-768x512.jpg 768w, https:\/\/marcali.plebania.hu\/wp-content\/uploads\/2022\/08\/17-1536x1024.jpg 1536w, https:\/\/marcali.plebania.hu\/wp-content\/uploads\/2022\/08\/17-2048x1365.jpg 2048w, https:\/\/marcali.plebania.hu\/wp-content\/uploads\/2022\/08\/17-405x270.jpg 405w\" sizes=\"auto, (max-width: 1024px) 100vw, 1024px\" \/><\/figure><\/li><li class=\"blocks-gallery-item\"><figure><img loading=\"lazy\" decoding=\"async\" width=\"1024\" height=\"683\" src=\"https:\/\/marcali.plebania.hu\/wp-content\/uploads\/2022\/08\/22-1024x683.jpg\" alt=\"\" data-id=\"3836\" data-full-url=\"https:\/\/marcali.plebania.hu\/wp-content\/uploads\/2022\/08\/22-scaled.jpg\" data-link=\"https:\/\/marcali.plebania.hu\/?attachment_id=3836\" class=\"wp-image-3836\" srcset=\"https:\/\/marcali.plebania.hu\/wp-content\/uploads\/2022\/08\/22-1024x683.jpg 1024w, https:\/\/marcali.plebania.hu\/wp-content\/uploads\/2022\/08\/22-300x200.jpg 300w, https:\/\/marcali.plebania.hu\/wp-content\/uploads\/2022\/08\/22-768x512.jpg 768w, https:\/\/marcali.plebania.hu\/wp-content\/uploads\/2022\/08\/22-1536x1024.jpg 1536w, https:\/\/marcali.plebania.hu\/wp-content\/uploads\/2022\/08\/22-2048x1365.jpg 2048w, https:\/\/marcali.plebania.hu\/wp-content\/uploads\/2022\/08\/22-405x270.jpg 405w\" sizes=\"auto, (max-width: 1024px) 100vw, 1024px\" \/><\/figure><\/li><\/ul><\/figure>\n\n\n\n<p>Iv\u00e1n atya elmondta, hogy az \u00faj keny\u00e9rhez a b\u00faz\u00e1t a K\u00e9thelyi Gazdak\u00f6r\u00f6k adt\u00e1k a Magyarok Kenyer\u00e9b\u0151l, melyet a Tak\u00e1cs P\u00e9ks\u00e9g s\u00fct\u00f6tt meg. Tak\u00e1cs Bernadett pedig besz\u00e9lt a keny\u00e9rs\u00fct\u00e9sr\u0151l \u00e9s az \u00fcnneppel kapcsolatos \u00e9rz\u00e9seir\u0151l.<\/p>\n\n\n\n<figure class=\"wp-block-gallery columns-3 is-cropped wp-block-gallery-4 is-layout-flex wp-block-gallery-is-layout-flex\"><ul class=\"blocks-gallery-grid\"><li class=\"blocks-gallery-item\"><figure><img loading=\"lazy\" decoding=\"async\" width=\"1024\" height=\"683\" src=\"https:\/\/marcali.plebania.hu\/wp-content\/uploads\/2022\/08\/13-1024x683.jpg\" alt=\"\" data-id=\"3837\" data-link=\"https:\/\/marcali.plebania.hu\/?attachment_id=3837\" class=\"wp-image-3837\" srcset=\"https:\/\/marcali.plebania.hu\/wp-content\/uploads\/2022\/08\/13-1024x683.jpg 1024w, https:\/\/marcali.plebania.hu\/wp-content\/uploads\/2022\/08\/13-300x200.jpg 300w, https:\/\/marcali.plebania.hu\/wp-content\/uploads\/2022\/08\/13-768x512.jpg 768w, https:\/\/marcali.plebania.hu\/wp-content\/uploads\/2022\/08\/13-1536x1024.jpg 1536w, https:\/\/marcali.plebania.hu\/wp-content\/uploads\/2022\/08\/13-2048x1365.jpg 2048w, https:\/\/marcali.plebania.hu\/wp-content\/uploads\/2022\/08\/13-405x270.jpg 405w\" sizes=\"auto, (max-width: 1024px) 100vw, 1024px\" \/><\/figure><\/li><li class=\"blocks-gallery-item\"><figure><img loading=\"lazy\" decoding=\"async\" width=\"1024\" height=\"683\" src=\"https:\/\/marcali.plebania.hu\/wp-content\/uploads\/2022\/08\/27-1024x683.jpg\" alt=\"\" data-id=\"3838\" data-link=\"https:\/\/marcali.plebania.hu\/?attachment_id=3838\" class=\"wp-image-3838\" srcset=\"https:\/\/marcali.plebania.hu\/wp-content\/uploads\/2022\/08\/27-1024x683.jpg 1024w, https:\/\/marcali.plebania.hu\/wp-content\/uploads\/2022\/08\/27-300x200.jpg 300w, https:\/\/marcali.plebania.hu\/wp-content\/uploads\/2022\/08\/27-768x512.jpg 768w, https:\/\/marcali.plebania.hu\/wp-content\/uploads\/2022\/08\/27-1536x1024.jpg 1536w, https:\/\/marcali.plebania.hu\/wp-content\/uploads\/2022\/08\/27-2048x1365.jpg 2048w, https:\/\/marcali.plebania.hu\/wp-content\/uploads\/2022\/08\/27-405x270.jpg 405w\" sizes=\"auto, (max-width: 1024px) 100vw, 1024px\" \/><\/figure><\/li><li class=\"blocks-gallery-item\"><figure><img loading=\"lazy\" decoding=\"async\" width=\"1024\" height=\"683\" src=\"https:\/\/marcali.plebania.hu\/wp-content\/uploads\/2022\/08\/30-1-1024x683.jpg\" alt=\"\" data-id=\"3840\" data-link=\"https:\/\/marcali.plebania.hu\/?attachment_id=3840\" class=\"wp-image-3840\" srcset=\"https:\/\/marcali.plebania.hu\/wp-content\/uploads\/2022\/08\/30-1-1024x683.jpg 1024w, https:\/\/marcali.plebania.hu\/wp-content\/uploads\/2022\/08\/30-1-300x200.jpg 300w, https:\/\/marcali.plebania.hu\/wp-content\/uploads\/2022\/08\/30-1-768x512.jpg 768w, https:\/\/marcali.plebania.hu\/wp-content\/uploads\/2022\/08\/30-1-1536x1024.jpg 1536w, https:\/\/marcali.plebania.hu\/wp-content\/uploads\/2022\/08\/30-1-2048x1365.jpg 2048w, https:\/\/marcali.plebania.hu\/wp-content\/uploads\/2022\/08\/30-1-405x270.jpg 405w\" sizes=\"auto, (max-width: 1024px) 100vw, 1024px\" \/><\/figure><\/li><li class=\"blocks-gallery-item\"><figure><img loading=\"lazy\" decoding=\"async\" width=\"1024\" height=\"683\" src=\"https:\/\/marcali.plebania.hu\/wp-content\/uploads\/2022\/08\/33-1024x683.jpg\" alt=\"\" data-id=\"3841\" data-full-url=\"https:\/\/marcali.plebania.hu\/wp-content\/uploads\/2022\/08\/33-scaled.jpg\" data-link=\"https:\/\/marcali.plebania.hu\/?attachment_id=3841\" class=\"wp-image-3841\" srcset=\"https:\/\/marcali.plebania.hu\/wp-content\/uploads\/2022\/08\/33-1024x683.jpg 1024w, https:\/\/marcali.plebania.hu\/wp-content\/uploads\/2022\/08\/33-300x200.jpg 300w, https:\/\/marcali.plebania.hu\/wp-content\/uploads\/2022\/08\/33-768x512.jpg 768w, https:\/\/marcali.plebania.hu\/wp-content\/uploads\/2022\/08\/33-1536x1024.jpg 1536w, https:\/\/marcali.plebania.hu\/wp-content\/uploads\/2022\/08\/33-2048x1365.jpg 2048w, https:\/\/marcali.plebania.hu\/wp-content\/uploads\/2022\/08\/33-405x270.jpg 405w\" sizes=\"auto, (max-width: 1024px) 100vw, 1024px\" \/><\/figure><\/li><\/ul><\/figure>\n\n\n\n<p>Ezut\u00e1n dr. S\u00fct\u0151 L\u00e1szl\u00f3, Marcali v\u00e1ros polg\u00e1rmestere megszegte \u00e9s az imak\u00f6ri tagok seg\u00edts\u00e9g\u00e9vel kiosztotta a meg\u00e1ldott kenyeret a jelenl\u00e9v\u0151knek.<\/p>\n\n\n\n<figure class=\"wp-block-gallery columns-3 is-cropped wp-block-gallery-5 is-layout-flex wp-block-gallery-is-layout-flex\"><ul class=\"blocks-gallery-grid\"><li class=\"blocks-gallery-item\"><figure><img loading=\"lazy\" decoding=\"async\" width=\"1024\" height=\"683\" src=\"https:\/\/marcali.plebania.hu\/wp-content\/uploads\/2022\/08\/10-1-1024x683.jpg\" alt=\"\" data-id=\"3842\" data-link=\"https:\/\/marcali.plebania.hu\/?attachment_id=3842\" class=\"wp-image-3842\" srcset=\"https:\/\/marcali.plebania.hu\/wp-content\/uploads\/2022\/08\/10-1-1024x683.jpg 1024w, https:\/\/marcali.plebania.hu\/wp-content\/uploads\/2022\/08\/10-1-300x200.jpg 300w, https:\/\/marcali.plebania.hu\/wp-content\/uploads\/2022\/08\/10-1-768x512.jpg 768w, https:\/\/marcali.plebania.hu\/wp-content\/uploads\/2022\/08\/10-1-1536x1024.jpg 1536w, https:\/\/marcali.plebania.hu\/wp-content\/uploads\/2022\/08\/10-1-2048x1365.jpg 2048w, https:\/\/marcali.plebania.hu\/wp-content\/uploads\/2022\/08\/10-1-405x270.jpg 405w\" sizes=\"auto, (max-width: 1024px) 100vw, 1024px\" \/><\/figure><\/li><li class=\"blocks-gallery-item\"><figure><img loading=\"lazy\" decoding=\"async\" width=\"1024\" height=\"683\" src=\"https:\/\/marcali.plebania.hu\/wp-content\/uploads\/2022\/08\/21-1024x683.jpg\" alt=\"\" data-id=\"3843\" data-link=\"https:\/\/marcali.plebania.hu\/?attachment_id=3843\" class=\"wp-image-3843\" srcset=\"https:\/\/marcali.plebania.hu\/wp-content\/uploads\/2022\/08\/21-1024x683.jpg 1024w, https:\/\/marcali.plebania.hu\/wp-content\/uploads\/2022\/08\/21-300x200.jpg 300w, https:\/\/marcali.plebania.hu\/wp-content\/uploads\/2022\/08\/21-768x512.jpg 768w, https:\/\/marcali.plebania.hu\/wp-content\/uploads\/2022\/08\/21-1536x1024.jpg 1536w, https:\/\/marcali.plebania.hu\/wp-content\/uploads\/2022\/08\/21-2048x1365.jpg 2048w, https:\/\/marcali.plebania.hu\/wp-content\/uploads\/2022\/08\/21-405x270.jpg 405w\" sizes=\"auto, (max-width: 1024px) 100vw, 1024px\" \/><\/figure><\/li><li class=\"blocks-gallery-item\"><figure><img loading=\"lazy\" decoding=\"async\" width=\"1024\" height=\"683\" src=\"https:\/\/marcali.plebania.hu\/wp-content\/uploads\/2022\/08\/32-1024x683.jpg\" alt=\"\" data-id=\"3844\" data-link=\"https:\/\/marcali.plebania.hu\/?attachment_id=3844\" class=\"wp-image-3844\" srcset=\"https:\/\/marcali.plebania.hu\/wp-content\/uploads\/2022\/08\/32-1024x683.jpg 1024w, https:\/\/marcali.plebania.hu\/wp-content\/uploads\/2022\/08\/32-300x200.jpg 300w, https:\/\/marcali.plebania.hu\/wp-content\/uploads\/2022\/08\/32-768x512.jpg 768w, https:\/\/marcali.plebania.hu\/wp-content\/uploads\/2022\/08\/32-1536x1024.jpg 1536w, https:\/\/marcali.plebania.hu\/wp-content\/uploads\/2022\/08\/32-2048x1365.jpg 2048w, https:\/\/marcali.plebania.hu\/wp-content\/uploads\/2022\/08\/32-405x270.jpg 405w\" sizes=\"auto, (max-width: 1024px) 100vw, 1024px\" \/><\/figure><\/li><li class=\"blocks-gallery-item\"><figure><img loading=\"lazy\" decoding=\"async\" width=\"1024\" height=\"683\" src=\"https:\/\/marcali.plebania.hu\/wp-content\/uploads\/2022\/08\/35-1024x683.jpg\" alt=\"\" data-id=\"3845\" data-full-url=\"https:\/\/marcali.plebania.hu\/wp-content\/uploads\/2022\/08\/35-scaled.jpg\" data-link=\"https:\/\/marcali.plebania.hu\/?attachment_id=3845\" class=\"wp-image-3845\" srcset=\"https:\/\/marcali.plebania.hu\/wp-content\/uploads\/2022\/08\/35-1024x683.jpg 1024w, https:\/\/marcali.plebania.hu\/wp-content\/uploads\/2022\/08\/35-300x200.jpg 300w, https:\/\/marcali.plebania.hu\/wp-content\/uploads\/2022\/08\/35-768x512.jpg 768w, https:\/\/marcali.plebania.hu\/wp-content\/uploads\/2022\/08\/35-1536x1024.jpg 1536w, https:\/\/marcali.plebania.hu\/wp-content\/uploads\/2022\/08\/35-2048x1365.jpg 2048w, https:\/\/marcali.plebania.hu\/wp-content\/uploads\/2022\/08\/35-405x270.jpg 405w\" sizes=\"auto, (max-width: 1024px) 100vw, 1024px\" \/><\/figure><\/li><\/ul><\/figure>\n","protected":false},"excerpt":{"rendered":"<p>2022. augusztus 20-\u00e1n, szombaton a 9 \u00f3r\u00e1s szentmis\u00e9vel az \u00e1llamalap\u00edt\u00f3 Szent Istv\u00e1n kir\u00e1lyra \u00e9s az \u00faj keny\u00e9rre eml\u00e9keztek \u00fcnnepi szentmis\u00e9vel \u00e9s keny\u00e9rmeg\u00e1ld\u00e1ssal a Gy\u00fcm\u00f6lcsolt\u00f3 Boldogasszony Pl\u00e9b\u00e1niatemplomban. Az istentiszteletet Kiss Iv\u00e1n c\u00edmzetes pr\u00e9post, pl\u00e9b\u00e1nos celebr\u00e1lta, aki szentbesz\u00e9d\u00e9ben az \u00e1llamalap\u00edt\u00f3 kir\u00e1lyunk t\u00f6rt\u00e9nelmi szerep\u00e9t, nagys\u00e1g\u00e1t, \u00e9s szem\u00e9lyis\u00e9g\u00e9t m\u00e9ltatta. A szentmis\u00e9n T\u00f3th Eszter \u00c1gnes, gimn\u00e1ziumi tanul\u00f3 T\u0171z Tam\u00e1s: Szent Istv\u00e1n kir\u00e1ly c\u00edm\u0171 vers\u00e9t mondta el. K\u00f6zrem\u0171k\u00f6d\u00f6tt a F\u00e9ny Gyermekei Katolikus Zenekar, akiket Balogh B\u00e1lint k\u00e1ntor szintetiz\u00e1torral, J\u00e1ki Zolt\u00e1n pedig heged\u0171vel k\u00eds\u00e9rt. A szentmis\u00e9t k\u00f6vet\u0151en&#8230;<\/p>\n<p class=\"read-more\"><a class=\"btn btn-default\" href=\"https:\/\/marcali.plebania.hu\/?p=3823\"> Read More<span class=\"screen-reader-text\">  Read More<\/span><\/a><\/p>\n","protected":false},"author":2,"featured_media":0,"comment_status":"closed","ping_status":"open","sticky":false,"template":"","format":"standard","meta":{"footnotes":""},"categories":[1],"tags":[],"class_list":["post-3823","post","type-post","status-publish","format-standard","hentry","category-egyeb"],"_links":{"self":[{"href":"https:\/\/marcali.plebania.hu\/index.php?rest_route=\/wp\/v2\/posts\/3823","targetHints":{"allow":["GET"]}}],"collection":[{"href":"https:\/\/marcali.plebania.hu\/index.php?rest_route=\/wp\/v2\/posts"}],"about":[{"href":"https:\/\/marcali.plebania.hu\/index.php?rest_route=\/wp\/v2\/types\/post"}],"author":[{"embeddable":true,"href":"https:\/\/marcali.plebania.hu\/index.php?rest_route=\/wp\/v2\/users\/2"}],"replies":[{"embeddable":true,"href":"https:\/\/marcali.plebania.hu\/index.php?rest_route=%2Fwp%2Fv2%2Fcomments&post=3823"}],"version-history":[{"count":1,"href":"https:\/\/marcali.plebania.hu\/index.php?rest_route=\/wp\/v2\/posts\/3823\/revisions"}],"predecessor-version":[{"id":3846,"href":"https:\/\/marcali.plebania.hu\/index.php?rest_route=\/wp\/v2\/posts\/3823\/revisions\/3846"}],"wp:attachment":[{"href":"https:\/\/marcali.plebania.hu\/index.php?rest_route=%2Fwp%2Fv2%2Fmedia&parent=3823"}],"wp:term":[{"taxonomy":"category","embeddable":true,"href":"https:\/\/marcali.plebania.hu\/index.php?rest_route=%2Fwp%2Fv2%2Fcategories&post=3823"},{"taxonomy":"post_tag","embeddable":true,"href":"https:\/\/marcali.plebania.hu\/index.php?rest_route=%2Fwp%2Fv2%2Ftags&post=3823"}],"curies":[{"name":"wp","href":"https:\/\/api.w.org\/{rel}","templated":true}]}}