{"id":3847,"date":"2022-08-26T09:50:49","date_gmt":"2022-08-26T09:50:49","guid":{"rendered":"https:\/\/marcali.plebania.hu\/?p=3847"},"modified":"2022-08-26T09:50:49","modified_gmt":"2022-08-26T09:50:49","slug":"hirdetesek-2022-08-28","status":"publish","type":"post","link":"https:\/\/marcali.plebania.hu\/?p=3847","title":{"rendered":"Hirdet\u00e9sek, 2022. 08. 28."},"content":{"rendered":"\n<ol class=\"wp-block-list\"><li>Ma van az \u00e9vk\u00f6zi 22. vas\u00e1rnap.<\/li><li>A j\u00f6v\u0151 h\u00e9ten, p\u00e9nteken els\u0151 p\u00e9ntek 16.30-kor\nszents\u00e9gim\u00e1d\u00e1s (k\u00f6zben gy\u00f3ntat\u00e1s), 18 \u00f3rakor szentmise.<\/li><li>P\u00e9nteken 18 \u00f3rakor lesz a temet\u00e9si mis\u00e9je Michel M\u00e1ria\ndoktorn\u0151nek. Urn\u00e1j\u00e1t a csal\u00e1dja elhozza ide a pl\u00e9b\u00e1niatemplomba, amit az olt\u00e1r\nel\u00e9 egy kis asztalra feltesz\u00fcnk. Az asztal mellett v\u00e1z\u00e1k lesznek \u00e9s ezekbe a v\u00e1z\u00e1kba\nlehet elhelyezni az egy sz\u00e1l vir\u00e1got a jelenl\u00e9v\u0151knek. A hozz\u00e1tartoz\u00f3k azt\nk\u00e9rt\u00e9k, hogy a jelenl\u00e9v\u0151 gy\u00e1szol\u00f3k egy sz\u00e1l vir\u00e1ggal b\u00facs\u00fazzanak a doktorn\u0151t\u0151l.\nA szentmise v\u00e9g\u00e9n elv\u00e9gezz\u00fck a b\u00facs\u00faztat\u00e1si szertart\u00e1st.<\/li><li>A j\u00f6v\u0151 h\u00e9ten megkezd\u0151dik a tan\u00e9v Marcali iskol\u00e1iban. A\nhittank\u00f6nyveket a gyermekek a legels\u0151 hittan\u00f3r\u00e1n vehetik \u00e1t a hitoktat\u00f3kt\u00f3l. A\ntan\u00e9vkezd\u0151 szentmise tervezett id\u0151pontja szeptember 11-ke, 9 \u00f3rakor a\npl\u00e9b\u00e1niatemplomban.<\/li><li>A K\u00c9SZ Marcali Csoportja zar\u00e1ndoklatot szervez\nszeptember 17-\u00e9n Balatonf\u00fcred-Balatonalm\u00e1di-S\u00f3ly-\u00d6sk\u00fc-V\u00e1rpalota \u00fati c\u00e9llal. A\nzar\u00e1ndoklatra b\u00e1rki jelentkezhet. Az \u00fatik\u00f6lts\u00e9g: 6.000- Ft\/f\u0151. A K\u00c9SZ tagoknak\na buszk\u00f6lts\u00e9g: 2.000- Ft\/f\u0151. Jelentkezni S\u00e1voly Andre\u00e1n\u00e1l vagy a pl\u00e9b\u00e1ni\u00e1n\nlehet.<\/li><li>V\u00e1rhat\u00f3an szeptember k\u00f6zep\u00e9n elkezd\u0151dik a pl\u00e9b\u00e1nia\nh\u00e1ts\u00f3 r\u00e9sz\u00e9nek a tet\u0151 cser\u00e9je.<\/li><li>A Kaposv\u00e1ri P\u00fcsp\u00f6ks\u00e9g Evangeliz\u00e1ci\u00f3s K\u00f6zpontja\nSzentl\u00e9lek szemin\u00e1riumot hirdet Marcaliban kiz\u00e1r\u00f3lag f\u00e9rfiak r\u00e9sz\u00e9re. A\nszemin\u00e1rium okt\u00f3ber 3-\u00e1n kezd\u0151dik \u00e9s november 28-ig tart. Jelentkezni legk\u00e9s\u0151bb\nszeptember 25-ig Kir\u00e1ly Jen\u0151n\u00e9l lehet, \u00e9s jelentkez\u00e9si lapot kell leadni\nszeptember 25-ig. A jelentkez\u00e9si lap vagy a pl\u00e9b\u00e1ni\u00e1n vagy a sekresty\u00e9ben\n\u00e1tvehet\u0151.<\/li><\/ol>\n","protected":false},"excerpt":{"rendered":"<p>Ma van az \u00e9vk\u00f6zi 22. vas\u00e1rnap. A j\u00f6v\u0151 h\u00e9ten, p\u00e9nteken els\u0151 p\u00e9ntek 16.30-kor szents\u00e9gim\u00e1d\u00e1s (k\u00f6zben gy\u00f3ntat\u00e1s), 18 \u00f3rakor szentmise. P\u00e9nteken 18 \u00f3rakor lesz a temet\u00e9si mis\u00e9je Michel M\u00e1ria doktorn\u0151nek. Urn\u00e1j\u00e1t a csal\u00e1dja elhozza ide a pl\u00e9b\u00e1niatemplomba, amit az olt\u00e1r el\u00e9 egy kis asztalra feltesz\u00fcnk. Az asztal mellett v\u00e1z\u00e1k lesznek \u00e9s ezekbe a v\u00e1z\u00e1kba lehet elhelyezni az egy sz\u00e1l vir\u00e1got a jelenl\u00e9v\u0151knek. A hozz\u00e1tartoz\u00f3k azt k\u00e9rt\u00e9k, hogy a jelenl\u00e9v\u0151 gy\u00e1szol\u00f3k egy sz\u00e1l vir\u00e1ggal b\u00facs\u00fazzanak a doktorn\u0151t\u0151l. A szentmise v\u00e9g\u00e9n elv\u00e9gezz\u00fck a&#8230;<\/p>\n<p class=\"read-more\"><a class=\"btn btn-default\" href=\"https:\/\/marcali.plebania.hu\/?p=3847\"> Read More<span class=\"screen-reader-text\">  Read More<\/span><\/a><\/p>\n","protected":false},"author":2,"featured_media":0,"comment_status":"closed","ping_status":"open","sticky":false,"template":"","format":"standard","meta":{"footnotes":""},"categories":[1],"tags":[],"class_list":["post-3847","post","type-post","status-publish","format-standard","hentry","category-egyeb"],"_links":{"self":[{"href":"https:\/\/marcali.plebania.hu\/index.php?rest_route=\/wp\/v2\/posts\/3847","targetHints":{"allow":["GET"]}}],"collection":[{"href":"https:\/\/marcali.plebania.hu\/index.php?rest_route=\/wp\/v2\/posts"}],"about":[{"href":"https:\/\/marcali.plebania.hu\/index.php?rest_route=\/wp\/v2\/types\/post"}],"author":[{"embeddable":true,"href":"https:\/\/marcali.plebania.hu\/index.php?rest_route=\/wp\/v2\/users\/2"}],"replies":[{"embeddable":true,"href":"https:\/\/marcali.plebania.hu\/index.php?rest_route=%2Fwp%2Fv2%2Fcomments&post=3847"}],"version-history":[{"count":1,"href":"https:\/\/marcali.plebania.hu\/index.php?rest_route=\/wp\/v2\/posts\/3847\/revisions"}],"predecessor-version":[{"id":3848,"href":"https:\/\/marcali.plebania.hu\/index.php?rest_route=\/wp\/v2\/posts\/3847\/revisions\/3848"}],"wp:attachment":[{"href":"https:\/\/marcali.plebania.hu\/index.php?rest_route=%2Fwp%2Fv2%2Fmedia&parent=3847"}],"wp:term":[{"taxonomy":"category","embeddable":true,"href":"https:\/\/marcali.plebania.hu\/index.php?rest_route=%2Fwp%2Fv2%2Fcategories&post=3847"},{"taxonomy":"post_tag","embeddable":true,"href":"https:\/\/marcali.plebania.hu\/index.php?rest_route=%2Fwp%2Fv2%2Ftags&post=3847"}],"curies":[{"name":"wp","href":"https:\/\/api.w.org\/{rel}","templated":true}]}}