{"id":3849,"date":"2022-08-26T09:51:24","date_gmt":"2022-08-26T09:51:24","guid":{"rendered":"https:\/\/marcali.plebania.hu\/?p=3849"},"modified":"2022-08-26T09:52:31","modified_gmt":"2022-08-26T09:52:31","slug":"folytatodik-a-plebania-felujitasa","status":"publish","type":"post","link":"https:\/\/marcali.plebania.hu\/?p=3849","title":{"rendered":"Folytat\u00f3dik a Pl\u00e9b\u00e1nia fel\u00faj\u00edt\u00e1sa"},"content":{"rendered":"\n<p>Meg\u00e9rkezett a tet\u0151cser\u00e9p a Marcali R\u00f3mai Katolikus Pl\u00e9b\u00e1nia \u00e9p\u00fclet\u00e9nek h\u00e1ts\u00f3 (keleti) tet\u0151cser\u00e9j\u00e9hez.<\/p>\n\n\n\n<figure class=\"wp-block-gallery columns-3 is-cropped wp-block-gallery-1 is-layout-flex wp-block-gallery-is-layout-flex\"><ul class=\"blocks-gallery-grid\"><li class=\"blocks-gallery-item\"><figure><img loading=\"lazy\" decoding=\"async\" width=\"1024\" height=\"768\" src=\"https:\/\/marcali.plebania.hu\/wp-content\/uploads\/2022\/08\/IMG_1675-1024x768.jpg\" alt=\"\" data-id=\"3851\" data-link=\"https:\/\/marcali.plebania.hu\/index.php\/2022\/08\/26\/folytatodik-a-plebania-felujitasa\/img_1675\/\" class=\"wp-image-3851\" srcset=\"https:\/\/marcali.plebania.hu\/wp-content\/uploads\/2022\/08\/IMG_1675-1024x768.jpg 1024w, https:\/\/marcali.plebania.hu\/wp-content\/uploads\/2022\/08\/IMG_1675-300x225.jpg 300w, https:\/\/marcali.plebania.hu\/wp-content\/uploads\/2022\/08\/IMG_1675-768x576.jpg 768w, https:\/\/marcali.plebania.hu\/wp-content\/uploads\/2022\/08\/IMG_1675-1536x1152.jpg 1536w, https:\/\/marcali.plebania.hu\/wp-content\/uploads\/2022\/08\/IMG_1675-360x270.jpg 360w, https:\/\/marcali.plebania.hu\/wp-content\/uploads\/2022\/08\/IMG_1675.jpg 1632w\" sizes=\"auto, (max-width: 1024px) 100vw, 1024px\" \/><\/figure><\/li><li class=\"blocks-gallery-item\"><figure><img loading=\"lazy\" decoding=\"async\" width=\"1024\" height=\"768\" src=\"https:\/\/marcali.plebania.hu\/wp-content\/uploads\/2022\/08\/IMG_1677-1024x768.jpg\" alt=\"\" data-id=\"3852\" data-link=\"https:\/\/marcali.plebania.hu\/index.php\/2022\/08\/26\/folytatodik-a-plebania-felujitasa\/img_1677\/\" class=\"wp-image-3852\" srcset=\"https:\/\/marcali.plebania.hu\/wp-content\/uploads\/2022\/08\/IMG_1677-1024x768.jpg 1024w, https:\/\/marcali.plebania.hu\/wp-content\/uploads\/2022\/08\/IMG_1677-300x225.jpg 300w, https:\/\/marcali.plebania.hu\/wp-content\/uploads\/2022\/08\/IMG_1677-768x576.jpg 768w, https:\/\/marcali.plebania.hu\/wp-content\/uploads\/2022\/08\/IMG_1677-1536x1152.jpg 1536w, https:\/\/marcali.plebania.hu\/wp-content\/uploads\/2022\/08\/IMG_1677-360x270.jpg 360w, https:\/\/marcali.plebania.hu\/wp-content\/uploads\/2022\/08\/IMG_1677.jpg 1632w\" sizes=\"auto, (max-width: 1024px) 100vw, 1024px\" \/><\/figure><\/li><li class=\"blocks-gallery-item\"><figure><img loading=\"lazy\" decoding=\"async\" width=\"1024\" height=\"768\" src=\"https:\/\/marcali.plebania.hu\/wp-content\/uploads\/2022\/08\/IMG_1680-1024x768.jpg\" alt=\"\" data-id=\"3853\" data-link=\"https:\/\/marcali.plebania.hu\/index.php\/2022\/08\/26\/folytatodik-a-plebania-felujitasa\/img_1680\/\" class=\"wp-image-3853\" srcset=\"https:\/\/marcali.plebania.hu\/wp-content\/uploads\/2022\/08\/IMG_1680-1024x768.jpg 1024w, https:\/\/marcali.plebania.hu\/wp-content\/uploads\/2022\/08\/IMG_1680-300x225.jpg 300w, https:\/\/marcali.plebania.hu\/wp-content\/uploads\/2022\/08\/IMG_1680-768x576.jpg 768w, https:\/\/marcali.plebania.hu\/wp-content\/uploads\/2022\/08\/IMG_1680-1536x1152.jpg 1536w, https:\/\/marcali.plebania.hu\/wp-content\/uploads\/2022\/08\/IMG_1680-360x270.jpg 360w, https:\/\/marcali.plebania.hu\/wp-content\/uploads\/2022\/08\/IMG_1680.jpg 1632w\" sizes=\"auto, (max-width: 1024px) 100vw, 1024px\" \/><\/figure><\/li><li class=\"blocks-gallery-item\"><figure><img loading=\"lazy\" decoding=\"async\" width=\"1024\" height=\"768\" src=\"https:\/\/marcali.plebania.hu\/wp-content\/uploads\/2022\/08\/IMG_1684-1024x768.jpg\" alt=\"\" data-id=\"3854\" data-full-url=\"https:\/\/marcali.plebania.hu\/wp-content\/uploads\/2022\/08\/IMG_1684.jpg\" data-link=\"https:\/\/marcali.plebania.hu\/index.php\/2022\/08\/26\/folytatodik-a-plebania-felujitasa\/img_1684\/\" class=\"wp-image-3854\" srcset=\"https:\/\/marcali.plebania.hu\/wp-content\/uploads\/2022\/08\/IMG_1684-1024x768.jpg 1024w, https:\/\/marcali.plebania.hu\/wp-content\/uploads\/2022\/08\/IMG_1684-300x225.jpg 300w, https:\/\/marcali.plebania.hu\/wp-content\/uploads\/2022\/08\/IMG_1684-768x576.jpg 768w, https:\/\/marcali.plebania.hu\/wp-content\/uploads\/2022\/08\/IMG_1684-1536x1152.jpg 1536w, https:\/\/marcali.plebania.hu\/wp-content\/uploads\/2022\/08\/IMG_1684-360x270.jpg 360w, https:\/\/marcali.plebania.hu\/wp-content\/uploads\/2022\/08\/IMG_1684.jpg 1632w\" sizes=\"auto, (max-width: 1024px) 100vw, 1024px\" \/><\/figure><\/li><\/ul><\/figure>\n\n\n\n<p>A m\u0171eml\u00e9k \u00e9p\u00fclethez csak a Nemzeti \u00d6r\u00f6ks\u00e9gv\u00e9delmi Hivatal \u00e1ltal enged\u00e9lyezett anyagokat lehet haszn\u00e1lni. A Pilis \u00edvesv\u00e1g\u00e1s\u00fa t\u00e9glav\u00f6r\u00f6s alapcser\u00e9pb\u0151l \u00f6sszesen 4.580 db-ot hoztak a hozz\u00e1 tartoz\u00f3 szell\u0151z\u0151 cserepekkel, valamint f\u00e9m h\u00f3fog\u00f3kkal egy\u00fctt, melyek 15 raklapot tesznek ki.<\/p>\n\n\n\n<figure class=\"wp-block-gallery columns-1 is-cropped wp-block-gallery-2 is-layout-flex wp-block-gallery-is-layout-flex\"><ul class=\"blocks-gallery-grid\"><li class=\"blocks-gallery-item\"><figure><img loading=\"lazy\" decoding=\"async\" width=\"1024\" height=\"768\" src=\"https:\/\/marcali.plebania.hu\/wp-content\/uploads\/2022\/08\/IMG_1685-1024x768.jpg\" alt=\"\" data-id=\"3855\" data-full-url=\"https:\/\/marcali.plebania.hu\/wp-content\/uploads\/2022\/08\/IMG_1685.jpg\" data-link=\"https:\/\/marcali.plebania.hu\/index.php\/2022\/08\/26\/folytatodik-a-plebania-felujitasa\/img_1685\/\" class=\"wp-image-3855\" srcset=\"https:\/\/marcali.plebania.hu\/wp-content\/uploads\/2022\/08\/IMG_1685-1024x768.jpg 1024w, https:\/\/marcali.plebania.hu\/wp-content\/uploads\/2022\/08\/IMG_1685-300x225.jpg 300w, https:\/\/marcali.plebania.hu\/wp-content\/uploads\/2022\/08\/IMG_1685-768x576.jpg 768w, https:\/\/marcali.plebania.hu\/wp-content\/uploads\/2022\/08\/IMG_1685-1536x1152.jpg 1536w, https:\/\/marcali.plebania.hu\/wp-content\/uploads\/2022\/08\/IMG_1685-360x270.jpg 360w, https:\/\/marcali.plebania.hu\/wp-content\/uploads\/2022\/08\/IMG_1685.jpg 1632w\" sizes=\"auto, (max-width: 1024px) 100vw, 1024px\" \/><\/figure><\/li><\/ul><\/figure>\n\n\n\n<p>Az\n\u00e9p\u00fclet t\u00e9rre n\u00e9z\u0151 (nyugati) oldala m\u00e1r \u00e9vekkel ezel\u0151tt meg\u00fajult. A mostani\nfel\u00faj\u00edt\u00e1shoz a Marcali V\u00e1rosi \u00d6nkorm\u00e1nyzat is hozz\u00e1j\u00e1rult 1.5 milli\u00f3 forinttal.\nA fennmarad\u00f3 t\u00f6bb milli\u00f3s \u00f6sszeget a h\u00edvek adom\u00e1ny\u00e1b\u00f3l fedezz\u00fck.<\/p>\n\n\n\n<p>A\nmunk\u00e1k v\u00e1rhat\u00f3an szeptemberben kezd\u0151dhetnek el.<\/p>\n","protected":false},"excerpt":{"rendered":"<p>Meg\u00e9rkezett a tet\u0151cser\u00e9p a Marcali R\u00f3mai Katolikus Pl\u00e9b\u00e1nia \u00e9p\u00fclet\u00e9nek h\u00e1ts\u00f3 (keleti) tet\u0151cser\u00e9j\u00e9hez. A m\u0171eml\u00e9k \u00e9p\u00fclethez csak a Nemzeti \u00d6r\u00f6ks\u00e9gv\u00e9delmi Hivatal \u00e1ltal enged\u00e9lyezett anyagokat lehet haszn\u00e1lni. A Pilis \u00edvesv\u00e1g\u00e1s\u00fa t\u00e9glav\u00f6r\u00f6s alapcser\u00e9pb\u0151l \u00f6sszesen 4.580 db-ot hoztak a hozz\u00e1 tartoz\u00f3 szell\u0151z\u0151 cserepekkel, valamint f\u00e9m h\u00f3fog\u00f3kkal egy\u00fctt, melyek 15 raklapot tesznek ki. Az \u00e9p\u00fclet t\u00e9rre n\u00e9z\u0151 (nyugati) oldala m\u00e1r \u00e9vekkel ezel\u0151tt meg\u00fajult. A mostani fel\u00faj\u00edt\u00e1shoz a Marcali V\u00e1rosi \u00d6nkorm\u00e1nyzat is hozz\u00e1j\u00e1rult 1.5 milli\u00f3 forinttal. A fennmarad\u00f3 t\u00f6bb milli\u00f3s \u00f6sszeget a h\u00edvek adom\u00e1ny\u00e1b\u00f3l fedezz\u00fck. A&#8230;<\/p>\n<p class=\"read-more\"><a class=\"btn btn-default\" href=\"https:\/\/marcali.plebania.hu\/?p=3849\"> Read More<span class=\"screen-reader-text\">  Read More<\/span><\/a><\/p>\n","protected":false},"author":2,"featured_media":0,"comment_status":"closed","ping_status":"open","sticky":false,"template":"","format":"standard","meta":{"footnotes":""},"categories":[1],"tags":[],"class_list":["post-3849","post","type-post","status-publish","format-standard","hentry","category-egyeb"],"_links":{"self":[{"href":"https:\/\/marcali.plebania.hu\/index.php?rest_route=\/wp\/v2\/posts\/3849","targetHints":{"allow":["GET"]}}],"collection":[{"href":"https:\/\/marcali.plebania.hu\/index.php?rest_route=\/wp\/v2\/posts"}],"about":[{"href":"https:\/\/marcali.plebania.hu\/index.php?rest_route=\/wp\/v2\/types\/post"}],"author":[{"embeddable":true,"href":"https:\/\/marcali.plebania.hu\/index.php?rest_route=\/wp\/v2\/users\/2"}],"replies":[{"embeddable":true,"href":"https:\/\/marcali.plebania.hu\/index.php?rest_route=%2Fwp%2Fv2%2Fcomments&post=3849"}],"version-history":[{"count":2,"href":"https:\/\/marcali.plebania.hu\/index.php?rest_route=\/wp\/v2\/posts\/3849\/revisions"}],"predecessor-version":[{"id":3856,"href":"https:\/\/marcali.plebania.hu\/index.php?rest_route=\/wp\/v2\/posts\/3849\/revisions\/3856"}],"wp:attachment":[{"href":"https:\/\/marcali.plebania.hu\/index.php?rest_route=%2Fwp%2Fv2%2Fmedia&parent=3849"}],"wp:term":[{"taxonomy":"category","embeddable":true,"href":"https:\/\/marcali.plebania.hu\/index.php?rest_route=%2Fwp%2Fv2%2Fcategories&post=3849"},{"taxonomy":"post_tag","embeddable":true,"href":"https:\/\/marcali.plebania.hu\/index.php?rest_route=%2Fwp%2Fv2%2Ftags&post=3849"}],"curies":[{"name":"wp","href":"https:\/\/api.w.org\/{rel}","templated":true}]}}