{"id":3858,"date":"2022-09-02T08:20:41","date_gmt":"2022-09-02T08:20:41","guid":{"rendered":"https:\/\/marcali.plebania.hu\/?p=3858"},"modified":"2022-09-02T08:20:41","modified_gmt":"2022-09-02T08:20:41","slug":"hirdetesek-2022-09-04","status":"publish","type":"post","link":"https:\/\/marcali.plebania.hu\/?p=3858","title":{"rendered":"Hirdet\u00e9sek, 2022. 09. 04."},"content":{"rendered":"\n<ol class=\"wp-block-list\"><li>Ma van az \u00e9vk\u00f6zi 23. vas\u00e1rnap.<\/li><li>Szerd\u00e1n az esti szentmise 17.30 \u00f3rakor lesz. Szerd\u00e1n\n18 \u00f3r\u00e1ra \u00f6sszeh\u00edvtam az Egyh\u00e1zk\u00f6zs\u00e9g K\u00e9pvisel\u0151 Test\u00fclet\u00e9nek rendk\u00edv\u00fcli \u00fcl\u00e9s\u00e9t\naz X-h\u00e1z nagyterm\u00e9be.<\/li><li>Cs\u00fct\u00f6rt\u00f6k\u00f6n Kisboldogasszony \u00fcnnepe, este 18 \u00f3rakor\nszentmise.<\/li><li>P\u00e9nteken 17.30-kor szents\u00e9gim\u00e1d\u00e1s, 18 \u00f3rakor\nszentmise.<\/li><li>J\u00f6v\u0151 vas\u00e1rnap, szeptember 11-\u00e9n 9 \u00f3rakor kezd\u0151dik a tan\u00e9vkezd\u0151\nszentmise a pl\u00e9b\u00e1niatemplomban.<\/li><li>Id\u00e9n \u0151sszel orsz\u00e1gos n\u00e9psz\u00e1ml\u00e1l\u00e1st tartanak, melyben\nszerepel olyan k\u00e9rd\u00e9s is, hogy milyen felekezethez tartozunk. A k\u00e9rd\u00e9sre az \u00edven\n\u00fagy szerepel, hogy nem k\u00f6telez\u0151 r\u00e1 v\u00e1laszolni. K\u00e9rj\u00fck a v\u00e1ros lakoss\u00e1g\u00e1t \u00e9s\nminden katolikus testv\u00e9r\u00fcnket, hogy tekintse k\u00f6telez\u0151en megv\u00e1laszoland\u00f3\nk\u00e9rd\u00e9snek \u00e9s ezzel is vallja meg hit\u00e9t. Ett\u0151l a v\u00e1laszt\u00f3l is f\u00fcgg, hogy mennyi\nember vallja mag\u00e1t katolikusnak \u00e9s \u00edgy kezelnek benn\u00fcnket, hogy milyen\nsz\u00e1zal\u00e9kban vagyunk jelen a t\u00e1rsadalomban.<\/li><li>Szeptember 25-\u00e9n 11 \u00f3rakor az Orb\u00e1n k\u00e1poln\u00e1ban term\u00e9nybetakar\u00edt\u00f3\nh\u00e1laad\u00f3 szentmis\u00e9t mondunk.<\/li><li>A Kaposv\u00e1ri P\u00fcsp\u00f6ks\u00e9g Evangeliz\u00e1ci\u00f3s K\u00f6zpontja\nSzentl\u00e9lek szemin\u00e1riumot hirdet Marcaliban kiz\u00e1r\u00f3lag f\u00e9rfiak r\u00e9sz\u00e9re. A\nszemin\u00e1rium okt\u00f3ber 3-\u00e1n kezd\u0151dik \u00e9s november 28-ig tart. Jelentkezni legk\u00e9s\u0151bb\nszeptember 25-ig Kir\u00e1ly Jen\u0151n\u00e9l lehet, \u00e9s jelentkez\u00e9si lapot kell leadni\nszeptember 25-ig. A jelentkez\u00e9si lap vagy a pl\u00e9b\u00e1ni\u00e1n vagy a sekresty\u00e9ben\n\u00e1tvehet\u0151.<\/li><\/ol>\n","protected":false},"excerpt":{"rendered":"<p>Ma van az \u00e9vk\u00f6zi 23. vas\u00e1rnap. Szerd\u00e1n az esti szentmise 17.30 \u00f3rakor lesz. Szerd\u00e1n 18 \u00f3r\u00e1ra \u00f6sszeh\u00edvtam az Egyh\u00e1zk\u00f6zs\u00e9g K\u00e9pvisel\u0151 Test\u00fclet\u00e9nek rendk\u00edv\u00fcli \u00fcl\u00e9s\u00e9t az X-h\u00e1z nagyterm\u00e9be. Cs\u00fct\u00f6rt\u00f6k\u00f6n Kisboldogasszony \u00fcnnepe, este 18 \u00f3rakor szentmise. P\u00e9nteken 17.30-kor szents\u00e9gim\u00e1d\u00e1s, 18 \u00f3rakor szentmise. J\u00f6v\u0151 vas\u00e1rnap, szeptember 11-\u00e9n 9 \u00f3rakor kezd\u0151dik a tan\u00e9vkezd\u0151 szentmise a pl\u00e9b\u00e1niatemplomban. Id\u00e9n \u0151sszel orsz\u00e1gos n\u00e9psz\u00e1ml\u00e1l\u00e1st tartanak, melyben szerepel olyan k\u00e9rd\u00e9s is, hogy milyen felekezethez tartozunk. A k\u00e9rd\u00e9sre az \u00edven \u00fagy szerepel, hogy nem k\u00f6telez\u0151 r\u00e1 v\u00e1laszolni. K\u00e9rj\u00fck a v\u00e1ros lakoss\u00e1g\u00e1t&#8230;<\/p>\n<p class=\"read-more\"><a class=\"btn btn-default\" href=\"https:\/\/marcali.plebania.hu\/?p=3858\"> Read More<span class=\"screen-reader-text\">  Read More<\/span><\/a><\/p>\n","protected":false},"author":2,"featured_media":0,"comment_status":"closed","ping_status":"open","sticky":false,"template":"","format":"standard","meta":{"footnotes":""},"categories":[1],"tags":[],"class_list":["post-3858","post","type-post","status-publish","format-standard","hentry","category-egyeb"],"_links":{"self":[{"href":"https:\/\/marcali.plebania.hu\/index.php?rest_route=\/wp\/v2\/posts\/3858","targetHints":{"allow":["GET"]}}],"collection":[{"href":"https:\/\/marcali.plebania.hu\/index.php?rest_route=\/wp\/v2\/posts"}],"about":[{"href":"https:\/\/marcali.plebania.hu\/index.php?rest_route=\/wp\/v2\/types\/post"}],"author":[{"embeddable":true,"href":"https:\/\/marcali.plebania.hu\/index.php?rest_route=\/wp\/v2\/users\/2"}],"replies":[{"embeddable":true,"href":"https:\/\/marcali.plebania.hu\/index.php?rest_route=%2Fwp%2Fv2%2Fcomments&post=3858"}],"version-history":[{"count":1,"href":"https:\/\/marcali.plebania.hu\/index.php?rest_route=\/wp\/v2\/posts\/3858\/revisions"}],"predecessor-version":[{"id":3859,"href":"https:\/\/marcali.plebania.hu\/index.php?rest_route=\/wp\/v2\/posts\/3858\/revisions\/3859"}],"wp:attachment":[{"href":"https:\/\/marcali.plebania.hu\/index.php?rest_route=%2Fwp%2Fv2%2Fmedia&parent=3858"}],"wp:term":[{"taxonomy":"category","embeddable":true,"href":"https:\/\/marcali.plebania.hu\/index.php?rest_route=%2Fwp%2Fv2%2Fcategories&post=3858"},{"taxonomy":"post_tag","embeddable":true,"href":"https:\/\/marcali.plebania.hu\/index.php?rest_route=%2Fwp%2Fv2%2Ftags&post=3858"}],"curies":[{"name":"wp","href":"https:\/\/api.w.org\/{rel}","templated":true}]}}