{"id":3860,"date":"2022-09-09T08:02:20","date_gmt":"2022-09-09T08:02:20","guid":{"rendered":"https:\/\/marcali.plebania.hu\/?p=3860"},"modified":"2022-09-09T08:02:20","modified_gmt":"2022-09-09T08:02:20","slug":"hirdetesek-2022-09-11","status":"publish","type":"post","link":"https:\/\/marcali.plebania.hu\/?p=3860","title":{"rendered":"Hirdet\u00e9sek, 2022. 09. 11."},"content":{"rendered":"\n<ol class=\"wp-block-list\"><li>Ma van az \u00e9vk\u00f6zi 24. vas\u00e1rnap.<\/li><li>Az elm\u00falt h\u00e9ten \u00fcl\u00e9sezett az Egyh\u00e1zk\u00f6zs\u00e9g K\u00e9pvisel\u0151\nTest\u00fclete. A test\u00fclet, takar\u00e9koskod\u00e1sr\u00f3l d\u00f6nt\u00f6tt a rezsi \u00e1rak emelked\u00e9se miatt.\nA takar\u00e9koskod\u00e1s minden \u00e9p\u00fclet\u00fcnket \u00e9rinti: az X-h\u00e1zban a f\u0171t\u00e9si szezonban csak\na szolg\u00e1lati lak\u00e1st lehet haszn\u00e1lni (imak\u00f6r\u00f6k, fakultat\u00edv hittan,\ngyermekprogramok, f\u00e9rfik\u00f6r). Tov\u00e1bb\u00e1 az X-h\u00e1zat semmifajta rendezv\u00e9nyre nem\nadjuk b\u00e9rbe. A templomokban a f\u0171t\u00e9ssel pr\u00f3b\u00e1lunk takar\u00e9koskodni:\npl\u00e9b\u00e1niatemplomban lehet\u0151leg csak a villanyf\u0171t\u00e9st haszn\u00e1ljuk. A pl\u00e9b\u00e1ni\u00e1n is\ntakar\u00e9koskod\u00e1si int\u00e9zked\u00e9st vezett\u00fcnk be. A K\u00e9pvisel\u0151 Test\u00fclet foglalkozott az\nokt\u00f3ber 9-\u00e9n megtartand\u00f3 300 \u00e9ves \u00e9vfordul\u00f3s rendezv\u00e9nnyel. A tov\u00e1bbi napirendi\npontokban d\u00f6nt\u00f6tt\u00fcnk a B. Gizella templom altemplom\u00e1ban l\u00e9v\u0151 urnas\u00edrhelyek \u00faj\n\u00e1r\u00e1r\u00f3l: 400.000- Ft-ban hat\u00e1roztuk meg az elad\u00e1si \u00e1rat. A pl\u00e9b\u00e1nos \u00e9s a templom\ngondnok t\u00e1j\u00e9koztatta a test\u00fcletet a folyamatban l\u00e9v\u0151 pl\u00e9b\u00e1nia tet\u0151fed\u00e9s\u00e9nek\njelen \u00e1ll\u00e1s\u00e1r\u00f3l. Majd a hitoktat\u00f3k \u00e9s az egyh\u00e1zi ad\u00f3szed\u0151k besz\u00e1mol\u00f3ja\nk\u00f6vetkezett.<\/li><li>A j\u00f6v\u0151 h\u00e9ten, kedden 17 \u00f3rakor fatimai \u00e1jtatoss\u00e1got\ntartunk, 18 \u00f3rakor szentmise.<\/li><li>Id\u00e9n \u0151sszel orsz\u00e1gos n\u00e9psz\u00e1ml\u00e1l\u00e1st tartanak, melyben\nszerepel olyan k\u00e9rd\u00e9s is, hogy milyen felekezethez tartozunk. A k\u00e9rd\u00e9sre az\n\u00edven \u00fagy szerepel, hogy nem k\u00f6telez\u0151 r\u00e1 v\u00e1laszolni. K\u00e9rj\u00fck a v\u00e1ros lakoss\u00e1g\u00e1t\n\u00e9s minden katolikus testv\u00e9r\u00fcnket, hogy tekintse k\u00f6telez\u0151en megv\u00e1laszoland\u00f3\nk\u00e9rd\u00e9snek \u00e9s ezzel is vallja meg hit\u00e9t. Ett\u0151l a v\u00e1laszt\u00f3l is f\u00fcgg, hogy mennyi\nember vallja mag\u00e1t katolikusnak \u00e9s \u00edgy kezelnek benn\u00fcnket, hogy milyen\nsz\u00e1zal\u00e9kban vagyunk jelen a t\u00e1rsadalomban.<\/li><li>Szeptember 25-\u00e9n 11 \u00f3rakor az Orb\u00e1n k\u00e1poln\u00e1ban\nterm\u00e9nybetakar\u00edt\u00f3 h\u00e1laad\u00f3 szentmis\u00e9t mondunk.<\/li><li>A Kaposv\u00e1ri P\u00fcsp\u00f6ks\u00e9g Evangeliz\u00e1ci\u00f3s K\u00f6zpontja\nSzentl\u00e9lek szemin\u00e1riumot hirdet Marcaliban kiz\u00e1r\u00f3lag f\u00e9rfiak r\u00e9sz\u00e9re. A szemin\u00e1rium\nokt\u00f3ber 3-\u00e1n kezd\u0151dik \u00e9s november 28-ig tart. Jelentkezni legk\u00e9s\u0151bb szeptember\n25-ig Kir\u00e1ly Jen\u0151n\u00e9l lehet, \u00e9s jelentkez\u00e9si lapot kell leadni szeptember 25-ig.\nA jelentkez\u00e9si lap vagy a pl\u00e9b\u00e1ni\u00e1n vagy a sekresty\u00e9ben \u00e1tvehet\u0151.<\/li><li>A K\u00c9SZ zar\u00e1ndoklat szeptember 17-\u00e9n, szombaton reggel\n6.30 \u00f3rakor indul a pl\u00e9b\u00e1niatemplom el\u0151tti parkol\u00f3b\u00f3l. Az \u00fatik\u00f6lts\u00e9g\u00e9t S\u00e1voly\nAndre\u00e1n\u00e1l, vagy a pl\u00e9b\u00e1ni\u00e1n lehet befizetni.<\/li><\/ol>\n","protected":false},"excerpt":{"rendered":"<p>Ma van az \u00e9vk\u00f6zi 24. vas\u00e1rnap. Az elm\u00falt h\u00e9ten \u00fcl\u00e9sezett az Egyh\u00e1zk\u00f6zs\u00e9g K\u00e9pvisel\u0151 Test\u00fclete. A test\u00fclet, takar\u00e9koskod\u00e1sr\u00f3l d\u00f6nt\u00f6tt a rezsi \u00e1rak emelked\u00e9se miatt. A takar\u00e9koskod\u00e1s minden \u00e9p\u00fclet\u00fcnket \u00e9rinti: az X-h\u00e1zban a f\u0171t\u00e9si szezonban csak a szolg\u00e1lati lak\u00e1st lehet haszn\u00e1lni (imak\u00f6r\u00f6k, fakultat\u00edv hittan, gyermekprogramok, f\u00e9rfik\u00f6r). Tov\u00e1bb\u00e1 az X-h\u00e1zat semmifajta rendezv\u00e9nyre nem adjuk b\u00e9rbe. A templomokban a f\u0171t\u00e9ssel pr\u00f3b\u00e1lunk takar\u00e9koskodni: pl\u00e9b\u00e1niatemplomban lehet\u0151leg csak a villanyf\u0171t\u00e9st haszn\u00e1ljuk. A pl\u00e9b\u00e1ni\u00e1n is takar\u00e9koskod\u00e1si int\u00e9zked\u00e9st vezett\u00fcnk be. A K\u00e9pvisel\u0151 Test\u00fclet foglalkozott az okt\u00f3ber 9-\u00e9n megtartand\u00f3 300&#8230;<\/p>\n<p class=\"read-more\"><a class=\"btn btn-default\" href=\"https:\/\/marcali.plebania.hu\/?p=3860\"> Read More<span class=\"screen-reader-text\">  Read More<\/span><\/a><\/p>\n","protected":false},"author":2,"featured_media":0,"comment_status":"closed","ping_status":"open","sticky":false,"template":"","format":"standard","meta":{"footnotes":""},"categories":[1],"tags":[],"class_list":["post-3860","post","type-post","status-publish","format-standard","hentry","category-egyeb"],"_links":{"self":[{"href":"https:\/\/marcali.plebania.hu\/index.php?rest_route=\/wp\/v2\/posts\/3860","targetHints":{"allow":["GET"]}}],"collection":[{"href":"https:\/\/marcali.plebania.hu\/index.php?rest_route=\/wp\/v2\/posts"}],"about":[{"href":"https:\/\/marcali.plebania.hu\/index.php?rest_route=\/wp\/v2\/types\/post"}],"author":[{"embeddable":true,"href":"https:\/\/marcali.plebania.hu\/index.php?rest_route=\/wp\/v2\/users\/2"}],"replies":[{"embeddable":true,"href":"https:\/\/marcali.plebania.hu\/index.php?rest_route=%2Fwp%2Fv2%2Fcomments&post=3860"}],"version-history":[{"count":1,"href":"https:\/\/marcali.plebania.hu\/index.php?rest_route=\/wp\/v2\/posts\/3860\/revisions"}],"predecessor-version":[{"id":3861,"href":"https:\/\/marcali.plebania.hu\/index.php?rest_route=\/wp\/v2\/posts\/3860\/revisions\/3861"}],"wp:attachment":[{"href":"https:\/\/marcali.plebania.hu\/index.php?rest_route=%2Fwp%2Fv2%2Fmedia&parent=3860"}],"wp:term":[{"taxonomy":"category","embeddable":true,"href":"https:\/\/marcali.plebania.hu\/index.php?rest_route=%2Fwp%2Fv2%2Fcategories&post=3860"},{"taxonomy":"post_tag","embeddable":true,"href":"https:\/\/marcali.plebania.hu\/index.php?rest_route=%2Fwp%2Fv2%2Ftags&post=3860"}],"curies":[{"name":"wp","href":"https:\/\/api.w.org\/{rel}","templated":true}]}}