{"id":3869,"date":"2022-09-16T09:22:56","date_gmt":"2022-09-16T09:22:56","guid":{"rendered":"https:\/\/marcali.plebania.hu\/?p=3869"},"modified":"2022-09-16T09:22:56","modified_gmt":"2022-09-16T09:22:56","slug":"hirdetesek-2022-09-18","status":"publish","type":"post","link":"https:\/\/marcali.plebania.hu\/?p=3869","title":{"rendered":"Hirdet\u00e9sek, 2022. 09. 18."},"content":{"rendered":"\n<ol class=\"wp-block-list\"><li>Ma van az \u00e9vk\u00f6zi 25. vas\u00e1rnap.<\/li><li>A j\u00f6v\u0151 vas\u00e1rnap, szeptember 25-\u00e9n 11 \u00f3rakor az Orb\u00e1n\nk\u00e1poln\u00e1n\u00e1l is lesz szentmise, mely a term\u00e9ny-betakar\u00edt\u00e1s\u00e9rt val\u00f3 h\u00e1laad\u00e1s lesz.<\/li><li>A j\u00f6v\u0151 h\u00e9ten, p\u00e9nteken 17.30-kor szents\u00e9gim\u00e1d\u00e1s, 18\n\u00f3rakor szentmise.<\/li><li>A Magyar Katolikus P\u00fcsp\u00f6kkari Konferencia azzal a felh\u00edv\u00e1ssal\nfordul a kedves h\u00edvekhez, hogy vallj\u00e1k meg a hit\u00fcket az okt\u00f3ber 1-\u00e9n kezd\u0151d\u0151\nn\u00e9psz\u00e1ml\u00e1l\u00e1s alkalm\u00e1val. A n\u00e9psz\u00e1ml\u00e1l\u00e1s okt\u00f3ber 1-t\u0151l november 28-ig tart.\nOnline is ki lehet t\u00f6lteni, akik nem \u00e9lnek ezzel a lehet\u0151s\u00e9ggel, azokat\nnovember v\u00e9g\u00e9n sz\u00e1ml\u00e1l\u00f3biztosok keresik fel. A kit\u00f6ltend\u0151 lapon az szerepel,\nhogy nem k\u00f6telez\u0151 a k\u00e9rd\u00e9sre v\u00e1laszolni, de tekints\u00fck hitvall\u00e1snak, hogy\nv\u00e1laszolunk r\u00e1, katolikusok vagyunk.<\/li><li>M\u00e1r szervez\u00e9s alatt van a Marcali Pl\u00e9b\u00e1nia\n\u00fajj\u00e1alak\u00edt\u00e1s\u00e1nak 300. \u00e9vfordul\u00f3j\u00e1b\u00f3l rendezend\u0151 \u00fcnneps\u00e9g, mely okt\u00f3ber 9-\u00e9n\n(vas\u00e1rnap) d\u00e9lut\u00e1n 3 \u00f3rakor szentmis\u00e9vel kezd\u0151dik, melynek f\u0151celebr\u00e1nsa Berta\nTibor dand\u00e1rt\u00e1bornok, t\u00e1bori p\u00fcsp\u00f6k, volt marcali k\u00e1pl\u00e1n lesz. Az \u00fcnnepi\nszentmis\u00e9re megh\u00edvjuk a m\u00e9g \u00e9l\u0151 marcali k\u00e1pl\u00e1nokat is. Erre a szentmis\u00e9re\nmegh\u00edvjuk a v\u00e1ros vezet\u0151it, int\u00e9zm\u00e9nyvezet\u0151ket \u00e9s term\u00e9szetesen Marcali\nlakoss\u00e1g\u00e1t.<\/li><li>A Kaposv\u00e1ri P\u00fcsp\u00f6ks\u00e9g Evangeliz\u00e1ci\u00f3s K\u00f6zpontja Szentl\u00e9lek\nszemin\u00e1riumot hirdet Marcaliban kiz\u00e1r\u00f3lag f\u00e9rfiak r\u00e9sz\u00e9re. A szemin\u00e1rium\nokt\u00f3ber 3-\u00e1n kezd\u0151dik \u00e9s november 28-ig tart. Jelentkezni legk\u00e9s\u0151bb szeptember\n25-ig Kir\u00e1ly Jen\u0151n\u00e9l lehet, \u00e9s jelentkez\u00e9si lapot kell leadni szeptember 25-ig.\nA jelentkez\u00e9si lap vagy a pl\u00e9b\u00e1ni\u00e1n vagy a sekresty\u00e9ben \u00e1tvehet\u0151.<\/li><\/ol>\n","protected":false},"excerpt":{"rendered":"<p>Ma van az \u00e9vk\u00f6zi 25. vas\u00e1rnap. A j\u00f6v\u0151 vas\u00e1rnap, szeptember 25-\u00e9n 11 \u00f3rakor az Orb\u00e1n k\u00e1poln\u00e1n\u00e1l is lesz szentmise, mely a term\u00e9ny-betakar\u00edt\u00e1s\u00e9rt val\u00f3 h\u00e1laad\u00e1s lesz. A j\u00f6v\u0151 h\u00e9ten, p\u00e9nteken 17.30-kor szents\u00e9gim\u00e1d\u00e1s, 18 \u00f3rakor szentmise. A Magyar Katolikus P\u00fcsp\u00f6kkari Konferencia azzal a felh\u00edv\u00e1ssal fordul a kedves h\u00edvekhez, hogy vallj\u00e1k meg a hit\u00fcket az okt\u00f3ber 1-\u00e9n kezd\u0151d\u0151 n\u00e9psz\u00e1ml\u00e1l\u00e1s alkalm\u00e1val. A n\u00e9psz\u00e1ml\u00e1l\u00e1s okt\u00f3ber 1-t\u0151l november 28-ig tart. Online is ki lehet t\u00f6lteni, akik nem \u00e9lnek ezzel a lehet\u0151s\u00e9ggel, azokat november v\u00e9g\u00e9n sz\u00e1ml\u00e1l\u00f3biztosok keresik&#8230;<\/p>\n<p class=\"read-more\"><a class=\"btn btn-default\" href=\"https:\/\/marcali.plebania.hu\/?p=3869\"> Read More<span class=\"screen-reader-text\">  Read More<\/span><\/a><\/p>\n","protected":false},"author":2,"featured_media":0,"comment_status":"closed","ping_status":"open","sticky":false,"template":"","format":"standard","meta":{"footnotes":""},"categories":[1],"tags":[],"class_list":["post-3869","post","type-post","status-publish","format-standard","hentry","category-egyeb"],"_links":{"self":[{"href":"https:\/\/marcali.plebania.hu\/index.php?rest_route=\/wp\/v2\/posts\/3869","targetHints":{"allow":["GET"]}}],"collection":[{"href":"https:\/\/marcali.plebania.hu\/index.php?rest_route=\/wp\/v2\/posts"}],"about":[{"href":"https:\/\/marcali.plebania.hu\/index.php?rest_route=\/wp\/v2\/types\/post"}],"author":[{"embeddable":true,"href":"https:\/\/marcali.plebania.hu\/index.php?rest_route=\/wp\/v2\/users\/2"}],"replies":[{"embeddable":true,"href":"https:\/\/marcali.plebania.hu\/index.php?rest_route=%2Fwp%2Fv2%2Fcomments&post=3869"}],"version-history":[{"count":1,"href":"https:\/\/marcali.plebania.hu\/index.php?rest_route=\/wp\/v2\/posts\/3869\/revisions"}],"predecessor-version":[{"id":3870,"href":"https:\/\/marcali.plebania.hu\/index.php?rest_route=\/wp\/v2\/posts\/3869\/revisions\/3870"}],"wp:attachment":[{"href":"https:\/\/marcali.plebania.hu\/index.php?rest_route=%2Fwp%2Fv2%2Fmedia&parent=3869"}],"wp:term":[{"taxonomy":"category","embeddable":true,"href":"https:\/\/marcali.plebania.hu\/index.php?rest_route=%2Fwp%2Fv2%2Fcategories&post=3869"},{"taxonomy":"post_tag","embeddable":true,"href":"https:\/\/marcali.plebania.hu\/index.php?rest_route=%2Fwp%2Fv2%2Ftags&post=3869"}],"curies":[{"name":"wp","href":"https:\/\/api.w.org\/{rel}","templated":true}]}}