{"id":387,"date":"2018-10-24T14:16:03","date_gmt":"2018-10-24T14:16:03","guid":{"rendered":"https:\/\/marcali.plebania.hu\/?p=387"},"modified":"2018-10-24T14:16:03","modified_gmt":"2018-10-24T14:16:03","slug":"zichy-laszlo-nobel-dijas-az-istallo-falan-konyvbemutato-az-x-hazban","status":"publish","type":"post","link":"https:\/\/marcali.plebania.hu\/?p=387","title":{"rendered":"Zichy L\u00e1szl\u00f3: Nobel-d\u00edjas az ist\u00e1ll\u00f3 fal\u00e1n \u2013 k\u00f6nyvbemutat\u00f3 az X-h\u00e1zban"},"content":{"rendered":"<p>2018. okt\u00f3ber 16-\u00e1n, kedden este 18.30-t\u00f3l a Marcali Pl\u00e9b\u00e1nia \u00e9s a Kereszt\u00e9ny \u00c9rtelmis\u00e9giek Sz\u00f6vets\u00e9ge (K\u00c9SZ) Marcali Csoport megh\u00edv\u00e1s\u00e1ra gr\u00f3f Zichy L\u00e1szl\u00f3: Nobel-d\u00edjas az ist\u00e1ll\u00f3 fal\u00e1n c\u00edm\u0171 k\u00f6tet\u00e9nek a bemutat\u00f3j\u00e1t tartott\u00e1k az X-h\u00e1z nagyterm\u00e9ben.<\/p>\n<p><img loading=\"lazy\" decoding=\"async\" class=\"aligncenter wp-image-388 size-large\" src=\"https:\/\/marcali.plebania.hu\/wp-content\/uploads\/2018\/10\/04-1024x683.jpg\" alt=\"\" width=\"640\" height=\"427\" srcset=\"https:\/\/marcali.plebania.hu\/wp-content\/uploads\/2018\/10\/04-1024x683.jpg 1024w, https:\/\/marcali.plebania.hu\/wp-content\/uploads\/2018\/10\/04-300x200.jpg 300w, https:\/\/marcali.plebania.hu\/wp-content\/uploads\/2018\/10\/04-768x512.jpg 768w, https:\/\/marcali.plebania.hu\/wp-content\/uploads\/2018\/10\/04-405x270.jpg 405w\" sizes=\"auto, (max-width: 640px) 100vw, 640px\" \/><\/p>\n<p>A k\u00f6nyv tulajdonk\u00e9ppen egy essz\u00e9gy\u0171jtem\u00e9ny a Szerz\u0151 kor\u00e1bbi \u00edr\u00e1saib\u00f3l, melyek a magyar t\u00f6rt\u00e9nelmi m\u00falt XX. sz\u00e1zadi fordul\u00f3pontjait, k\u00fcl\u00f6nb\u00f6z\u0151 ellentmond\u00e1sait taglalja \u00e9s m\u00e1ig tart\u00f3 hat\u00e1sukat elemzi. M\u0171faj\u00e1t tekintve napl\u00f3, de a kritika \u00e9s \u00f6n\u00e9letrajzi \u00edr\u00e1sok elemeit szint\u00e9n mag\u00e1n hordozza, illetve \u00e1tkacsint kicsit a publicisztika fel\u00e9 is. Ezen k\u00edv\u00fcl r\u00f6vid, frapp\u00e1ns, szem\u00e9lyes hang\u00fa \u00e9s elgondolkoztat\u00f3 \u00edr\u00e1sokat tartalmaz a v\u00e1logat\u00e1s. Olvashatunk benne a magyar h\u00e1bor\u00fas vesztes\u00e9gekr\u0151l, a t\u00f6rt\u00e9nelmi trag\u00e9di\u00e1kr\u00f3l (1945 ut\u00e1n), az elhurcol\u00e1sokr\u00f3l (Auschwitz, Gul\u00e1g, Recsk), a kitelep\u00edt\u00e9sekr\u0151l, 1956 rem\u00e9nys\u00e9g\u00e9r\u0151l, a helyi \u00f6nszervez\u0151d\u00e9sek biztat\u00f3 jeleir\u0151l, Magyarorsz\u00e1g hely\u00e9r\u0151l \u00e9s helyzet\u00e9r\u0151l K\u00f6z\u00e9p-Eur\u00f3p\u00e1ban, valamint az Eur\u00f3pai Uni\u00f3ban.<\/p>\n<p><img loading=\"lazy\" decoding=\"async\" class=\"aligncenter wp-image-389 size-large\" src=\"https:\/\/marcali.plebania.hu\/wp-content\/uploads\/2018\/10\/16-1024x683.jpg\" alt=\"\" width=\"640\" height=\"427\" srcset=\"https:\/\/marcali.plebania.hu\/wp-content\/uploads\/2018\/10\/16-1024x683.jpg 1024w, https:\/\/marcali.plebania.hu\/wp-content\/uploads\/2018\/10\/16-300x200.jpg 300w, https:\/\/marcali.plebania.hu\/wp-content\/uploads\/2018\/10\/16-768x512.jpg 768w, https:\/\/marcali.plebania.hu\/wp-content\/uploads\/2018\/10\/16-405x270.jpg 405w\" sizes=\"auto, (max-width: 640px) 100vw, 640px\" \/><\/p>\n<p>Zichy L\u00e1szl\u00f3 keresi a magyarorsz\u00e1gi f\u0151nemess\u00e9g t\u00f6rt\u00e9nelmi szerep\u00e9t, \u00e9rt\u00e9keit \u00e9s probl\u00e9m\u00e1it, a kultur\u00e1lis-szellemi \u00e9rt\u00e9kment\u00e9s \u00e9s \u00e9rt\u00e9kteremt\u00e9s lehet\u0151s\u00e9geit, \u00fatjait is. A Szerz\u0151 gyakorlatilag egy felel\u0151s szellemi utaz\u00e1sra \u00e9s egy\u00fctt-t\u00f6preng\u00e9sre h\u00edvja az olvas\u00f3it, de k\u00f6nyve felzaklat\u00f3 \u00e9s v\u00e9lem\u00e9nyform\u00e1l\u00f3 olvasm\u00e1ny is egyben.<\/p>\n<p><img loading=\"lazy\" decoding=\"async\" class=\"aligncenter wp-image-390 size-large\" src=\"https:\/\/marcali.plebania.hu\/wp-content\/uploads\/2018\/10\/11-1024x683.jpg\" alt=\"\" width=\"640\" height=\"427\" srcset=\"https:\/\/marcali.plebania.hu\/wp-content\/uploads\/2018\/10\/11-1024x683.jpg 1024w, https:\/\/marcali.plebania.hu\/wp-content\/uploads\/2018\/10\/11-300x200.jpg 300w, https:\/\/marcali.plebania.hu\/wp-content\/uploads\/2018\/10\/11-768x512.jpg 768w, https:\/\/marcali.plebania.hu\/wp-content\/uploads\/2018\/10\/11-405x270.jpg 405w\" sizes=\"auto, (max-width: 640px) 100vw, 640px\" \/><\/p>\n<p>Elmondta, hogy a c\u00edmv\u00e1laszt\u00e1s \u00f6tlete egy vid\u00e9kfejleszt\u00e9ssel kapcsolatos \u00fatja sor\u00e1n sz\u00fcletett, amikor N\u00f3gr\u00e1dban egy \u00f3ri\u00e1si csal\u00e1nmez\u0151 k\u00f6zep\u00e9n egy pinc\u00e9hez tartoz\u00f3 ist\u00e1ll\u00f3 fal\u00e1n k\u00e9t m\u00e1rv\u00e1nyt\u00e1bl\u00e1t l\u00e1tott. A felirat tan\u00fas\u00e1ga szerint: \u201eItt sz\u00fcletett \u00e9s n\u0151tt fel Szent-Gy\u00f6rgyi Albert\u201d. Ez egy \u00fajabb k\u00e9rd\u00e9st vetett fel benne, miszerint: \u201eMikor fog \u00fajra ilyen nagyszer\u0171, ilyen kvalit\u00e1s\u00fa tud\u00f3s sz\u00fcletni ilyen kis telep\u00fcl\u00e9sen?\u201d, illetve \u201eFeln\u0151hetnek-e ilyen nagyszer\u0171 tud\u00f3sok vid\u00e9ken, van-e ilyen j\u00f3 helyzetben \u00e9s k\u00f6r\u00fclm\u00e9nyek k\u00f6z\u00f6tt a magyar vid\u00e9k?\u201d. Ez az \u00e9lm\u00e9ny \u00e9s a gondolkod\u00e1s a magyar vid\u00e9kr\u0151l c\u00edm\u0171 essz\u00e9gy\u0171jtem\u00e9ny alkotja a k\u00f6nyvnek az alapjait.<\/p>\n<p>&nbsp;<\/p>\n<p><img loading=\"lazy\" decoding=\"async\" class=\"aligncenter wp-image-392 size-large\" src=\"https:\/\/marcali.plebania.hu\/wp-content\/uploads\/2018\/10\/17-1024x683.jpg\" alt=\"\" width=\"640\" height=\"427\" srcset=\"https:\/\/marcali.plebania.hu\/wp-content\/uploads\/2018\/10\/17-1024x683.jpg 1024w, https:\/\/marcali.plebania.hu\/wp-content\/uploads\/2018\/10\/17-300x200.jpg 300w, https:\/\/marcali.plebania.hu\/wp-content\/uploads\/2018\/10\/17-768x512.jpg 768w, https:\/\/marcali.plebania.hu\/wp-content\/uploads\/2018\/10\/17-405x270.jpg 405w\" sizes=\"auto, (max-width: 640px) 100vw, 640px\" \/><\/p>\n<p>Zichy L\u00e1szl\u00f3 ezen k\u00edv\u00fcl besz\u00e9lt m\u00e9g az \u00e9let\u00e9r\u0151l is. N\u00e9gy\u00e9ves volt, amikor csal\u00e1dj\u00e1t kitelep\u00edtett\u00e9k Somogy megy\u00e9b\u0151l \u00e9s egy liba \u00f3lban kellett lakniuk sok ezer emberhez hasonl\u00f3an. Emiatt ki volt tiltva az orsz\u00e1g \u00f6sszes \u00e1llami k\u00f6z\u00e9piskol\u00e1j\u00e1b\u00f3l, ez\u00e9rt Esztergomban a ferencesekn\u00e9l v\u00e9gzett. Mivel j\u00f3 tanul\u00f3 volt, ez\u00e9rt egy tanulm\u00e1nyi versenynek k\u00f6sz\u00f6nhet\u0151en ker\u00fclt fizika szakra, az ELTE-re. A diplomamunk\u00e1j\u00e1t atomfizik\u00e1b\u00f3l \u00edrta. T\u00f6bb helyen is tan\u00edtott a f\u0151iskol\u00e1kon, de sz\u00e1rmaz\u00e1sa miatt mindig kir\u00fagt\u00e1k. K\u00e9s\u0151bb elv\u00e9gezte a pszichol\u00f3gia szakot is. K\u00f6zben nagyon sok tud\u00e1st \u00e9s tapasztalatot szerzett a tudom\u00e1nyos, t\u00e1rsadalmi \u00e9s politikai spektrum mindk\u00e9t oldal\u00e1r\u00f3l. Ma is meghat\u00e1rozza a gondolkod\u00e1s\u00e1t a fizika, amit kieg\u00e9sz\u00edt a pszichol\u00f3gia. 1985-ben pedig m\u00e1r tiszt\u00e1n l\u00e1tta, hogy sz\u00e9t fog esni a magyar vid\u00e9k, \u00e9s szerencs\u00e9re olyan m\u00f3dszerek birtok\u00e1ban volt, amiknek a seg\u00edts\u00e9g\u00e9vel ezt fel tudta m\u00e9rni. K\u00e9s\u0151bb beker\u00fclt a N\u00e9pj\u00f3l\u00e9ti Miniszt\u00e9riumba, \u00e9s eg\u00e9szen a Bokros-csomagig kamatoztatta tud\u00e1s\u00e1t. Hozz\u00e1tette m\u00e9g: \u201eAz ember nem att\u00f3l lesz gazdag, amit az az orsz\u00e1gb\u00f3l elvesz, hanem att\u00f3l, amit hozz\u00e1ad. Nem a m\u00faltba kell visszamenn\u00fcnk, hanem a m\u00falt gy\u00f6kereire \u00e9p\u00edtve kell megtal\u00e1lnunk azt a szellemis\u00e9get, amely a k\u00f6z\u00e9poszt\u00e1lyban \u00e9s a paraszts\u00e1gban megvan. Megtal\u00e1lni azokat az \u00f6sszek\u00f6t\u0151 elemeket, amelyek a t\u00e1rsadalmat sz\u00e9pp\u00e9 teszi.\u201d \u0150 is ezen munk\u00e1lkodik, hiszen 2003 \u00f3ta a n\u00e1gocsi barokk kast\u00e9ly fel\u00faj\u00edt\u00e1s\u00e1n dolgozik, ahol a vid\u00e9k fejl\u0151d\u00e9se szempontj\u00e1b\u00f3l fontos k\u00e9pz\u00e9seknek, valamint a kultur\u00e1lis \u00e9s konferencia-k\u00f6zpontnak alkalmas helyet szeretne kialak\u00edtani. Ezen k\u00edv\u00fcl fontosnak tartja m\u00e9g a helyi \u00e9rt\u00e9kek felt\u00e1r\u00e1s\u00e1t, a hagyom\u00e1ny\u0151rz\u00e9st \u00e9s a k\u00f6z\u00f6ss\u00e9gfejleszt\u00e9st.<\/p>\n<p><img loading=\"lazy\" decoding=\"async\" class=\"aligncenter wp-image-391 size-large\" src=\"https:\/\/marcali.plebania.hu\/wp-content\/uploads\/2018\/10\/18-1024x683.jpg\" alt=\"\" width=\"640\" height=\"427\" srcset=\"https:\/\/marcali.plebania.hu\/wp-content\/uploads\/2018\/10\/18-1024x683.jpg 1024w, https:\/\/marcali.plebania.hu\/wp-content\/uploads\/2018\/10\/18-300x200.jpg 300w, https:\/\/marcali.plebania.hu\/wp-content\/uploads\/2018\/10\/18-768x512.jpg 768w, https:\/\/marcali.plebania.hu\/wp-content\/uploads\/2018\/10\/18-405x270.jpg 405w\" sizes=\"auto, (max-width: 640px) 100vw, 640px\" \/><\/p>\n<p>A k\u00f6nyvbemutat\u00f3n k\u00f6zrem\u0171k\u00f6d\u00f6tt a Szerz\u0151 feles\u00e9ge, Zichy \u00c9va is, aki a k\u00f6tetb\u0151l olvasott fel r\u00e9szleteket. A program v\u00e9g\u00e9n t\u00f6bb k\u00e9rd\u00e9s is elhangzott, majd Zichy L\u00e1szl\u00f3 dedik\u00e1lta a k\u00f6nyveit.<\/p>\n<p>&nbsp;<\/p>\n","protected":false},"excerpt":{"rendered":"<p>2018. okt\u00f3ber 16-\u00e1n, kedden este 18.30-t\u00f3l a Marcali Pl\u00e9b\u00e1nia \u00e9s a Kereszt\u00e9ny \u00c9rtelmis\u00e9giek Sz\u00f6vets\u00e9ge (K\u00c9SZ) Marcali Csoport megh\u00edv\u00e1s\u00e1ra gr\u00f3f Zichy L\u00e1szl\u00f3: Nobel-d\u00edjas az ist\u00e1ll\u00f3 fal\u00e1n c\u00edm\u0171 k\u00f6tet\u00e9nek a bemutat\u00f3j\u00e1t tartott\u00e1k az X-h\u00e1z nagyterm\u00e9ben. A k\u00f6nyv tulajdonk\u00e9ppen egy essz\u00e9gy\u0171jtem\u00e9ny a Szerz\u0151 kor\u00e1bbi \u00edr\u00e1saib\u00f3l, melyek a magyar t\u00f6rt\u00e9nelmi m\u00falt XX. sz\u00e1zadi fordul\u00f3pontjait, k\u00fcl\u00f6nb\u00f6z\u0151 ellentmond\u00e1sait taglalja \u00e9s m\u00e1ig tart\u00f3 hat\u00e1sukat elemzi. M\u0171faj\u00e1t tekintve napl\u00f3, de a kritika \u00e9s \u00f6n\u00e9letrajzi \u00edr\u00e1sok elemeit szint\u00e9n mag\u00e1n hordozza, illetve \u00e1tkacsint kicsit a publicisztika fel\u00e9 is. Ezen k\u00edv\u00fcl&#8230;<\/p>\n<p class=\"read-more\"><a class=\"btn btn-default\" href=\"https:\/\/marcali.plebania.hu\/?p=387\"> Read More<span class=\"screen-reader-text\">  Read More<\/span><\/a><\/p>\n","protected":false},"author":2,"featured_media":0,"comment_status":"closed","ping_status":"open","sticky":false,"template":"","format":"standard","meta":{"footnotes":""},"categories":[1],"tags":[],"class_list":["post-387","post","type-post","status-publish","format-standard","hentry","category-egyeb"],"_links":{"self":[{"href":"https:\/\/marcali.plebania.hu\/index.php?rest_route=\/wp\/v2\/posts\/387","targetHints":{"allow":["GET"]}}],"collection":[{"href":"https:\/\/marcali.plebania.hu\/index.php?rest_route=\/wp\/v2\/posts"}],"about":[{"href":"https:\/\/marcali.plebania.hu\/index.php?rest_route=\/wp\/v2\/types\/post"}],"author":[{"embeddable":true,"href":"https:\/\/marcali.plebania.hu\/index.php?rest_route=\/wp\/v2\/users\/2"}],"replies":[{"embeddable":true,"href":"https:\/\/marcali.plebania.hu\/index.php?rest_route=%2Fwp%2Fv2%2Fcomments&post=387"}],"version-history":[{"count":1,"href":"https:\/\/marcali.plebania.hu\/index.php?rest_route=\/wp\/v2\/posts\/387\/revisions"}],"predecessor-version":[{"id":393,"href":"https:\/\/marcali.plebania.hu\/index.php?rest_route=\/wp\/v2\/posts\/387\/revisions\/393"}],"wp:attachment":[{"href":"https:\/\/marcali.plebania.hu\/index.php?rest_route=%2Fwp%2Fv2%2Fmedia&parent=387"}],"wp:term":[{"taxonomy":"category","embeddable":true,"href":"https:\/\/marcali.plebania.hu\/index.php?rest_route=%2Fwp%2Fv2%2Fcategories&post=387"},{"taxonomy":"post_tag","embeddable":true,"href":"https:\/\/marcali.plebania.hu\/index.php?rest_route=%2Fwp%2Fv2%2Ftags&post=387"}],"curies":[{"name":"wp","href":"https:\/\/api.w.org\/{rel}","templated":true}]}}