{"id":3871,"date":"2022-09-23T09:42:54","date_gmt":"2022-09-23T09:42:54","guid":{"rendered":"https:\/\/marcali.plebania.hu\/?p=3871"},"modified":"2022-09-23T09:42:54","modified_gmt":"2022-09-23T09:42:54","slug":"a-kesz-marcali-csoport-2022-evi-zarandoklata","status":"publish","type":"post","link":"https:\/\/marcali.plebania.hu\/?p=3871","title":{"rendered":"A K\u00c9SZ Marcali Csoport 2022. \u00e9vi zar\u00e1ndoklata"},"content":{"rendered":"\n<p>2022. szeptember 17-\u00e9n, szombaton tartott\u00e1k meg a Kereszt\u00e9ny \u00c9rtelmis\u00e9giek Sz\u00f6vets\u00e9ge (K\u00c9SZ) Marcali Csoportj\u00e1nak a hagyom\u00e1nyos \u00e9ves zar\u00e1ndoklat\u00e1t Balatonf\u00f6red-Balatonalm\u00e1di-V\u00e1rpalota-\u00d6sk\u00fc-S\u00f3ly \u00fatvonalon. Az id\u00e9n \u00f6sszesen 31 f\u0151 \u2013 t\u00f6bbs\u00e9g\u00e9ben a K\u00c9SZ tagja \u2013 v\u00e1llalkozott az \u00fatra, hogy megismerj\u00e9k az \u00e9rintett ter\u00fclet jelent\u0151sebb vall\u00e1si, szakr\u00e1lis, \u00e9p\u00edt\u00e9szeti, kult\u00fart\u00f6rt\u00e9neti \u00e9s term\u00e9szeti \u00e9rt\u00e9keit, valamint a Nagy-Magyarorsz\u00e1g Park \u00e9s a Trianon M\u00fazeum id\u0151szaki ki\u00e1ll\u00edt\u00e1sait. A zar\u00e1ndoklatot ez\u00fattal is S\u00e1voly Andrea, a K\u00c9SZ egyik legakt\u00edvabb alap\u00edt\u00f3-tagja \u00e9s Kiss K\u00e1lm\u00e1n eln\u00f6k szervezt\u00e9k \u00e9s vezett\u00e9k.<\/p>\n\n\n\n<p>A k\u00fcl\u00f6nj\u00e1rati aut\u00f3buszos utaz\u00e1s els\u0151 \u00e1llom\u00e1sa Balatonf\u00fcred volt, ahol a L\u00f3czy-barlangot szakszer\u0171 vezet\u00e9ssel tekintett\u00e9k meg. A Tam\u00e1s-hegy nyugati oldal\u00e1ban 1882-ben felt\u00e1rt \u00e9s 1934-ben megnyitott barlang jelent\u0151s term\u00e9szeti \u00e9s idegenforgalmi \u00e9rt\u00e9kkel rendelkezik. A hegys\u00e9gk\u00e9pz\u0151 er\u0151k hat\u00e1s\u00e1ra v\u00edzszintes helyzet\u00fckb\u0151l kibillent k\u00f6z\u00e9ps\u0151-tri\u00e1sz kor\u00fa, l\u00e1tv\u00e1nyos m\u00e9szk\u0151 r\u00e9tegek z\u00e1rj\u00e1k k\u00f6r\u00fcl a m\u00e9lyb\u0151l felt\u00f6r\u0151 langyos vizek \u00e1ltal kioldott barlangot. Az \u00fcstszer\u0171 old\u00e1si form\u00e1k \u00e9s a helyenk\u00e9nt m\u00e9g megtal\u00e1lhat\u00f3 bors\u00f3k\u00f6vek is utalnak a barlang kialakul\u00e1s\u00e1nak k\u00f6r\u00fclm\u00e9nyeire. A barlangot sz\u00e9p \u00e9s v\u00e1ltozatos old\u00e1sform\u00e1k, a hegy fel\u00e9p\u00edt\u00e9s\u00e9t bemutat\u00f3 v\u00e9konyr\u00e9teges m\u00e9szk\u0151falak jellemzik.<\/p>\n\n\n\n<figure class=\"wp-block-gallery columns-3 is-cropped wp-block-gallery-1 is-layout-flex wp-block-gallery-is-layout-flex\"><ul class=\"blocks-gallery-grid\"><li class=\"blocks-gallery-item\"><figure><img loading=\"lazy\" decoding=\"async\" width=\"1024\" height=\"683\" src=\"https:\/\/marcali.plebania.hu\/wp-content\/uploads\/2022\/09\/12-1024x683.jpg\" alt=\"\" data-id=\"3872\" data-link=\"https:\/\/marcali.plebania.hu\/?attachment_id=3872\" class=\"wp-image-3872\" srcset=\"https:\/\/marcali.plebania.hu\/wp-content\/uploads\/2022\/09\/12-1024x683.jpg 1024w, https:\/\/marcali.plebania.hu\/wp-content\/uploads\/2022\/09\/12-300x200.jpg 300w, https:\/\/marcali.plebania.hu\/wp-content\/uploads\/2022\/09\/12-768x512.jpg 768w, https:\/\/marcali.plebania.hu\/wp-content\/uploads\/2022\/09\/12-1536x1024.jpg 1536w, https:\/\/marcali.plebania.hu\/wp-content\/uploads\/2022\/09\/12-2048x1365.jpg 2048w, https:\/\/marcali.plebania.hu\/wp-content\/uploads\/2022\/09\/12-405x270.jpg 405w\" sizes=\"auto, (max-width: 1024px) 100vw, 1024px\" \/><\/figure><\/li><li class=\"blocks-gallery-item\"><figure><img loading=\"lazy\" decoding=\"async\" width=\"1024\" height=\"683\" src=\"https:\/\/marcali.plebania.hu\/wp-content\/uploads\/2022\/09\/16-1024x683.jpg\" alt=\"\" data-id=\"3873\" data-full-url=\"https:\/\/marcali.plebania.hu\/wp-content\/uploads\/2022\/09\/16-scaled.jpg\" data-link=\"https:\/\/marcali.plebania.hu\/?attachment_id=3873\" class=\"wp-image-3873\" srcset=\"https:\/\/marcali.plebania.hu\/wp-content\/uploads\/2022\/09\/16-1024x683.jpg 1024w, https:\/\/marcali.plebania.hu\/wp-content\/uploads\/2022\/09\/16-300x200.jpg 300w, https:\/\/marcali.plebania.hu\/wp-content\/uploads\/2022\/09\/16-768x512.jpg 768w, https:\/\/marcali.plebania.hu\/wp-content\/uploads\/2022\/09\/16-1536x1024.jpg 1536w, https:\/\/marcali.plebania.hu\/wp-content\/uploads\/2022\/09\/16-2048x1365.jpg 2048w, https:\/\/marcali.plebania.hu\/wp-content\/uploads\/2022\/09\/16-405x270.jpg 405w\" sizes=\"auto, (max-width: 1024px) 100vw, 1024px\" \/><\/figure><\/li><li class=\"blocks-gallery-item\"><figure><img loading=\"lazy\" decoding=\"async\" width=\"1024\" height=\"683\" src=\"https:\/\/marcali.plebania.hu\/wp-content\/uploads\/2022\/09\/17-1024x683.jpg\" alt=\"\" data-id=\"3874\" data-full-url=\"https:\/\/marcali.plebania.hu\/wp-content\/uploads\/2022\/09\/17-scaled.jpg\" data-link=\"https:\/\/marcali.plebania.hu\/?attachment_id=3874\" class=\"wp-image-3874\" srcset=\"https:\/\/marcali.plebania.hu\/wp-content\/uploads\/2022\/09\/17-1024x683.jpg 1024w, https:\/\/marcali.plebania.hu\/wp-content\/uploads\/2022\/09\/17-300x200.jpg 300w, https:\/\/marcali.plebania.hu\/wp-content\/uploads\/2022\/09\/17-768x512.jpg 768w, https:\/\/marcali.plebania.hu\/wp-content\/uploads\/2022\/09\/17-1536x1024.jpg 1536w, https:\/\/marcali.plebania.hu\/wp-content\/uploads\/2022\/09\/17-2048x1365.jpg 2048w, https:\/\/marcali.plebania.hu\/wp-content\/uploads\/2022\/09\/17-405x270.jpg 405w\" sizes=\"auto, (max-width: 1024px) 100vw, 1024px\" \/><\/figure><\/li><li class=\"blocks-gallery-item\"><figure><img loading=\"lazy\" decoding=\"async\" width=\"1024\" height=\"683\" src=\"https:\/\/marcali.plebania.hu\/wp-content\/uploads\/2022\/09\/18-1024x683.jpg\" alt=\"\" data-id=\"3875\" data-full-url=\"https:\/\/marcali.plebania.hu\/wp-content\/uploads\/2022\/09\/18-scaled.jpg\" data-link=\"https:\/\/marcali.plebania.hu\/?attachment_id=3875\" class=\"wp-image-3875\" srcset=\"https:\/\/marcali.plebania.hu\/wp-content\/uploads\/2022\/09\/18-1024x683.jpg 1024w, https:\/\/marcali.plebania.hu\/wp-content\/uploads\/2022\/09\/18-300x200.jpg 300w, https:\/\/marcali.plebania.hu\/wp-content\/uploads\/2022\/09\/18-768x512.jpg 768w, https:\/\/marcali.plebania.hu\/wp-content\/uploads\/2022\/09\/18-1536x1024.jpg 1536w, https:\/\/marcali.plebania.hu\/wp-content\/uploads\/2022\/09\/18-2048x1365.jpg 2048w, https:\/\/marcali.plebania.hu\/wp-content\/uploads\/2022\/09\/18-405x270.jpg 405w\" sizes=\"auto, (max-width: 1024px) 100vw, 1024px\" \/><\/figure><\/li><\/ul><\/figure>\n\n\n\n<p>A csoport n\u00e9h\u00e1ny tagja ezt megel\u0151z\u0151en, a h\u0171v\u00f6s-szeles \u00e9s id\u0151nk\u00e9nt cseperg\u0151 es\u0151ben v\u00e1llalkozott arra, hogy \u201eAz Aranyember \u00fatja\u201d elnevez\u00e9s\u0171 0,8 km hossz\u00fa tan\u00f6sv\u00e9nyen \u2013 neh\u00e9z \u00fat \u00e9s terepviszonyok k\u00f6zepette \u2013 feljusson a 315 m magass\u00e1gban l\u00e9v\u0151 a J\u00f3kai-kil\u00e1t\u00f3hoz. A kiruccan\u00e1st v\u00e9g\u00fcl siker koron\u00e1zta, mert a kedvez\u0151tlen id\u0151j\u00e1r\u00e1s ellen\u00e9re csod\u00e1latos k\u00f6r-panor\u00e1m\u00e1ban lehetett gy\u00f6ny\u00f6rk\u00f6dni.<\/p>\n\n\n\n<figure class=\"wp-block-gallery columns-3 is-cropped wp-block-gallery-2 is-layout-flex wp-block-gallery-is-layout-flex\"><ul class=\"blocks-gallery-grid\"><li class=\"blocks-gallery-item\"><figure><img loading=\"lazy\" decoding=\"async\" width=\"1024\" height=\"683\" src=\"https:\/\/marcali.plebania.hu\/wp-content\/uploads\/2022\/09\/03-1024x683.jpg\" alt=\"\" data-id=\"3876\" data-link=\"https:\/\/marcali.plebania.hu\/?attachment_id=3876\" class=\"wp-image-3876\" srcset=\"https:\/\/marcali.plebania.hu\/wp-content\/uploads\/2022\/09\/03-1024x683.jpg 1024w, https:\/\/marcali.plebania.hu\/wp-content\/uploads\/2022\/09\/03-300x200.jpg 300w, https:\/\/marcali.plebania.hu\/wp-content\/uploads\/2022\/09\/03-768x512.jpg 768w, https:\/\/marcali.plebania.hu\/wp-content\/uploads\/2022\/09\/03-1536x1024.jpg 1536w, https:\/\/marcali.plebania.hu\/wp-content\/uploads\/2022\/09\/03-2048x1365.jpg 2048w, https:\/\/marcali.plebania.hu\/wp-content\/uploads\/2022\/09\/03-405x270.jpg 405w\" sizes=\"auto, (max-width: 1024px) 100vw, 1024px\" \/><\/figure><\/li><li class=\"blocks-gallery-item\"><figure><img loading=\"lazy\" decoding=\"async\" width=\"1024\" height=\"683\" src=\"https:\/\/marcali.plebania.hu\/wp-content\/uploads\/2022\/09\/04-1024x683.jpg\" alt=\"\" data-id=\"3877\" data-link=\"https:\/\/marcali.plebania.hu\/?attachment_id=3877\" class=\"wp-image-3877\" srcset=\"https:\/\/marcali.plebania.hu\/wp-content\/uploads\/2022\/09\/04-1024x683.jpg 1024w, https:\/\/marcali.plebania.hu\/wp-content\/uploads\/2022\/09\/04-300x200.jpg 300w, https:\/\/marcali.plebania.hu\/wp-content\/uploads\/2022\/09\/04-768x512.jpg 768w, https:\/\/marcali.plebania.hu\/wp-content\/uploads\/2022\/09\/04-1536x1024.jpg 1536w, https:\/\/marcali.plebania.hu\/wp-content\/uploads\/2022\/09\/04-2048x1365.jpg 2048w, https:\/\/marcali.plebania.hu\/wp-content\/uploads\/2022\/09\/04-405x270.jpg 405w\" sizes=\"auto, (max-width: 1024px) 100vw, 1024px\" \/><\/figure><\/li><li class=\"blocks-gallery-item\"><figure><img loading=\"lazy\" decoding=\"async\" width=\"1024\" height=\"683\" src=\"https:\/\/marcali.plebania.hu\/wp-content\/uploads\/2022\/09\/06-1024x683.jpg\" alt=\"\" data-id=\"3878\" data-link=\"https:\/\/marcali.plebania.hu\/?attachment_id=3878\" class=\"wp-image-3878\" srcset=\"https:\/\/marcali.plebania.hu\/wp-content\/uploads\/2022\/09\/06-1024x683.jpg 1024w, https:\/\/marcali.plebania.hu\/wp-content\/uploads\/2022\/09\/06-300x200.jpg 300w, https:\/\/marcali.plebania.hu\/wp-content\/uploads\/2022\/09\/06-768x512.jpg 768w, https:\/\/marcali.plebania.hu\/wp-content\/uploads\/2022\/09\/06-1536x1024.jpg 1536w, https:\/\/marcali.plebania.hu\/wp-content\/uploads\/2022\/09\/06-2048x1365.jpg 2048w, https:\/\/marcali.plebania.hu\/wp-content\/uploads\/2022\/09\/06-405x270.jpg 405w\" sizes=\"auto, (max-width: 1024px) 100vw, 1024px\" \/><\/figure><\/li><li class=\"blocks-gallery-item\"><figure><img loading=\"lazy\" decoding=\"async\" width=\"1024\" height=\"683\" src=\"https:\/\/marcali.plebania.hu\/wp-content\/uploads\/2022\/09\/07-1024x683.jpg\" alt=\"\" data-id=\"3879\" data-full-url=\"https:\/\/marcali.plebania.hu\/wp-content\/uploads\/2022\/09\/07-scaled.jpg\" data-link=\"https:\/\/marcali.plebania.hu\/?attachment_id=3879\" class=\"wp-image-3879\" srcset=\"https:\/\/marcali.plebania.hu\/wp-content\/uploads\/2022\/09\/07-1024x683.jpg 1024w, https:\/\/marcali.plebania.hu\/wp-content\/uploads\/2022\/09\/07-300x200.jpg 300w, https:\/\/marcali.plebania.hu\/wp-content\/uploads\/2022\/09\/07-768x512.jpg 768w, https:\/\/marcali.plebania.hu\/wp-content\/uploads\/2022\/09\/07-1536x1024.jpg 1536w, https:\/\/marcali.plebania.hu\/wp-content\/uploads\/2022\/09\/07-2048x1365.jpg 2048w, https:\/\/marcali.plebania.hu\/wp-content\/uploads\/2022\/09\/07-405x270.jpg 405w\" sizes=\"auto, (max-width: 1024px) 100vw, 1024px\" \/><\/figure><\/li><\/ul><\/figure>\n\n\n\n<p>A d\u00e9lel\u0151tti program m\u00e1sik, ez\u00fattal szakr\u00e1lis c\u00e9lpontja a Balatonalm\u00e1di Szent Jobb k\u00e1polna volt. A k\u00e1poln\u00e1ban egyed\u00fcl\u00e1ll\u00f3 m\u00f3don, egy helyen tal\u00e1lhat\u00f3k meg az els\u0151 magyar Szent kir\u00e1lyi csal\u00e1d \u2013 Szent Istv\u00e1n, Szent Imre herceg \u00e9s Boldog Gizella \u2013 erekly\u00e9i.<\/p>\n\n\n\n<figure class=\"wp-block-gallery columns-3 is-cropped wp-block-gallery-3 is-layout-flex wp-block-gallery-is-layout-flex\"><ul class=\"blocks-gallery-grid\"><li class=\"blocks-gallery-item\"><figure><img loading=\"lazy\" decoding=\"async\" width=\"1024\" height=\"683\" src=\"https:\/\/marcali.plebania.hu\/wp-content\/uploads\/2022\/09\/32-1024x683.jpg\" alt=\"\" data-id=\"3880\" data-link=\"https:\/\/marcali.plebania.hu\/?attachment_id=3880\" class=\"wp-image-3880\" srcset=\"https:\/\/marcali.plebania.hu\/wp-content\/uploads\/2022\/09\/32-1024x683.jpg 1024w, https:\/\/marcali.plebania.hu\/wp-content\/uploads\/2022\/09\/32-300x200.jpg 300w, https:\/\/marcali.plebania.hu\/wp-content\/uploads\/2022\/09\/32-768x512.jpg 768w, https:\/\/marcali.plebania.hu\/wp-content\/uploads\/2022\/09\/32-1536x1024.jpg 1536w, https:\/\/marcali.plebania.hu\/wp-content\/uploads\/2022\/09\/32-2048x1365.jpg 2048w, https:\/\/marcali.plebania.hu\/wp-content\/uploads\/2022\/09\/32-405x270.jpg 405w\" sizes=\"auto, (max-width: 1024px) 100vw, 1024px\" \/><\/figure><\/li><li class=\"blocks-gallery-item\"><figure><img loading=\"lazy\" decoding=\"async\" width=\"1024\" height=\"683\" src=\"https:\/\/marcali.plebania.hu\/wp-content\/uploads\/2022\/09\/39-1024x683.jpg\" alt=\"\" data-id=\"3881\" data-link=\"https:\/\/marcali.plebania.hu\/?attachment_id=3881\" class=\"wp-image-3881\" srcset=\"https:\/\/marcali.plebania.hu\/wp-content\/uploads\/2022\/09\/39-1024x683.jpg 1024w, https:\/\/marcali.plebania.hu\/wp-content\/uploads\/2022\/09\/39-300x200.jpg 300w, https:\/\/marcali.plebania.hu\/wp-content\/uploads\/2022\/09\/39-768x512.jpg 768w, https:\/\/marcali.plebania.hu\/wp-content\/uploads\/2022\/09\/39-1536x1024.jpg 1536w, https:\/\/marcali.plebania.hu\/wp-content\/uploads\/2022\/09\/39-2048x1365.jpg 2048w, https:\/\/marcali.plebania.hu\/wp-content\/uploads\/2022\/09\/39-405x270.jpg 405w\" sizes=\"auto, (max-width: 1024px) 100vw, 1024px\" \/><\/figure><\/li><li class=\"blocks-gallery-item\"><figure><img loading=\"lazy\" decoding=\"async\" width=\"1024\" height=\"683\" src=\"https:\/\/marcali.plebania.hu\/wp-content\/uploads\/2022\/09\/48-1024x683.jpg\" alt=\"\" data-id=\"3882\" data-link=\"https:\/\/marcali.plebania.hu\/?attachment_id=3882\" class=\"wp-image-3882\" srcset=\"https:\/\/marcali.plebania.hu\/wp-content\/uploads\/2022\/09\/48-1024x683.jpg 1024w, https:\/\/marcali.plebania.hu\/wp-content\/uploads\/2022\/09\/48-300x200.jpg 300w, https:\/\/marcali.plebania.hu\/wp-content\/uploads\/2022\/09\/48-768x512.jpg 768w, https:\/\/marcali.plebania.hu\/wp-content\/uploads\/2022\/09\/48-1536x1024.jpg 1536w, https:\/\/marcali.plebania.hu\/wp-content\/uploads\/2022\/09\/48-2048x1365.jpg 2048w, https:\/\/marcali.plebania.hu\/wp-content\/uploads\/2022\/09\/48-405x270.jpg 405w\" sizes=\"auto, (max-width: 1024px) 100vw, 1024px\" \/><\/figure><\/li><li class=\"blocks-gallery-item\"><figure><img loading=\"lazy\" decoding=\"async\" width=\"1024\" height=\"683\" src=\"https:\/\/marcali.plebania.hu\/wp-content\/uploads\/2022\/09\/43-1024x683.jpg\" alt=\"\" data-id=\"3883\" data-full-url=\"https:\/\/marcali.plebania.hu\/wp-content\/uploads\/2022\/09\/43-scaled.jpg\" data-link=\"https:\/\/marcali.plebania.hu\/?attachment_id=3883\" class=\"wp-image-3883\" srcset=\"https:\/\/marcali.plebania.hu\/wp-content\/uploads\/2022\/09\/43-1024x683.jpg 1024w, https:\/\/marcali.plebania.hu\/wp-content\/uploads\/2022\/09\/43-300x200.jpg 300w, https:\/\/marcali.plebania.hu\/wp-content\/uploads\/2022\/09\/43-768x512.jpg 768w, https:\/\/marcali.plebania.hu\/wp-content\/uploads\/2022\/09\/43-1536x1024.jpg 1536w, https:\/\/marcali.plebania.hu\/wp-content\/uploads\/2022\/09\/43-2048x1365.jpg 2048w, https:\/\/marcali.plebania.hu\/wp-content\/uploads\/2022\/09\/43-405x270.jpg 405w\" sizes=\"auto, (max-width: 1024px) 100vw, 1024px\" \/><\/figure><\/li><\/ul><\/figure>\n\n\n\n<p>A Szent Jobb k\u00e1polna-f\u00fclke\nhelye eredetileg a budai kir\u00e1lyi v\u00e1rban volt, amely a Zsigmond k\u00e1poln\u00e1b\u00f3l\nny\u00edlt, s ebben 1901-1944 k\u00f6z\u00f6tt \u0151rizt\u00e9k Szent Istv\u00e1n Jobbj\u00e1t. A m\u00e1sodik\nvil\u00e1gh\u00e1bor\u00fa harcai sor\u00e1n a v\u00e1rtemplom teljesen elpusztult, de a Szent Jobb\nk\u00e1polna \u2013 b\u00e1r s\u00falyosan megrong\u00e1l\u00f3dott \u2013 csod\u00e1latosan megmaradt, mert a kir\u00e1lyi\npalota egy emelete r\u00e1omlott, ez\u00e1ltal a romjaival eltakarta \u00e9s a tov\u00e1bbi teljes\nelpusztul\u00e1st\u00f3l megmentette. A k\u00e1poln\u00e1t val\u00f3sz\u00edn\u0171leg Lotz K\u00e1roly tervei alapj\u00e1n\nR\u00f3th Miksa m\u0171hely\u00e9ben k\u00e9sz\u00edtett aranymozaik d\u00edsz\u00edtette, amelyet a millenniumra\ntervezett. 12 esztendeig roskadozott terh\u00e9vel a romok alatt, m\u00edg az \u201eutols\u00f3\n\u00f3r\u00e1ban\u201d siker\u00fclt megmenteni a v\u00e9gs\u0151 pusztul\u00e1st\u00f3l. Az \u00f6tvenes \u00e9vek k\u00f6zep\u00e9n az\nakkori pl\u00e9b\u00e1nos, Dr. Pint\u00e9r S\u00e1ndor, Bicskei Karle J\u00e1nos fest\u0151m\u0171v\u00e9szt\u0151l \u00e9rtes\u00fclt\na budai v\u00e1r romjai k\u00f6z\u00f6tt rejl\u0151, pusztul\u00e1sra \u00edt\u00e9lt \u00e9rt\u00e9kr\u0151l. Az \u0151\nkezdem\u00e9nyez\u00e9s\u00e9re \u00e9s szervez\u0151 munk\u00e1ja eredm\u00e9nyek\u00e9nt \u00e9p\u00fclt fel a Szent Jobb\nk\u00e1polna pontos m\u00e1sa a balatonalm\u00e1di Szent Imre pl\u00e9b\u00e1nia templom mellett. A\nboltozat mozaikj\u00e1t \u00e9s a k\u00e1polna bels\u0151 ter\u00e9nek t\u00f6bb r\u00e9szlet\u00e9t (az olt\u00e1rt a\ntabern\u00e1kulummal, a gyertyatart\u00f3kat, a kov\u00e1csoltvas kaput \u00e9s m\u00e1rv\u00e1ny keret\u00e9t)\nhozz\u00e1\u00e9rt\u0151 kezek gondos munk\u00e1val rekonstru\u00e1lt\u00e1k a teheraut\u00f3kon odasz\u00e1ll\u00edtott\nt\u00f6red\u00e9kekb\u0151l. A millenniumot z\u00e1r\u00f3 \u00fcnneps\u00e9gek r\u00e9szek\u00e9nt, 2001. augusztus 19-\u00e9n egy\na Szent Jobb\u00f3l sz\u00e1rmaz\u00f3 erekly\u00e9t adom\u00e1nyozott ennek a k\u00e1poln\u00e1nak Szab\u00f3 G\u00e9za, a\nSzent Istv\u00e1n bazilika pl\u00e9b\u00e1nosa, a Szent Jobb \u0151re.<\/p>\n\n\n\n<p>A K\u00c9SZ Marcali\nCsoport tagjai \u00e9s a r\u00e9sztvev\u0151k im\u00e1val, \u00e9nekkel, v\u00e9g\u00fcl koszor\u00faval \u00e9s m\u00e9cses\ngy\u00fajt\u00e1s\u00e1val fejezt\u00e9k ki\ntisztelet\u00fcket a szent helyen.<\/p>\n\n\n\n<p>A\ncsoport ezut\u00e1n a Bakony D\u00e9l-keleti\nkapuj\u00e1ban, a Balaton, Veszpr\u00e9m, Sz\u00e9kesfeh\u00e9rv\u00e1r, V\u00e1rpalota, Zirc \u00e9s M\u00f3r\nvonz\u00e1sk\u00f6rzet\u00e9ben, a V\u00e1rpalot\u00e1t\u00f3l 8 km-re tal\u00e1lhat\u00f3 Nagy-Magyarorsz\u00e1g Parkba\nutazott, ahol p\u00e1ratlan term\u00e9szeti k\u00f6rnyezetben, a boldog b\u00e9keid\u0151 hangulat\u00e1t\nid\u00e9z\u0151 4 hekt\u00e1ros pihen\u0151parkban el\u0151sz\u00f6r a Trianoni M\u00fazeum: \u201eMagyar k\u00e1lv\u00e1ria\n1918-1920\u201d c\u00edm\u0171 ki\u00e1ll\u00edt\u00e1s\u00e1t tekintett\u00e9k meg. A park ki\u00e1ll\u00edt\u00f3 pavilonj\u00e1ban a Trianoni B\u00e9kedikt\u00e1tum\ncenten\u00e1riumi \u00e9vfordul\u00f3j\u00e1ra eml\u00e9kez\u0151 kollekci\u00f3 a t\u00f6rt\u00e9nelem egyik v\u00e9szterhes\nid\u0151szak\u00e1ra eml\u00e9keztette a csapat tagjait, aminek m\u00e1ig hat\u00f3 k\u00f6vetkezm\u00e9nyei\nvannak. Mint azt t\u00f6bben meg\u00e1llap\u00edtott\u00e1k, a t\u00f6rt\u00e9nelem sajnos ma is ism\u00e9tli\n\u00f6nmag\u00e1t. Ezt t\u00e1masztotta al\u00e1 a K\u00f6lcsey Ferenc-f\u00e9le id\u00e9zet is, ami a bej\u00e1ratn\u00e1l a l\u00e1togat\u00f3kat\nfogadta: \u201eKinek sz\u00edv\u00e9ben a haza nem \u00e9l, az sz\u00e1m\u0171z\u00f6ttnek tekintheti mag\u00e1t\nmindenhol; s lelk\u00e9ben \u00fcress\u00e9g van, mit semmi t\u00e1rgy, semmi \u00e9rzet be nem t\u00f6lt\u201d.<\/p>\n\n\n\n<p>A marcali zar\u00e1ndokok ezut\u00e1n megtekintett\u00e9k a Millenniumi Szoborkert alkot\u00e1sait is. Megtudt\u00e1k, hogy a Nagy-Magyarorsz\u00e1g Park a Trianon M\u00fazeum Alap\u00edtv\u00e1ny tulajdona, amely egyben m\u00fazeumpedag\u00f3giai szervezet is. Az egyed\u00fcl\u00e1ll\u00f3 \u00e9lm\u00e9nyt mintegy 100 sz\u00ednvonalas sz\u00e1ll\u00e1shely, a K\u00e1rp\u00e1t-medence \u00e9teleit, borait k\u00edn\u00e1l\u00f3 \u00e9tterem \u00e9s falatoz\u00f3, k\u00e1v\u00e9z\u00f3 \u00e9s boroz\u00f3, az akt\u00edv pihen\u00e9st, kikapcsol\u00f3d\u00e1st, sz\u00f3rakoz\u00e1st biztos\u00edt\u00f3 szolg\u00e1ltat\u00e1sok, fesztiv\u00e1lok, kultur\u00e1lis \u00e9s sportrendezv\u00e9nyek biztos\u00edtj\u00e1k.<\/p>\n\n\n\n<figure class=\"wp-block-gallery columns-3 is-cropped wp-block-gallery-4 is-layout-flex wp-block-gallery-is-layout-flex\"><ul class=\"blocks-gallery-grid\"><li class=\"blocks-gallery-item\"><figure><img loading=\"lazy\" decoding=\"async\" width=\"1024\" height=\"683\" src=\"https:\/\/marcali.plebania.hu\/wp-content\/uploads\/2022\/09\/59-1024x683.jpg\" alt=\"\" data-id=\"3884\" data-link=\"https:\/\/marcali.plebania.hu\/?attachment_id=3884\" class=\"wp-image-3884\" srcset=\"https:\/\/marcali.plebania.hu\/wp-content\/uploads\/2022\/09\/59-1024x683.jpg 1024w, https:\/\/marcali.plebania.hu\/wp-content\/uploads\/2022\/09\/59-300x200.jpg 300w, https:\/\/marcali.plebania.hu\/wp-content\/uploads\/2022\/09\/59-768x512.jpg 768w, https:\/\/marcali.plebania.hu\/wp-content\/uploads\/2022\/09\/59-1536x1024.jpg 1536w, https:\/\/marcali.plebania.hu\/wp-content\/uploads\/2022\/09\/59-2048x1365.jpg 2048w, https:\/\/marcali.plebania.hu\/wp-content\/uploads\/2022\/09\/59-405x270.jpg 405w\" sizes=\"auto, (max-width: 1024px) 100vw, 1024px\" \/><\/figure><\/li><li class=\"blocks-gallery-item\"><figure><img loading=\"lazy\" decoding=\"async\" width=\"1024\" height=\"683\" src=\"https:\/\/marcali.plebania.hu\/wp-content\/uploads\/2022\/09\/61-1024x683.jpg\" alt=\"\" data-id=\"3885\" data-link=\"https:\/\/marcali.plebania.hu\/?attachment_id=3885\" class=\"wp-image-3885\" srcset=\"https:\/\/marcali.plebania.hu\/wp-content\/uploads\/2022\/09\/61-1024x683.jpg 1024w, https:\/\/marcali.plebania.hu\/wp-content\/uploads\/2022\/09\/61-300x200.jpg 300w, https:\/\/marcali.plebania.hu\/wp-content\/uploads\/2022\/09\/61-768x512.jpg 768w, https:\/\/marcali.plebania.hu\/wp-content\/uploads\/2022\/09\/61-1536x1024.jpg 1536w, https:\/\/marcali.plebania.hu\/wp-content\/uploads\/2022\/09\/61-2048x1365.jpg 2048w, https:\/\/marcali.plebania.hu\/wp-content\/uploads\/2022\/09\/61-405x270.jpg 405w\" sizes=\"auto, (max-width: 1024px) 100vw, 1024px\" \/><\/figure><\/li><li class=\"blocks-gallery-item\"><figure><img loading=\"lazy\" decoding=\"async\" width=\"1024\" height=\"683\" src=\"https:\/\/marcali.plebania.hu\/wp-content\/uploads\/2022\/09\/49-1024x683.jpg\" alt=\"\" data-id=\"3886\" data-link=\"https:\/\/marcali.plebania.hu\/?attachment_id=3886\" class=\"wp-image-3886\" srcset=\"https:\/\/marcali.plebania.hu\/wp-content\/uploads\/2022\/09\/49-1024x683.jpg 1024w, https:\/\/marcali.plebania.hu\/wp-content\/uploads\/2022\/09\/49-300x200.jpg 300w, https:\/\/marcali.plebania.hu\/wp-content\/uploads\/2022\/09\/49-768x512.jpg 768w, https:\/\/marcali.plebania.hu\/wp-content\/uploads\/2022\/09\/49-1536x1024.jpg 1536w, https:\/\/marcali.plebania.hu\/wp-content\/uploads\/2022\/09\/49-2048x1365.jpg 2048w, https:\/\/marcali.plebania.hu\/wp-content\/uploads\/2022\/09\/49-405x270.jpg 405w\" sizes=\"auto, (max-width: 1024px) 100vw, 1024px\" \/><\/figure><\/li><li class=\"blocks-gallery-item\"><figure><img loading=\"lazy\" decoding=\"async\" width=\"1024\" height=\"683\" src=\"https:\/\/marcali.plebania.hu\/wp-content\/uploads\/2022\/09\/66-1024x683.jpg\" alt=\"\" data-id=\"3887\" data-full-url=\"https:\/\/marcali.plebania.hu\/wp-content\/uploads\/2022\/09\/66-scaled.jpg\" data-link=\"https:\/\/marcali.plebania.hu\/?attachment_id=3887\" class=\"wp-image-3887\" srcset=\"https:\/\/marcali.plebania.hu\/wp-content\/uploads\/2022\/09\/66-1024x683.jpg 1024w, https:\/\/marcali.plebania.hu\/wp-content\/uploads\/2022\/09\/66-300x200.jpg 300w, https:\/\/marcali.plebania.hu\/wp-content\/uploads\/2022\/09\/66-768x512.jpg 768w, https:\/\/marcali.plebania.hu\/wp-content\/uploads\/2022\/09\/66-1536x1024.jpg 1536w, https:\/\/marcali.plebania.hu\/wp-content\/uploads\/2022\/09\/66-2048x1365.jpg 2048w, https:\/\/marcali.plebania.hu\/wp-content\/uploads\/2022\/09\/66-405x270.jpg 405w\" sizes=\"auto, (max-width: 1024px) 100vw, 1024px\" \/><\/figure><\/li><\/ul><\/figure>\n\n\n\n<p>A d\u00e9lut\u00e1ni program m\u00e1sik fontos \u00e1llom\u00e1sa a v\u00e1rpalotai Thury-v\u00e1rral val\u00f3 ismerked\u00e9s volt. A Palota n\u00e9ven is ismert er\u0151ss\u00e9g az egyik leg\u00e9pebben megmaradt hazai v\u00e1r, egyben V\u00e1rpalota jelk\u00e9pe is. El\u0151dj\u00e9t, a lak\u00f3palot\u00e1t Kont Mikl\u00f3s \u00e9p\u00edtette a 14. sz\u00e1zad v\u00e9g\u00e9n. Ezt az \u00e9p\u00edtm\u00e9nyt \u00dajlaki Mikl\u00f3s 1440-ben alak\u00edttatta \u00e1t er\u0151d\u00edtm\u00e9nny\u00e9. A legend\u00e1k szerint vend\u00e9gk\u00e9nt m\u00e9g M\u00e1ty\u00e1s kir\u00e1ly is megfordult itt az \u00dajlaki csal\u00e1dn\u00e1l. Egy m\u00e1sik elbesz\u00e9l\u00e9s szerint, 1476. december 11-\u00e9n Beatrix a palotai v\u00e1rban k\u00e9sz\u00fclt fel a M\u00e1ty\u00e1s kir\u00e1llyal k\u00f6t\u00f6tt, Feh\u00e9rv\u00e1ron tartand\u00f3 esk\u00fcv\u0151j\u00e9re \u00e9s a kir\u00e1lyn\u0151i koron\u00e1z\u00e1s\u00e1ra. Az \u00e9p\u00edtm\u00e9ny Thury Gy\u00f6rgy v\u00e1rkapit\u00e1nyr\u00f3l kapta a nev\u00e9t, aki 1566 nyar\u00e1n sikeresen visszaverte a t\u00faler\u0151ben l\u00e9v\u0151 t\u00f6r\u00f6k\u00f6k ostrom\u00e1t. Ezt k\u00f6vet\u0151en csak 1593-ban tudt\u00e1k elfoglalni az oszm\u00e1nh\u00f3d\u00edt\u00f3k a v\u00e1rat, ekkor azonban \u2013 kisebb megszak\u00edt\u00e1sokkal \u2013 94 \u00e9vig maradt az uralmuk alatt. A kuruc h\u00e1bor\u00fakban az \u00e9p\u00edtm\u00e9ny jelent\u0151sen megrong\u00e1l\u00f3dott, majd a R\u00e1k\u00f3czi szabads\u00e1gharc ut\u00e1n v\u00e9gleg elvesz\u00edtette had\u00e1szati jelent\u0151s\u00e9g\u00e9t. A v\u00e1r 1687-1890 k\u00f6z\u00f6tt a Zichy csal\u00e1d tulajdon\u00e1ban \u00e1llt. A legut\u00f3bbi nagyszab\u00e1s\u00fa fel\u00faj\u00edt\u00e1s\u00e1t 2013-ban hajtott\u00e1k v\u00e9gre.<\/p>\n\n\n\n<figure class=\"wp-block-gallery columns-3 is-cropped wp-block-gallery-5 is-layout-flex wp-block-gallery-is-layout-flex\"><ul class=\"blocks-gallery-grid\"><li class=\"blocks-gallery-item\"><figure><img loading=\"lazy\" decoding=\"async\" width=\"1024\" height=\"683\" src=\"https:\/\/marcali.plebania.hu\/wp-content\/uploads\/2022\/09\/68-1024x683.jpg\" alt=\"\" data-id=\"3888\" data-full-url=\"https:\/\/marcali.plebania.hu\/wp-content\/uploads\/2022\/09\/68-scaled.jpg\" data-link=\"https:\/\/marcali.plebania.hu\/?attachment_id=3888\" class=\"wp-image-3888\" srcset=\"https:\/\/marcali.plebania.hu\/wp-content\/uploads\/2022\/09\/68-1024x683.jpg 1024w, https:\/\/marcali.plebania.hu\/wp-content\/uploads\/2022\/09\/68-300x200.jpg 300w, https:\/\/marcali.plebania.hu\/wp-content\/uploads\/2022\/09\/68-768x512.jpg 768w, https:\/\/marcali.plebania.hu\/wp-content\/uploads\/2022\/09\/68-1536x1024.jpg 1536w, https:\/\/marcali.plebania.hu\/wp-content\/uploads\/2022\/09\/68-2048x1365.jpg 2048w, https:\/\/marcali.plebania.hu\/wp-content\/uploads\/2022\/09\/68-405x270.jpg 405w\" sizes=\"auto, (max-width: 1024px) 100vw, 1024px\" \/><\/figure><\/li><li class=\"blocks-gallery-item\"><figure><img loading=\"lazy\" decoding=\"async\" width=\"1024\" height=\"683\" src=\"https:\/\/marcali.plebania.hu\/wp-content\/uploads\/2022\/09\/69-1024x683.jpg\" alt=\"\" data-id=\"3889\" data-full-url=\"https:\/\/marcali.plebania.hu\/wp-content\/uploads\/2022\/09\/69-scaled.jpg\" data-link=\"https:\/\/marcali.plebania.hu\/?attachment_id=3889\" class=\"wp-image-3889\" srcset=\"https:\/\/marcali.plebania.hu\/wp-content\/uploads\/2022\/09\/69-1024x683.jpg 1024w, https:\/\/marcali.plebania.hu\/wp-content\/uploads\/2022\/09\/69-300x200.jpg 300w, https:\/\/marcali.plebania.hu\/wp-content\/uploads\/2022\/09\/69-768x512.jpg 768w, https:\/\/marcali.plebania.hu\/wp-content\/uploads\/2022\/09\/69-1536x1024.jpg 1536w, https:\/\/marcali.plebania.hu\/wp-content\/uploads\/2022\/09\/69-2048x1365.jpg 2048w, https:\/\/marcali.plebania.hu\/wp-content\/uploads\/2022\/09\/69-405x270.jpg 405w\" sizes=\"auto, (max-width: 1024px) 100vw, 1024px\" \/><\/figure><\/li><li class=\"blocks-gallery-item\"><figure><img loading=\"lazy\" decoding=\"async\" width=\"1024\" height=\"683\" src=\"https:\/\/marcali.plebania.hu\/wp-content\/uploads\/2022\/09\/70-1024x683.jpg\" alt=\"\" data-id=\"3890\" data-full-url=\"https:\/\/marcali.plebania.hu\/wp-content\/uploads\/2022\/09\/70-scaled.jpg\" data-link=\"https:\/\/marcali.plebania.hu\/?attachment_id=3890\" class=\"wp-image-3890\" srcset=\"https:\/\/marcali.plebania.hu\/wp-content\/uploads\/2022\/09\/70-1024x683.jpg 1024w, https:\/\/marcali.plebania.hu\/wp-content\/uploads\/2022\/09\/70-300x200.jpg 300w, https:\/\/marcali.plebania.hu\/wp-content\/uploads\/2022\/09\/70-768x512.jpg 768w, https:\/\/marcali.plebania.hu\/wp-content\/uploads\/2022\/09\/70-1536x1024.jpg 1536w, https:\/\/marcali.plebania.hu\/wp-content\/uploads\/2022\/09\/70-2048x1365.jpg 2048w, https:\/\/marcali.plebania.hu\/wp-content\/uploads\/2022\/09\/70-405x270.jpg 405w\" sizes=\"auto, (max-width: 1024px) 100vw, 1024px\" \/><\/figure><\/li><li class=\"blocks-gallery-item\"><figure><img loading=\"lazy\" decoding=\"async\" width=\"1024\" height=\"683\" src=\"https:\/\/marcali.plebania.hu\/wp-content\/uploads\/2022\/09\/71-1024x683.jpg\" alt=\"\" data-id=\"3891\" data-full-url=\"https:\/\/marcali.plebania.hu\/wp-content\/uploads\/2022\/09\/71-scaled.jpg\" data-link=\"https:\/\/marcali.plebania.hu\/?attachment_id=3891\" class=\"wp-image-3891\" srcset=\"https:\/\/marcali.plebania.hu\/wp-content\/uploads\/2022\/09\/71-1024x683.jpg 1024w, https:\/\/marcali.plebania.hu\/wp-content\/uploads\/2022\/09\/71-300x200.jpg 300w, https:\/\/marcali.plebania.hu\/wp-content\/uploads\/2022\/09\/71-768x512.jpg 768w, https:\/\/marcali.plebania.hu\/wp-content\/uploads\/2022\/09\/71-1536x1024.jpg 1536w, https:\/\/marcali.plebania.hu\/wp-content\/uploads\/2022\/09\/71-2048x1365.jpg 2048w, https:\/\/marcali.plebania.hu\/wp-content\/uploads\/2022\/09\/71-405x270.jpg 405w\" sizes=\"auto, (max-width: 1024px) 100vw, 1024px\" \/><\/figure><\/li><\/ul><\/figure>\n\n\n\n<p>A 600 \u00e9ves Thury-v\u00e1r\nv\u00e1ltozatos ki\u00e1ll\u00edt\u00e1sokkal v\u00e1rja a l\u00e1togat\u00f3it. Az egykori palotar\u00e9sz\nMagyarorsz\u00e1g egyetlen megmaradt 14. sz\u00e1zadi palotabels\u0151j\u00e9t mutatja be, \u00e9rt\u00e9kes\nfalk\u00e9pek tal\u00e1lhat\u00f3k benne az 1390-es \u00e9vekb\u0151l. A ki\u00e1ll\u00edt\u00e1sokat az udvarr\u00f3l ny\u00edl\u00f3\ntermekben rendezt\u00e9k be. A helyt\u00f6rt\u00e9neti ki\u00e1ll\u00edt\u00e1son a k\u00f6rny\u00e9k k\u0151kort\u00f3l val\u00f3\nt\u00f6rt\u00e9nete eg\u00e9szen napjainkig ismerhet\u0151 meg. Az els\u0151 emeleten ker\u00fclt\nkialak\u00edt\u00e1sra egy n\u00e9pviseleti gy\u0171jtem\u00e9ny, amely csaknem 100 darabb\u00f3l \u00e1ll. A\nThury-v\u00e1r egyik legr\u00e9gebbi term\u00e9ben kapott helyet az egyenruha gy\u0171jtem\u00e9ny, ahol\na honfoglal\u00e1st\u00f3l napjainkig viselt magyar katonai egyenruh\u00e1k sokas\u00e1ga\nsorakozik. Ezen k\u00edv\u00fcl a v\u00e1r \u00e9p\u00fclet\u00e9be a 60-as \u00e9vekben betelep\u00edtett\u00e9k a\nvegy\u00e9szeti m\u00fazeum ki\u00e1ll\u00edt\u00e1s\u00e1t is, amit 2013-ban interakt\u00edv elemekkel\nkieg\u00e9sz\u00edtve nyitottak meg.<\/p>\n\n\n\n<p>A K\u00c9SZ Marcali Csoport zar\u00e1ndokai, valamint az \u00e9ppen ott tart\u00f3zkod\u00f3 m\u00e1shonnan j\u00f6tt l\u00e1togat\u00f3k 15 \u00f3ra 54 perckor, egy korabeli ruh\u00e1ba \u00f6lt\u00f6z\u00f6tt v\u00e1rv\u00e9d\u0151 vit\u00e9z j\u00f3volt\u00e1b\u00f3l, r\u00f6viden megismerkedhettek egy korabeli hadi pusk\u00e1val \u00e9s m\u0171k\u00f6d\u00e9s\u00e9vel. Majd pedig a hadfi egy \u00fcdv\u00f6zl\u0151 l\u00f6v\u00e9st is bemutatott a jelenl\u00e9v\u0151knek. Mint megtudtuk, az igen er\u0151teljes, tisztelg\u0151 l\u00f6v\u00e9s Thury Gy\u00f6rgy egykori v\u00e1rkapit\u00e1nynak sz\u00f3lt, akinek nev\u00e9vel, V\u00e1rpalot\u00e1hoz k\u00f6thet\u0151en el\u0151sz\u00f6r 1554-ben tal\u00e1lkozhatunk a korabeli forr\u00e1sokban. (Innen j\u00f6tt a 15.54-es l\u00f6v\u00e9s id\u0151pontj\u00e1nak \u00f6tlete!) Thury Gy\u00f6rgy a 16. sz\u00e1zad egyik m\u00e9ltatlanul elfeledett legend\u00e1ja, akit egykor a b\u00e9csi udvarban a magyar \u201eEl Cid\u201d-k\u00e9nt emlegettek, a t\u00f6r\u00f6k\u00f6k a \u201eDun\u00e1nt\u00fal oroszl\u00e1njak\u00e9nt\u201d, m\u00edg Magyarhonban egyszer\u0171en csak a legkiv\u00e1l\u00f3bb bajv\u00edv\u00f3nak tartottak. Hihetetlen gy\u0151zelmeinek h\u00edre bej\u00e1rta eg\u00e9sz Eur\u00f3p\u00e1t, messze f\u00f6ldr\u0151l \u00e9rkeztek a t\u00f6r\u00f6k \u00e9s perzsa bajnokok, hogy \u00f6sszem\u00e9rhess\u00e9k vele kardjukat. 600 gy\u0151ztes p\u00e1rviadalr\u00f3l \u00e9nekeltek a kr\u00f3nik\u00e1sok, ami n\u00e9mik\u00e9ppen t\u00falz\u00e1snak tekinthet\u0151, de ha csak a tizedr\u00e9sze is igaz ennek, akkor is elk\u00e9peszt\u0151 sz\u00e1mot kapunk. Sajnos m\u00e1ra m\u00e9ltatlanul elhalv\u00e1nyult ennek a der\u00e9k harcosnak az eml\u00e9ke, akir\u0151l egykor h\u00e1rom nyelven is \u00edrtak verseket, \u00e9s minden magyar gyermek olyan h\u0151s szeretett volna lenni, mint \u0151.<\/p>\n\n\n\n<figure class=\"wp-block-gallery columns-3 is-cropped wp-block-gallery-6 is-layout-flex wp-block-gallery-is-layout-flex\"><ul class=\"blocks-gallery-grid\"><li class=\"blocks-gallery-item\"><figure><img loading=\"lazy\" decoding=\"async\" width=\"1024\" height=\"683\" src=\"https:\/\/marcali.plebania.hu\/wp-content\/uploads\/2022\/09\/78-1024x683.jpg\" alt=\"\" data-id=\"3892\" data-link=\"https:\/\/marcali.plebania.hu\/?attachment_id=3892\" class=\"wp-image-3892\" srcset=\"https:\/\/marcali.plebania.hu\/wp-content\/uploads\/2022\/09\/78-1024x683.jpg 1024w, https:\/\/marcali.plebania.hu\/wp-content\/uploads\/2022\/09\/78-300x200.jpg 300w, https:\/\/marcali.plebania.hu\/wp-content\/uploads\/2022\/09\/78-768x512.jpg 768w, https:\/\/marcali.plebania.hu\/wp-content\/uploads\/2022\/09\/78-1536x1024.jpg 1536w, https:\/\/marcali.plebania.hu\/wp-content\/uploads\/2022\/09\/78-2048x1365.jpg 2048w, https:\/\/marcali.plebania.hu\/wp-content\/uploads\/2022\/09\/78-405x270.jpg 405w\" sizes=\"auto, (max-width: 1024px) 100vw, 1024px\" \/><\/figure><\/li><li class=\"blocks-gallery-item\"><figure><img loading=\"lazy\" decoding=\"async\" width=\"1024\" height=\"683\" src=\"https:\/\/marcali.plebania.hu\/wp-content\/uploads\/2022\/09\/79-1024x683.jpg\" alt=\"\" data-id=\"3893\" data-link=\"https:\/\/marcali.plebania.hu\/?attachment_id=3893\" class=\"wp-image-3893\" srcset=\"https:\/\/marcali.plebania.hu\/wp-content\/uploads\/2022\/09\/79-1024x683.jpg 1024w, https:\/\/marcali.plebania.hu\/wp-content\/uploads\/2022\/09\/79-300x200.jpg 300w, https:\/\/marcali.plebania.hu\/wp-content\/uploads\/2022\/09\/79-768x512.jpg 768w, https:\/\/marcali.plebania.hu\/wp-content\/uploads\/2022\/09\/79-1536x1024.jpg 1536w, https:\/\/marcali.plebania.hu\/wp-content\/uploads\/2022\/09\/79-2048x1365.jpg 2048w, https:\/\/marcali.plebania.hu\/wp-content\/uploads\/2022\/09\/79-405x270.jpg 405w\" sizes=\"auto, (max-width: 1024px) 100vw, 1024px\" \/><\/figure><\/li><li class=\"blocks-gallery-item\"><figure><img loading=\"lazy\" decoding=\"async\" width=\"1024\" height=\"683\" src=\"https:\/\/marcali.plebania.hu\/wp-content\/uploads\/2022\/09\/98-1024x683.jpg\" alt=\"\" data-id=\"3894\" data-link=\"https:\/\/marcali.plebania.hu\/?attachment_id=3894\" class=\"wp-image-3894\" srcset=\"https:\/\/marcali.plebania.hu\/wp-content\/uploads\/2022\/09\/98-1024x683.jpg 1024w, https:\/\/marcali.plebania.hu\/wp-content\/uploads\/2022\/09\/98-300x200.jpg 300w, https:\/\/marcali.plebania.hu\/wp-content\/uploads\/2022\/09\/98-768x512.jpg 768w, https:\/\/marcali.plebania.hu\/wp-content\/uploads\/2022\/09\/98-1536x1024.jpg 1536w, https:\/\/marcali.plebania.hu\/wp-content\/uploads\/2022\/09\/98-2048x1365.jpg 2048w, https:\/\/marcali.plebania.hu\/wp-content\/uploads\/2022\/09\/98-405x270.jpg 405w\" sizes=\"auto, (max-width: 1024px) 100vw, 1024px\" \/><\/figure><\/li><li class=\"blocks-gallery-item\"><figure><img loading=\"lazy\" decoding=\"async\" width=\"1024\" height=\"683\" src=\"https:\/\/marcali.plebania.hu\/wp-content\/uploads\/2022\/09\/95-1024x683.jpg\" alt=\"\" data-id=\"3895\" data-full-url=\"https:\/\/marcali.plebania.hu\/wp-content\/uploads\/2022\/09\/95-scaled.jpg\" data-link=\"https:\/\/marcali.plebania.hu\/?attachment_id=3895\" class=\"wp-image-3895\" srcset=\"https:\/\/marcali.plebania.hu\/wp-content\/uploads\/2022\/09\/95-1024x683.jpg 1024w, https:\/\/marcali.plebania.hu\/wp-content\/uploads\/2022\/09\/95-300x200.jpg 300w, https:\/\/marcali.plebania.hu\/wp-content\/uploads\/2022\/09\/95-768x512.jpg 768w, https:\/\/marcali.plebania.hu\/wp-content\/uploads\/2022\/09\/95-1536x1024.jpg 1536w, https:\/\/marcali.plebania.hu\/wp-content\/uploads\/2022\/09\/95-2048x1365.jpg 2048w, https:\/\/marcali.plebania.hu\/wp-content\/uploads\/2022\/09\/95-405x270.jpg 405w\" sizes=\"auto, (max-width: 1024px) 100vw, 1024px\" \/><\/figure><\/li><\/ul><\/figure>\n\n\n\n<p>A zar\u00e1ndoklat z\u00e1r\u00e1sak\u00e9nt a k\u00e9s\u0151 d\u00e9lut\u00e1ni \u00f3r\u00e1kban, a hazafel\u00e9 vezet\u0151 \u00faton\nsiker\u00fclt m\u00e9g az \u00f6sk\u00fci templomot is k\u00edv\u00fclr\u0151l megtekinteni. A Bakony l\u00e1b\u00e1n\u00e1l elter\u00fcl\u0151 karsztos fenns\u00edk\negyik szikl\u00e1s dombj\u00e1t koron\u00e1zza a hagyom\u00e1nyost\u00f3l elt\u00e9r\u0151, kupol\u00e1s tetej\u0171 kerek\n\u00f6sk\u00fci templom (rotunda), amelynek eredet\u00e9t\u0151l r\u00e9gebben sok kalandos elm\u00e9letet\nmegfogalmaztak. Sokan azt gondolt\u00e1k, hogy eredetileg t\u00f6r\u00f6k mecset lett volna,\nvagy esetleg v\u00e1rtorony maradv\u00e1nya, s\u0151t egyesek m\u00e9g r\u00f3mai eredetre is\ngyanakodtak.<\/p>\n\n\n\n<p>A helyre\u00e1ll\u00edt\u00e1shoz kapcsol\u00f3d\u00f3 f\u00f6lm\u00e9r\u00e9s sor\u00e1n azonban kider\u00fclt, hogy a templom haj\u00f3ja nem k\u00f6r alak\u00fa, hanem ov\u00e1lis (\u00e1tm\u00e9r\u0151je csaknem 7 m), \u00e9s eredetileg k\u00fap alak\u00fa lehetett a teteje. A szent\u00e9ly\u00e9nek bels\u0151 \u00edve eredetileg patk\u00f3 alak\u00fa volt, nem pedig ny\u00fajtott f\u00e9lk\u00f6r\u00edves. Bej\u00e1rata r\u00e9gebben is a jelenlegi hely\u00e9n volt, de az ajt\u00f3ny\u00edl\u00e1s eredeti form\u00e1ja nem rekonstru\u00e1lhat\u00f3. A d\u00e9li oldalra ny\u00edlik k\u00e9t rom\u00e1n st\u00edlus\u00fa r\u00e9sablak, nyugatra egy kis k\u00f6rablak. A szent\u00e9lynek is hasonl\u00f3 ablakai lehettek.<\/p>\n\n\n\n<figure class=\"wp-block-gallery columns-3 is-cropped wp-block-gallery-7 is-layout-flex wp-block-gallery-is-layout-flex\"><ul class=\"blocks-gallery-grid\"><li class=\"blocks-gallery-item\"><figure><img loading=\"lazy\" decoding=\"async\" width=\"1024\" height=\"683\" src=\"https:\/\/marcali.plebania.hu\/wp-content\/uploads\/2022\/09\/102-1024x683.jpg\" alt=\"\" data-id=\"3896\" data-link=\"https:\/\/marcali.plebania.hu\/?attachment_id=3896\" class=\"wp-image-3896\" srcset=\"https:\/\/marcali.plebania.hu\/wp-content\/uploads\/2022\/09\/102-1024x683.jpg 1024w, https:\/\/marcali.plebania.hu\/wp-content\/uploads\/2022\/09\/102-300x200.jpg 300w, https:\/\/marcali.plebania.hu\/wp-content\/uploads\/2022\/09\/102-768x512.jpg 768w, https:\/\/marcali.plebania.hu\/wp-content\/uploads\/2022\/09\/102-1536x1024.jpg 1536w, https:\/\/marcali.plebania.hu\/wp-content\/uploads\/2022\/09\/102-2048x1365.jpg 2048w, https:\/\/marcali.plebania.hu\/wp-content\/uploads\/2022\/09\/102-405x270.jpg 405w\" sizes=\"auto, (max-width: 1024px) 100vw, 1024px\" \/><\/figure><\/li><li class=\"blocks-gallery-item\"><figure><img loading=\"lazy\" decoding=\"async\" width=\"1024\" height=\"683\" src=\"https:\/\/marcali.plebania.hu\/wp-content\/uploads\/2022\/09\/107-1024x683.jpg\" alt=\"\" data-id=\"3897\" data-link=\"https:\/\/marcali.plebania.hu\/?attachment_id=3897\" class=\"wp-image-3897\" srcset=\"https:\/\/marcali.plebania.hu\/wp-content\/uploads\/2022\/09\/107-1024x683.jpg 1024w, https:\/\/marcali.plebania.hu\/wp-content\/uploads\/2022\/09\/107-300x200.jpg 300w, https:\/\/marcali.plebania.hu\/wp-content\/uploads\/2022\/09\/107-768x512.jpg 768w, https:\/\/marcali.plebania.hu\/wp-content\/uploads\/2022\/09\/107-1536x1024.jpg 1536w, https:\/\/marcali.plebania.hu\/wp-content\/uploads\/2022\/09\/107-2048x1365.jpg 2048w, https:\/\/marcali.plebania.hu\/wp-content\/uploads\/2022\/09\/107-405x270.jpg 405w\" sizes=\"auto, (max-width: 1024px) 100vw, 1024px\" \/><\/figure><\/li><li class=\"blocks-gallery-item\"><figure><img loading=\"lazy\" decoding=\"async\" width=\"1024\" height=\"683\" src=\"https:\/\/marcali.plebania.hu\/wp-content\/uploads\/2022\/09\/105-1024x683.jpg\" alt=\"\" data-id=\"3898\" data-link=\"https:\/\/marcali.plebania.hu\/?attachment_id=3898\" class=\"wp-image-3898\" srcset=\"https:\/\/marcali.plebania.hu\/wp-content\/uploads\/2022\/09\/105-1024x683.jpg 1024w, https:\/\/marcali.plebania.hu\/wp-content\/uploads\/2022\/09\/105-300x200.jpg 300w, https:\/\/marcali.plebania.hu\/wp-content\/uploads\/2022\/09\/105-768x512.jpg 768w, https:\/\/marcali.plebania.hu\/wp-content\/uploads\/2022\/09\/105-1536x1024.jpg 1536w, https:\/\/marcali.plebania.hu\/wp-content\/uploads\/2022\/09\/105-2048x1365.jpg 2048w, https:\/\/marcali.plebania.hu\/wp-content\/uploads\/2022\/09\/105-405x270.jpg 405w\" sizes=\"auto, (max-width: 1024px) 100vw, 1024px\" \/><\/figure><\/li><li class=\"blocks-gallery-item\"><figure><img loading=\"lazy\" decoding=\"async\" width=\"1024\" height=\"683\" src=\"https:\/\/marcali.plebania.hu\/wp-content\/uploads\/2022\/09\/105-1-1024x683.jpg\" alt=\"\" data-id=\"3899\" data-full-url=\"https:\/\/marcali.plebania.hu\/wp-content\/uploads\/2022\/09\/105-1-scaled.jpg\" data-link=\"https:\/\/marcali.plebania.hu\/?attachment_id=3899\" class=\"wp-image-3899\" srcset=\"https:\/\/marcali.plebania.hu\/wp-content\/uploads\/2022\/09\/105-1-1024x683.jpg 1024w, https:\/\/marcali.plebania.hu\/wp-content\/uploads\/2022\/09\/105-1-300x200.jpg 300w, https:\/\/marcali.plebania.hu\/wp-content\/uploads\/2022\/09\/105-1-768x512.jpg 768w, https:\/\/marcali.plebania.hu\/wp-content\/uploads\/2022\/09\/105-1-1536x1024.jpg 1536w, https:\/\/marcali.plebania.hu\/wp-content\/uploads\/2022\/09\/105-1-2048x1365.jpg 2048w, https:\/\/marcali.plebania.hu\/wp-content\/uploads\/2022\/09\/105-1-405x270.jpg 405w\" sizes=\"auto, (max-width: 1024px) 100vw, 1024px\" \/><\/figure><\/li><\/ul><\/figure>\n\n\n\n<p>A k\u00f6zs\u00e9g eredeti neve\n\u0150sk\u0151, valaha a Szal\u00f3k nemzets\u00e9g birtok\u00e1ban volt. A 15. sz\u00e1zad k\u00f6zep\u00e9n az\n\u00dajlakiak birtoka lett, akik v\u00e1rkast\u00e9lyt is \u00e9p\u00edtettek a faluban. Az \u00c1rp\u00e1d-kori\nk\u00f6rtemplomok egyikek\u00e9nt a 11. sz\u00e1zadban \u00e9p\u00fclhetett (az 1975\/76-ban v\u00e9gzett\nm\u0171eml\u00e9ki helyre\u00e1ll\u00edt\u00e1s is ezt bizony\u00edtotta). Az \u00dajlakiak v\u00e1ra a domb alatti\npatak t\u00fals\u00f3 oldal\u00e1n l\u00e9v\u0151 magaslaton emelkedett. Sz\u00e9kesfeh\u00e9rv\u00e1r eleste (1543)\nut\u00e1n a falut is elpuszt\u00edtott\u00e1k a t\u00f6r\u00f6k\u00f6k. Az \u00faj birtokos Zichyek az 1710-es\n\u00e9vekt\u0151l felvid\u00e9ki szlov\u00e1kokkal telep\u00edtett\u00e9k be a falut. A 18. sz\u00e1zad elej\u00e9n\n\u00e9p\u00edtett\u00e9k ki a k\u00f6rtemplom jelenlegi tet\u0151form\u00e1t. 1725-ben katolikus templomk\u00e9nt\n\u00e9p\u00fclt \u00fajj\u00e1. A gyarapod\u00f3 lakoss\u00e1g sz\u00e1m\u00e1ra v\u00e9g\u00fcl igen kicsi lett ez a templom, ez\u00e9rt\ninnen t\u00e1volabb f\u00f6l\u00e9p\u00edtett\u00e9k a jelenlegi pl\u00e9b\u00e1niatemplomot (1843-1847). Az\u00f3ta a\nkerek templomot k\u00e1polnak\u00e9nt haszn\u00e1lj\u00e1k. 1909-ben k\u00f6z\u00e9pkori (15. sz\u00e1zadi\neredet\u0171) vaskulcsa a veszpr\u00e9mi m\u00fazeumba ker\u00fclt.<\/p>\n\n\n\n<p>A marcali csoport v\u00e9g\u00fcl a metsz\u0151 sz\u00e9lben megtekintette m\u00e9g a S\u00f3lyn\u00e1l tal\u00e1lhat\u00f3 f\u00e1b\u00f3l k\u00e9sz\u00fclt Szent Istv\u00e1n kardja eml\u00e9km\u0171vet is. A helyi hagyom\u00e1ny szerint ugyanis S\u00f3ly \u00e9s Kir\u00e1lyszentistv\u00e1n hat\u00e1r\u00e1ban zajlott le 997-ben Szent Istv\u00e1n \u00e9s Kopp\u00e1ny k\u00f6z\u00f6tt a d\u00f6nt\u0151 \u00fctk\u00f6zet. E csata eml\u00e9k\u00e9re helyezt\u00e9k el eredetileg 1998-ban Istv\u00e1n kardj\u00e1nak hatalmas, 13 m\u00e9teres f\u00e1b\u00f3l k\u00e9sz\u00fclt m\u00e1s\u00e1t a K\u00e1lv\u00e1ria-dombon, a falu hat\u00e1r\u00e1ban. Ez volt addig a vil\u00e1g legnagyobb, f\u00e1b\u00f3l k\u00e9sz\u00fclt kardja, de 2014 j\u00falius\u00e1ban az eml\u00e9km\u0171, amelybe k\u00f6zben egy vill\u00e1m is belecsapott, elkorhadva kid\u0151lt. Ennek hely\u00e9re v\u00e9g\u00fcl a Bakonyerd\u0151 Zrt. j\u00f3volt\u00e1b\u00f3l a kor\u00e1bbi vil\u00e1grekordn\u00e1l is magasabb kardot \u00e1ll\u00edtottak 2021-ben, az \u00e1llamalap\u00edt\u00e1s \u00fcnnep\u00e9n, a k\u00f6zs\u00e9g temploma melletti domboldalban. Ihark\u00fat k\u00f6zs\u00e9g hat\u00e1rban egy t\u00f6lgyes erd\u0151 elegyf\u00e1jak\u00e9nt n\u0151tt az a gy\u00f6ny\u00f6r\u0171, 38 m magas, \u00e9s k\u00f6zel 90 cm-es mellmagass\u00e1gi \u00e1tm\u00e9r\u0151t el\u00e9r\u0151 v\u00f6r\u00f6sfeny\u0151, melynek 18 m\u00e9teres, 7-8 tonna t\u00f6meg\u0171 t\u00f6rzsdarabj\u00e1b\u00f3l k\u00e9sz\u00fclt el az \u00faj kard. A hatalmas m\u00e9ret\u0171 v\u00f6r\u00f6sfeny\u0151t el\u0151sz\u00f6r Hajm\u00e1sk\u00e9rre sz\u00e1ll\u00edtott\u00e1k, ahol megkezdt\u00e9k feldolgoz\u00e1s\u00e1t, majd pedig egy \u00f6sk\u00fci fafarag\u00f3mester munk\u00e1ja nyom\u00e1n k\u00e9sz\u00fclt el az alkot\u00e1s, amely a kereszt\u00e9ny magyar \u00e1llamis\u00e1g sz\u00fclet\u00e9s\u00e9nek \u00e1ll\u00edt eml\u00e9ket.<\/p>\n\n\n\n<figure class=\"wp-block-gallery columns-3 is-cropped wp-block-gallery-8 is-layout-flex wp-block-gallery-is-layout-flex\"><ul class=\"blocks-gallery-grid\"><li class=\"blocks-gallery-item\"><figure><img loading=\"lazy\" decoding=\"async\" width=\"1024\" height=\"683\" src=\"https:\/\/marcali.plebania.hu\/wp-content\/uploads\/2022\/09\/110-1024x683.jpg\" alt=\"\" data-id=\"3900\" data-link=\"https:\/\/marcali.plebania.hu\/?attachment_id=3900\" class=\"wp-image-3900\" srcset=\"https:\/\/marcali.plebania.hu\/wp-content\/uploads\/2022\/09\/110-1024x683.jpg 1024w, https:\/\/marcali.plebania.hu\/wp-content\/uploads\/2022\/09\/110-300x200.jpg 300w, https:\/\/marcali.plebania.hu\/wp-content\/uploads\/2022\/09\/110-768x512.jpg 768w, https:\/\/marcali.plebania.hu\/wp-content\/uploads\/2022\/09\/110-1536x1024.jpg 1536w, https:\/\/marcali.plebania.hu\/wp-content\/uploads\/2022\/09\/110-2048x1365.jpg 2048w, https:\/\/marcali.plebania.hu\/wp-content\/uploads\/2022\/09\/110-405x270.jpg 405w\" sizes=\"auto, (max-width: 1024px) 100vw, 1024px\" \/><\/figure><\/li><li class=\"blocks-gallery-item\"><figure><img loading=\"lazy\" decoding=\"async\" width=\"1024\" height=\"683\" src=\"https:\/\/marcali.plebania.hu\/wp-content\/uploads\/2022\/09\/112-1024x683.jpg\" alt=\"\" data-id=\"3902\" data-link=\"https:\/\/marcali.plebania.hu\/?attachment_id=3902\" class=\"wp-image-3902\" srcset=\"https:\/\/marcali.plebania.hu\/wp-content\/uploads\/2022\/09\/112-1024x683.jpg 1024w, https:\/\/marcali.plebania.hu\/wp-content\/uploads\/2022\/09\/112-300x200.jpg 300w, https:\/\/marcali.plebania.hu\/wp-content\/uploads\/2022\/09\/112-768x512.jpg 768w, https:\/\/marcali.plebania.hu\/wp-content\/uploads\/2022\/09\/112-1536x1024.jpg 1536w, https:\/\/marcali.plebania.hu\/wp-content\/uploads\/2022\/09\/112-2048x1365.jpg 2048w, https:\/\/marcali.plebania.hu\/wp-content\/uploads\/2022\/09\/112-405x270.jpg 405w\" sizes=\"auto, (max-width: 1024px) 100vw, 1024px\" \/><\/figure><\/li><li class=\"blocks-gallery-item\"><figure><img loading=\"lazy\" decoding=\"async\" width=\"1024\" height=\"683\" src=\"https:\/\/marcali.plebania.hu\/wp-content\/uploads\/2022\/09\/117-1-1024x683.jpg\" alt=\"\" data-id=\"3903\" data-link=\"https:\/\/marcali.plebania.hu\/?attachment_id=3903\" class=\"wp-image-3903\" srcset=\"https:\/\/marcali.plebania.hu\/wp-content\/uploads\/2022\/09\/117-1-1024x683.jpg 1024w, https:\/\/marcali.plebania.hu\/wp-content\/uploads\/2022\/09\/117-1-300x200.jpg 300w, https:\/\/marcali.plebania.hu\/wp-content\/uploads\/2022\/09\/117-1-768x512.jpg 768w, https:\/\/marcali.plebania.hu\/wp-content\/uploads\/2022\/09\/117-1-1536x1024.jpg 1536w, https:\/\/marcali.plebania.hu\/wp-content\/uploads\/2022\/09\/117-1-2048x1365.jpg 2048w, https:\/\/marcali.plebania.hu\/wp-content\/uploads\/2022\/09\/117-1-405x270.jpg 405w\" sizes=\"auto, (max-width: 1024px) 100vw, 1024px\" \/><\/figure><\/li><li class=\"blocks-gallery-item\"><figure><img loading=\"lazy\" decoding=\"async\" width=\"1024\" height=\"683\" src=\"https:\/\/marcali.plebania.hu\/wp-content\/uploads\/2022\/09\/113-1024x683.jpg\" alt=\"\" data-id=\"3904\" data-full-url=\"https:\/\/marcali.plebania.hu\/wp-content\/uploads\/2022\/09\/113-scaled.jpg\" data-link=\"https:\/\/marcali.plebania.hu\/?attachment_id=3904\" class=\"wp-image-3904\" srcset=\"https:\/\/marcali.plebania.hu\/wp-content\/uploads\/2022\/09\/113-1024x683.jpg 1024w, https:\/\/marcali.plebania.hu\/wp-content\/uploads\/2022\/09\/113-300x200.jpg 300w, https:\/\/marcali.plebania.hu\/wp-content\/uploads\/2022\/09\/113-768x512.jpg 768w, https:\/\/marcali.plebania.hu\/wp-content\/uploads\/2022\/09\/113-1536x1024.jpg 1536w, https:\/\/marcali.plebania.hu\/wp-content\/uploads\/2022\/09\/113-2048x1365.jpg 2048w, https:\/\/marcali.plebania.hu\/wp-content\/uploads\/2022\/09\/113-405x270.jpg 405w\" sizes=\"auto, (max-width: 1024px) 100vw, 1024px\" \/><\/figure><\/li><\/ul><\/figure>\n\n\n\n<p>K\u00fcl\u00f6n\u00f6s \u00e9lm\u00e9ny volt\nezen a helyen meg\u00e1llni \u00e9s kicsit elmerengni a t\u00f6rt\u00e9nelmi m\u00falton, Szent Istv\u00e1n\nnyomdokait k\u00f6vetve. Term\u00e9szetesen itt is hagytunk egy kis eml\u00e9kkoszor\u00fat,\nnemzeti sz\u00edn\u0171 szalaggal \u00e1tk\u00f6tve, illetve egy \u00fajabb m\u00e9csessel fejezt\u00fck ki\ntisztelet\u00fcnket az orsz\u00e1galap\u00edt\u00f3 kir\u00e1lyunk eml\u00e9ke el\u0151tt.<\/p>\n\n\n\n<p>A K\u00c9SZ Marcali\nCsoportj\u00e1nak idei tartalmas \u00e9s programban b\u0151velked\u0151 zar\u00e1ndoklat\u00e1t a Nemzeti\nEgy\u00fcttm\u0171k\u00f6d\u00e9si Alap (NEA), a Minisztereln\u00f6ks\u00e9g \u00e9s a\nBethlen G\u00e1bor Alapkezel\u0151 Zrt. is t\u00e1mogatta. K\u00f6sz\u00f6net \u00e9rte!<\/p>\n\n\n\n<p>\u00cdrta: Kiss K\u00e1lm\u00e1n<\/p>\n\n\n\n<p>Fot\u00f3k:\nBogd\u00e1n L\u00e1szl\u00f3 \u2013 HA3TBL, Kiss K\u00e1lm\u00e1n<\/p>\n","protected":false},"excerpt":{"rendered":"<p>2022. szeptember 17-\u00e9n, szombaton tartott\u00e1k meg a Kereszt\u00e9ny \u00c9rtelmis\u00e9giek Sz\u00f6vets\u00e9ge (K\u00c9SZ) Marcali Csoportj\u00e1nak a hagyom\u00e1nyos \u00e9ves zar\u00e1ndoklat\u00e1t Balatonf\u00f6red-Balatonalm\u00e1di-V\u00e1rpalota-\u00d6sk\u00fc-S\u00f3ly \u00fatvonalon. Az id\u00e9n \u00f6sszesen 31 f\u0151 \u2013 t\u00f6bbs\u00e9g\u00e9ben a K\u00c9SZ tagja \u2013 v\u00e1llalkozott az \u00fatra, hogy megismerj\u00e9k az \u00e9rintett ter\u00fclet jelent\u0151sebb vall\u00e1si, szakr\u00e1lis, \u00e9p\u00edt\u00e9szeti, kult\u00fart\u00f6rt\u00e9neti \u00e9s term\u00e9szeti \u00e9rt\u00e9keit, valamint a Nagy-Magyarorsz\u00e1g Park \u00e9s a Trianon M\u00fazeum id\u0151szaki ki\u00e1ll\u00edt\u00e1sait. A zar\u00e1ndoklatot ez\u00fattal is S\u00e1voly Andrea, a K\u00c9SZ egyik legakt\u00edvabb alap\u00edt\u00f3-tagja \u00e9s Kiss K\u00e1lm\u00e1n eln\u00f6k szervezt\u00e9k \u00e9s vezett\u00e9k. A k\u00fcl\u00f6nj\u00e1rati aut\u00f3buszos utaz\u00e1s els\u0151 \u00e1llom\u00e1sa&#8230;<\/p>\n<p class=\"read-more\"><a class=\"btn btn-default\" href=\"https:\/\/marcali.plebania.hu\/?p=3871\"> Read More<span class=\"screen-reader-text\">  Read More<\/span><\/a><\/p>\n","protected":false},"author":2,"featured_media":0,"comment_status":"closed","ping_status":"open","sticky":false,"template":"","format":"standard","meta":{"footnotes":""},"categories":[1],"tags":[],"class_list":["post-3871","post","type-post","status-publish","format-standard","hentry","category-egyeb"],"_links":{"self":[{"href":"https:\/\/marcali.plebania.hu\/index.php?rest_route=\/wp\/v2\/posts\/3871","targetHints":{"allow":["GET"]}}],"collection":[{"href":"https:\/\/marcali.plebania.hu\/index.php?rest_route=\/wp\/v2\/posts"}],"about":[{"href":"https:\/\/marcali.plebania.hu\/index.php?rest_route=\/wp\/v2\/types\/post"}],"author":[{"embeddable":true,"href":"https:\/\/marcali.plebania.hu\/index.php?rest_route=\/wp\/v2\/users\/2"}],"replies":[{"embeddable":true,"href":"https:\/\/marcali.plebania.hu\/index.php?rest_route=%2Fwp%2Fv2%2Fcomments&post=3871"}],"version-history":[{"count":1,"href":"https:\/\/marcali.plebania.hu\/index.php?rest_route=\/wp\/v2\/posts\/3871\/revisions"}],"predecessor-version":[{"id":3905,"href":"https:\/\/marcali.plebania.hu\/index.php?rest_route=\/wp\/v2\/posts\/3871\/revisions\/3905"}],"wp:attachment":[{"href":"https:\/\/marcali.plebania.hu\/index.php?rest_route=%2Fwp%2Fv2%2Fmedia&parent=3871"}],"wp:term":[{"taxonomy":"category","embeddable":true,"href":"https:\/\/marcali.plebania.hu\/index.php?rest_route=%2Fwp%2Fv2%2Fcategories&post=3871"},{"taxonomy":"post_tag","embeddable":true,"href":"https:\/\/marcali.plebania.hu\/index.php?rest_route=%2Fwp%2Fv2%2Ftags&post=3871"}],"curies":[{"name":"wp","href":"https:\/\/api.w.org\/{rel}","templated":true}]}}