{"id":3906,"date":"2022-09-23T09:43:44","date_gmt":"2022-09-23T09:43:44","guid":{"rendered":"https:\/\/marcali.plebania.hu\/?p=3906"},"modified":"2022-09-23T09:43:44","modified_gmt":"2022-09-23T09:43:44","slug":"hirdetesek-2022-09-25","status":"publish","type":"post","link":"https:\/\/marcali.plebania.hu\/?p=3906","title":{"rendered":"Hirdet\u00e9sek, 2022. 09. 25."},"content":{"rendered":"\n<ol class=\"wp-block-list\"><li>Ma van az \u00e9vk\u00f6zi 26. vas\u00e1rnap. Ma az Orb\u00e1n k\u00e1poln\u00e1ban\n11 \u00f3rakor term\u00e9nybetakar\u00edt\u00f3 szentmise.<\/li><li>A h\u00e9ten, p\u00e9nteken 17 \u00f3rakor lesz az iskol\u00e1s gyermekek\n\u00e9vkezd\u0151 szentgy\u00f3n\u00e1sa a pl\u00e9b\u00e1niatemplomban. 17.30-kor szents\u00e9gim\u00e1d\u00e1s kezd\u0151dik,\n18 \u00f3rakor szentmise.<\/li><li>Szombaton 17 \u00f3rakor els\u0151 szombati \u00e1jtatoss\u00e1got tartunk,\nut\u00e1na 18 \u00f3rakor szentmise.<\/li><li>Okt\u00f3ber 9-\u00e9n (vas\u00e1rnap) d\u00e9lut\u00e1n 3 \u00f3rakor szentmis\u00e9vel\nkezd\u0151dik a Marcali Pl\u00e9b\u00e1nia \u00fajj\u00e1alak\u00edt\u00e1s\u00e1nak 300. \u00e9vfordul\u00f3j\u00e1b\u00f3l rendezend\u0151\n\u00fcnneps\u00e9g, melynek f\u0151celebr\u00e1nsa Berta Tibor dand\u00e1rt\u00e1bornok, t\u00e1bori p\u00fcsp\u00f6k, volt\nmarcali k\u00e1pl\u00e1n lesz. Az \u00fcnnepi szentmis\u00e9re megh\u00edvtuk a m\u00e9g \u00e9l\u0151 marcali\nk\u00e1pl\u00e1nokat is. Erre a szentmis\u00e9re megh\u00edvtuk a v\u00e1ros vezet\u0151it,\nint\u00e9zm\u00e9nyvezet\u0151ket \u00e9s term\u00e9szetesen Marcali lakoss\u00e1g\u00e1t. A szentmise ut\u00e1n k\u00f6z\u00f6s\nszeretetlakom\u00e1ra h\u00edvjuk a h\u00edveket is az X-h\u00e1zba \u00e9s annak udvar\u00e1ra. Az\negyh\u00e1zk\u00f6zs\u00e9g vend\u00e9gl\u00e1t\u00e1s\u00e1hoz k\u00e9rj\u00fck, hogy aki teheti, hozzon mag\u00e1val egy t\u00e1lca\ns\u00fctem\u00e9nyt, vagy pog\u00e1cs\u00e1t, melyet a szentmise el\u0151tt az X-h\u00e1zban lehet leadni.<\/li><li>A Kaposv\u00e1ri P\u00fcsp\u00f6ks\u00e9g Evangeliz\u00e1ci\u00f3s K\u00f6zpontja\nSzentl\u00e9lek szemin\u00e1riumot hirdet Marcaliban kiz\u00e1r\u00f3lag f\u00e9rfiak r\u00e9sz\u00e9re. A\nszemin\u00e1rium okt\u00f3ber 3-\u00e1n kezd\u0151dik \u00e9s november 28-ig tart. Jelentkezni Kir\u00e1ly\nJen\u0151n\u00e9l lehet m\u00e9g a jelentkez\u00e9si lap lead\u00e1s\u00e1val. A jelentkez\u00e9si lap vagy a\npl\u00e9b\u00e1ni\u00e1n vagy a sekresty\u00e9ben \u00e1tvehet\u0151.<\/li><li>A Magyar Katolikus P\u00fcsp\u00f6kkari Konferencia azzal a\nfelh\u00edv\u00e1ssal fordul a kedves h\u00edvekhez, hogy vallj\u00e1k meg a hit\u00fcket az okt\u00f3ber\n1-\u00e9n kezd\u0151d\u0151 n\u00e9psz\u00e1ml\u00e1l\u00e1s alkalm\u00e1val. A n\u00e9psz\u00e1ml\u00e1l\u00e1s okt\u00f3ber 1-t\u0151l november\n28-ig tart. Online is ki lehet t\u00f6lteni, akik nem \u00e9lnek ezzel a lehet\u0151s\u00e9ggel,\nazokat november v\u00e9g\u00e9n sz\u00e1ml\u00e1l\u00f3biztosok keresik fel. A kit\u00f6ltend\u0151 lapon az\nszerepel, hogy nem k\u00f6telez\u0151 a k\u00e9rd\u00e9sre v\u00e1laszolni, de tekints\u00fck hitvall\u00e1snak,\nhogy v\u00e1laszolunk r\u00e1, katolikusok vagyunk.<\/li><\/ol>\n","protected":false},"excerpt":{"rendered":"<p>Ma van az \u00e9vk\u00f6zi 26. vas\u00e1rnap. Ma az Orb\u00e1n k\u00e1poln\u00e1ban 11 \u00f3rakor term\u00e9nybetakar\u00edt\u00f3 szentmise. A h\u00e9ten, p\u00e9nteken 17 \u00f3rakor lesz az iskol\u00e1s gyermekek \u00e9vkezd\u0151 szentgy\u00f3n\u00e1sa a pl\u00e9b\u00e1niatemplomban. 17.30-kor szents\u00e9gim\u00e1d\u00e1s kezd\u0151dik, 18 \u00f3rakor szentmise. Szombaton 17 \u00f3rakor els\u0151 szombati \u00e1jtatoss\u00e1got tartunk, ut\u00e1na 18 \u00f3rakor szentmise. Okt\u00f3ber 9-\u00e9n (vas\u00e1rnap) d\u00e9lut\u00e1n 3 \u00f3rakor szentmis\u00e9vel kezd\u0151dik a Marcali Pl\u00e9b\u00e1nia \u00fajj\u00e1alak\u00edt\u00e1s\u00e1nak 300. \u00e9vfordul\u00f3j\u00e1b\u00f3l rendezend\u0151 \u00fcnneps\u00e9g, melynek f\u0151celebr\u00e1nsa Berta Tibor dand\u00e1rt\u00e1bornok, t\u00e1bori p\u00fcsp\u00f6k, volt marcali k\u00e1pl\u00e1n lesz. Az \u00fcnnepi szentmis\u00e9re megh\u00edvtuk a m\u00e9g \u00e9l\u0151 marcali k\u00e1pl\u00e1nokat&#8230;<\/p>\n<p class=\"read-more\"><a class=\"btn btn-default\" href=\"https:\/\/marcali.plebania.hu\/?p=3906\"> Read More<span class=\"screen-reader-text\">  Read More<\/span><\/a><\/p>\n","protected":false},"author":2,"featured_media":0,"comment_status":"closed","ping_status":"open","sticky":false,"template":"","format":"standard","meta":{"footnotes":""},"categories":[1],"tags":[],"class_list":["post-3906","post","type-post","status-publish","format-standard","hentry","category-egyeb"],"_links":{"self":[{"href":"https:\/\/marcali.plebania.hu\/index.php?rest_route=\/wp\/v2\/posts\/3906","targetHints":{"allow":["GET"]}}],"collection":[{"href":"https:\/\/marcali.plebania.hu\/index.php?rest_route=\/wp\/v2\/posts"}],"about":[{"href":"https:\/\/marcali.plebania.hu\/index.php?rest_route=\/wp\/v2\/types\/post"}],"author":[{"embeddable":true,"href":"https:\/\/marcali.plebania.hu\/index.php?rest_route=\/wp\/v2\/users\/2"}],"replies":[{"embeddable":true,"href":"https:\/\/marcali.plebania.hu\/index.php?rest_route=%2Fwp%2Fv2%2Fcomments&post=3906"}],"version-history":[{"count":1,"href":"https:\/\/marcali.plebania.hu\/index.php?rest_route=\/wp\/v2\/posts\/3906\/revisions"}],"predecessor-version":[{"id":3907,"href":"https:\/\/marcali.plebania.hu\/index.php?rest_route=\/wp\/v2\/posts\/3906\/revisions\/3907"}],"wp:attachment":[{"href":"https:\/\/marcali.plebania.hu\/index.php?rest_route=%2Fwp%2Fv2%2Fmedia&parent=3906"}],"wp:term":[{"taxonomy":"category","embeddable":true,"href":"https:\/\/marcali.plebania.hu\/index.php?rest_route=%2Fwp%2Fv2%2Fcategories&post=3906"},{"taxonomy":"post_tag","embeddable":true,"href":"https:\/\/marcali.plebania.hu\/index.php?rest_route=%2Fwp%2Fv2%2Ftags&post=3906"}],"curies":[{"name":"wp","href":"https:\/\/api.w.org\/{rel}","templated":true}]}}