{"id":3909,"date":"2022-09-30T07:47:31","date_gmt":"2022-09-30T07:47:31","guid":{"rendered":"https:\/\/marcali.plebania.hu\/?p=3909"},"modified":"2022-09-30T07:47:31","modified_gmt":"2022-09-30T07:47:31","slug":"termenybetakarito-halaado-szentmise-az-orban-kapolnaban","status":"publish","type":"post","link":"https:\/\/marcali.plebania.hu\/?p=3909","title":{"rendered":"Term\u00e9nybetakar\u00edt\u00f3 h\u00e1laad\u00f3 szentmise az Orb\u00e1n k\u00e1poln\u00e1ban"},"content":{"rendered":"\n<p>2022. szeptember 25-\u00e9n, vas\u00e1rnap 11 \u00f3rakor a sz\u0151l\u0151hegyi Orb\u00e1n k\u00e1poln\u00e1ban tartott\u00e1k Szent Mih\u00e1ly naphoz k\u00f6t\u0151d\u0151 \u2013 r\u00e9gi hagyom\u00e1nyokra visszatekint\u0151 \u2013 term\u00e9nybetakar\u00edt\u00f3 h\u00e1laad\u00f3 szentmis\u00e9t. A v\u00e1ltoz\u00e9kony id\u0151j\u00e1r\u00e1sra val\u00f3 tekintettel ez\u00fattal, nem a szabadt\u00e9ren, hanem bent szervezt\u00e9k meg az istentiszteletet.<\/p>\n\n\n\n<figure class=\"wp-block-gallery columns-3 is-cropped wp-block-gallery-1 is-layout-flex wp-block-gallery-is-layout-flex\"><ul class=\"blocks-gallery-grid\"><li class=\"blocks-gallery-item\"><figure><img loading=\"lazy\" decoding=\"async\" width=\"1024\" height=\"683\" src=\"https:\/\/marcali.plebania.hu\/wp-content\/uploads\/2022\/09\/01-1024x683.jpg\" alt=\"\" data-id=\"3910\" data-link=\"https:\/\/marcali.plebania.hu\/?attachment_id=3910\" class=\"wp-image-3910\" srcset=\"https:\/\/marcali.plebania.hu\/wp-content\/uploads\/2022\/09\/01-1024x683.jpg 1024w, https:\/\/marcali.plebania.hu\/wp-content\/uploads\/2022\/09\/01-300x200.jpg 300w, https:\/\/marcali.plebania.hu\/wp-content\/uploads\/2022\/09\/01-768x512.jpg 768w, https:\/\/marcali.plebania.hu\/wp-content\/uploads\/2022\/09\/01-1536x1024.jpg 1536w, https:\/\/marcali.plebania.hu\/wp-content\/uploads\/2022\/09\/01-2048x1365.jpg 2048w, https:\/\/marcali.plebania.hu\/wp-content\/uploads\/2022\/09\/01-405x270.jpg 405w\" sizes=\"auto, (max-width: 1024px) 100vw, 1024px\" \/><\/figure><\/li><li class=\"blocks-gallery-item\"><figure><img loading=\"lazy\" decoding=\"async\" width=\"1024\" height=\"683\" src=\"https:\/\/marcali.plebania.hu\/wp-content\/uploads\/2022\/09\/02-1024x683.jpg\" alt=\"\" data-id=\"3911\" data-link=\"https:\/\/marcali.plebania.hu\/?attachment_id=3911\" class=\"wp-image-3911\" srcset=\"https:\/\/marcali.plebania.hu\/wp-content\/uploads\/2022\/09\/02-1024x683.jpg 1024w, https:\/\/marcali.plebania.hu\/wp-content\/uploads\/2022\/09\/02-300x200.jpg 300w, https:\/\/marcali.plebania.hu\/wp-content\/uploads\/2022\/09\/02-768x512.jpg 768w, https:\/\/marcali.plebania.hu\/wp-content\/uploads\/2022\/09\/02-1536x1024.jpg 1536w, https:\/\/marcali.plebania.hu\/wp-content\/uploads\/2022\/09\/02-2048x1365.jpg 2048w, https:\/\/marcali.plebania.hu\/wp-content\/uploads\/2022\/09\/02-405x270.jpg 405w\" sizes=\"auto, (max-width: 1024px) 100vw, 1024px\" \/><\/figure><\/li><li class=\"blocks-gallery-item\"><figure><img loading=\"lazy\" decoding=\"async\" width=\"1024\" height=\"683\" src=\"https:\/\/marcali.plebania.hu\/wp-content\/uploads\/2022\/09\/03-1-1024x683.jpg\" alt=\"\" data-id=\"3912\" data-link=\"https:\/\/marcali.plebania.hu\/?attachment_id=3912\" class=\"wp-image-3912\" srcset=\"https:\/\/marcali.plebania.hu\/wp-content\/uploads\/2022\/09\/03-1-1024x683.jpg 1024w, https:\/\/marcali.plebania.hu\/wp-content\/uploads\/2022\/09\/03-1-300x200.jpg 300w, https:\/\/marcali.plebania.hu\/wp-content\/uploads\/2022\/09\/03-1-768x512.jpg 768w, https:\/\/marcali.plebania.hu\/wp-content\/uploads\/2022\/09\/03-1-1536x1024.jpg 1536w, https:\/\/marcali.plebania.hu\/wp-content\/uploads\/2022\/09\/03-1-2048x1365.jpg 2048w, https:\/\/marcali.plebania.hu\/wp-content\/uploads\/2022\/09\/03-1-405x270.jpg 405w\" sizes=\"auto, (max-width: 1024px) 100vw, 1024px\" \/><\/figure><\/li><li class=\"blocks-gallery-item\"><figure><img loading=\"lazy\" decoding=\"async\" width=\"1024\" height=\"683\" src=\"https:\/\/marcali.plebania.hu\/wp-content\/uploads\/2022\/09\/09-1024x683.jpg\" alt=\"\" data-id=\"3913\" data-full-url=\"https:\/\/marcali.plebania.hu\/wp-content\/uploads\/2022\/09\/09-scaled.jpg\" data-link=\"https:\/\/marcali.plebania.hu\/?attachment_id=3913\" class=\"wp-image-3913\" srcset=\"https:\/\/marcali.plebania.hu\/wp-content\/uploads\/2022\/09\/09-1024x683.jpg 1024w, https:\/\/marcali.plebania.hu\/wp-content\/uploads\/2022\/09\/09-300x200.jpg 300w, https:\/\/marcali.plebania.hu\/wp-content\/uploads\/2022\/09\/09-768x512.jpg 768w, https:\/\/marcali.plebania.hu\/wp-content\/uploads\/2022\/09\/09-1536x1024.jpg 1536w, https:\/\/marcali.plebania.hu\/wp-content\/uploads\/2022\/09\/09-2048x1365.jpg 2048w, https:\/\/marcali.plebania.hu\/wp-content\/uploads\/2022\/09\/09-405x270.jpg 405w\" sizes=\"auto, (max-width: 1024px) 100vw, 1024px\" \/><\/figure><\/li><\/ul><\/figure>\n\n\n\n<p>A k\u00e1polna bej\u00e1rata el\u00e9 f\u00e9lk\u00f6r\u00edvben st\u00edlusos sz\u0151l\u0151lugast k\u00e9sz\u00edtettek a R\u00f3mai Katolikus Egyh\u00e1zk\u00f6zs\u00e9g akt\u00edvabb tagjai. A templom belsej\u00e9t is \u00edzl\u00e9sesen feld\u00edsz\u00edtettek az idei \u00e9vben megtermelt z\u00f6lds\u00e9gekkel, gy\u00fcm\u00f6lcs\u00f6kkel \u00e9s vir\u00e1gokkal. Az szentmise keret\u00e9ben Kiss Iv\u00e1n c. pr\u00e9post, pl\u00e9b\u00e1nos meg\u00e1ldotta a z\u00f6lds\u00e9g- \u00e9s gy\u00fcm\u00f6lcskosarakat, valamint h\u00e1l\u00e1t adott a h\u00edvekkel egy\u00fctt Istennek az idei term\u00e9s\u00e9rt; hiszen szerencs\u00e9re volt mit betakar\u00edtani, tov\u00e1bb\u00e1 egy\u00fctt im\u00e1dkoztak a hegyi-, \u00e9s sz\u0151l\u0151s-gazd\u00e1k\u00e9rt is.<\/p>\n\n\n\n<figure class=\"wp-block-gallery columns-3 is-cropped wp-block-gallery-2 is-layout-flex wp-block-gallery-is-layout-flex\"><ul class=\"blocks-gallery-grid\"><li class=\"blocks-gallery-item\"><figure><img loading=\"lazy\" decoding=\"async\" width=\"1024\" height=\"683\" src=\"https:\/\/marcali.plebania.hu\/wp-content\/uploads\/2022\/09\/10-1024x683.jpg\" alt=\"\" data-id=\"3914\" data-link=\"https:\/\/marcali.plebania.hu\/?attachment_id=3914\" class=\"wp-image-3914\" srcset=\"https:\/\/marcali.plebania.hu\/wp-content\/uploads\/2022\/09\/10-1024x683.jpg 1024w, https:\/\/marcali.plebania.hu\/wp-content\/uploads\/2022\/09\/10-300x200.jpg 300w, https:\/\/marcali.plebania.hu\/wp-content\/uploads\/2022\/09\/10-768x512.jpg 768w, https:\/\/marcali.plebania.hu\/wp-content\/uploads\/2022\/09\/10-1536x1024.jpg 1536w, https:\/\/marcali.plebania.hu\/wp-content\/uploads\/2022\/09\/10-2048x1365.jpg 2048w, https:\/\/marcali.plebania.hu\/wp-content\/uploads\/2022\/09\/10-405x270.jpg 405w\" sizes=\"auto, (max-width: 1024px) 100vw, 1024px\" \/><\/figure><\/li><li class=\"blocks-gallery-item\"><figure><img loading=\"lazy\" decoding=\"async\" width=\"1024\" height=\"683\" src=\"https:\/\/marcali.plebania.hu\/wp-content\/uploads\/2022\/09\/11-1024x683.jpg\" alt=\"\" data-id=\"3915\" data-link=\"https:\/\/marcali.plebania.hu\/?attachment_id=3915\" class=\"wp-image-3915\" srcset=\"https:\/\/marcali.plebania.hu\/wp-content\/uploads\/2022\/09\/11-1024x683.jpg 1024w, https:\/\/marcali.plebania.hu\/wp-content\/uploads\/2022\/09\/11-300x200.jpg 300w, https:\/\/marcali.plebania.hu\/wp-content\/uploads\/2022\/09\/11-768x512.jpg 768w, https:\/\/marcali.plebania.hu\/wp-content\/uploads\/2022\/09\/11-1536x1024.jpg 1536w, https:\/\/marcali.plebania.hu\/wp-content\/uploads\/2022\/09\/11-2048x1365.jpg 2048w, https:\/\/marcali.plebania.hu\/wp-content\/uploads\/2022\/09\/11-405x270.jpg 405w\" sizes=\"auto, (max-width: 1024px) 100vw, 1024px\" \/><\/figure><\/li><li class=\"blocks-gallery-item\"><figure><img loading=\"lazy\" decoding=\"async\" width=\"1024\" height=\"683\" src=\"https:\/\/marcali.plebania.hu\/wp-content\/uploads\/2022\/09\/12-1-1024x683.jpg\" alt=\"\" data-id=\"3916\" data-link=\"https:\/\/marcali.plebania.hu\/?attachment_id=3916\" class=\"wp-image-3916\" srcset=\"https:\/\/marcali.plebania.hu\/wp-content\/uploads\/2022\/09\/12-1-1024x683.jpg 1024w, https:\/\/marcali.plebania.hu\/wp-content\/uploads\/2022\/09\/12-1-300x200.jpg 300w, https:\/\/marcali.plebania.hu\/wp-content\/uploads\/2022\/09\/12-1-768x512.jpg 768w, https:\/\/marcali.plebania.hu\/wp-content\/uploads\/2022\/09\/12-1-1536x1024.jpg 1536w, https:\/\/marcali.plebania.hu\/wp-content\/uploads\/2022\/09\/12-1-2048x1365.jpg 2048w, https:\/\/marcali.plebania.hu\/wp-content\/uploads\/2022\/09\/12-1-405x270.jpg 405w\" sizes=\"auto, (max-width: 1024px) 100vw, 1024px\" \/><\/figure><\/li><li class=\"blocks-gallery-item\"><figure><img loading=\"lazy\" decoding=\"async\" width=\"1024\" height=\"683\" src=\"https:\/\/marcali.plebania.hu\/wp-content\/uploads\/2022\/09\/14-1024x683.jpg\" alt=\"\" data-id=\"3917\" data-full-url=\"https:\/\/marcali.plebania.hu\/wp-content\/uploads\/2022\/09\/14-scaled.jpg\" data-link=\"https:\/\/marcali.plebania.hu\/?attachment_id=3917\" class=\"wp-image-3917\" srcset=\"https:\/\/marcali.plebania.hu\/wp-content\/uploads\/2022\/09\/14-1024x683.jpg 1024w, https:\/\/marcali.plebania.hu\/wp-content\/uploads\/2022\/09\/14-300x200.jpg 300w, https:\/\/marcali.plebania.hu\/wp-content\/uploads\/2022\/09\/14-768x512.jpg 768w, https:\/\/marcali.plebania.hu\/wp-content\/uploads\/2022\/09\/14-1536x1024.jpg 1536w, https:\/\/marcali.plebania.hu\/wp-content\/uploads\/2022\/09\/14-2048x1365.jpg 2048w, https:\/\/marcali.plebania.hu\/wp-content\/uploads\/2022\/09\/14-405x270.jpg 405w\" sizes=\"auto, (max-width: 1024px) 100vw, 1024px\" \/><\/figure><\/li><\/ul><\/figure>\n\n\n\n<p>Az istentiszteletet k\u00f6vet\u0151en, a k\u00e1polna el\u0151tt, Gelencs\u00e9r R\u00f3bert vil\u00e1gi eln\u00f6k \u00e9s feles\u00e9ge, valamint T\u00f3th P\u00e9ter j\u00f3volt\u00e1b\u00f3l k\u00fcl\u00f6nf\u00e9le h\u00e1zi k\u00e9sz\u00edt\u00e9s\u0171 s\u00fctem\u00e9nyekkel, friss\u00edt\u0151kkel \u00e9s borral is k\u00edn\u00e1lt\u00e1k a jelenl\u00e9v\u0151ket. Iv\u00e1n atya a szeretetvend\u00e9gs\u00e9g \u00e9tkeit \u00e9s italait ezt megel\u0151z\u0151en szint\u00e9n \u00e1ld\u00e1sban r\u00e9szes\u00edtette.<\/p>\n\n\n\n<figure class=\"wp-block-gallery columns-3 is-cropped wp-block-gallery-3 is-layout-flex wp-block-gallery-is-layout-flex\"><ul class=\"blocks-gallery-grid\"><li class=\"blocks-gallery-item\"><figure><img loading=\"lazy\" decoding=\"async\" width=\"1024\" height=\"683\" src=\"https:\/\/marcali.plebania.hu\/wp-content\/uploads\/2022\/09\/24-1024x683.jpg\" alt=\"\" data-id=\"3918\" data-link=\"https:\/\/marcali.plebania.hu\/?attachment_id=3918\" class=\"wp-image-3918\" srcset=\"https:\/\/marcali.plebania.hu\/wp-content\/uploads\/2022\/09\/24-1024x683.jpg 1024w, https:\/\/marcali.plebania.hu\/wp-content\/uploads\/2022\/09\/24-300x200.jpg 300w, https:\/\/marcali.plebania.hu\/wp-content\/uploads\/2022\/09\/24-768x512.jpg 768w, https:\/\/marcali.plebania.hu\/wp-content\/uploads\/2022\/09\/24-1536x1024.jpg 1536w, https:\/\/marcali.plebania.hu\/wp-content\/uploads\/2022\/09\/24-2048x1365.jpg 2048w, https:\/\/marcali.plebania.hu\/wp-content\/uploads\/2022\/09\/24-405x270.jpg 405w\" sizes=\"auto, (max-width: 1024px) 100vw, 1024px\" \/><\/figure><\/li><li class=\"blocks-gallery-item\"><figure><img loading=\"lazy\" decoding=\"async\" width=\"1024\" height=\"683\" src=\"https:\/\/marcali.plebania.hu\/wp-content\/uploads\/2022\/09\/26-1024x683.jpg\" alt=\"\" data-id=\"3919\" data-link=\"https:\/\/marcali.plebania.hu\/?attachment_id=3919\" class=\"wp-image-3919\" srcset=\"https:\/\/marcali.plebania.hu\/wp-content\/uploads\/2022\/09\/26-1024x683.jpg 1024w, https:\/\/marcali.plebania.hu\/wp-content\/uploads\/2022\/09\/26-300x200.jpg 300w, https:\/\/marcali.plebania.hu\/wp-content\/uploads\/2022\/09\/26-768x512.jpg 768w, https:\/\/marcali.plebania.hu\/wp-content\/uploads\/2022\/09\/26-1536x1024.jpg 1536w, https:\/\/marcali.plebania.hu\/wp-content\/uploads\/2022\/09\/26-2048x1365.jpg 2048w, https:\/\/marcali.plebania.hu\/wp-content\/uploads\/2022\/09\/26-405x270.jpg 405w\" sizes=\"auto, (max-width: 1024px) 100vw, 1024px\" \/><\/figure><\/li><li class=\"blocks-gallery-item\"><figure><img loading=\"lazy\" decoding=\"async\" width=\"1024\" height=\"683\" src=\"https:\/\/marcali.plebania.hu\/wp-content\/uploads\/2022\/09\/27-1-1024x683.jpg\" alt=\"\" data-id=\"3922\" data-link=\"https:\/\/marcali.plebania.hu\/?attachment_id=3922\" class=\"wp-image-3922\" srcset=\"https:\/\/marcali.plebania.hu\/wp-content\/uploads\/2022\/09\/27-1-1024x683.jpg 1024w, https:\/\/marcali.plebania.hu\/wp-content\/uploads\/2022\/09\/27-1-300x200.jpg 300w, https:\/\/marcali.plebania.hu\/wp-content\/uploads\/2022\/09\/27-1-768x512.jpg 768w, https:\/\/marcali.plebania.hu\/wp-content\/uploads\/2022\/09\/27-1-1536x1024.jpg 1536w, https:\/\/marcali.plebania.hu\/wp-content\/uploads\/2022\/09\/27-1-2048x1365.jpg 2048w, https:\/\/marcali.plebania.hu\/wp-content\/uploads\/2022\/09\/27-1-405x270.jpg 405w\" sizes=\"auto, (max-width: 1024px) 100vw, 1024px\" \/><\/figure><\/li><li class=\"blocks-gallery-item\"><figure><img loading=\"lazy\" decoding=\"async\" width=\"1024\" height=\"683\" src=\"https:\/\/marcali.plebania.hu\/wp-content\/uploads\/2022\/09\/29-1-1024x683.jpg\" alt=\"\" data-id=\"3923\" data-full-url=\"https:\/\/marcali.plebania.hu\/wp-content\/uploads\/2022\/09\/29-1-scaled.jpg\" data-link=\"https:\/\/marcali.plebania.hu\/?attachment_id=3923\" class=\"wp-image-3923\" srcset=\"https:\/\/marcali.plebania.hu\/wp-content\/uploads\/2022\/09\/29-1-1024x683.jpg 1024w, https:\/\/marcali.plebania.hu\/wp-content\/uploads\/2022\/09\/29-1-300x200.jpg 300w, https:\/\/marcali.plebania.hu\/wp-content\/uploads\/2022\/09\/29-1-768x512.jpg 768w, https:\/\/marcali.plebania.hu\/wp-content\/uploads\/2022\/09\/29-1-1536x1024.jpg 1536w, https:\/\/marcali.plebania.hu\/wp-content\/uploads\/2022\/09\/29-1-2048x1365.jpg 2048w, https:\/\/marcali.plebania.hu\/wp-content\/uploads\/2022\/09\/29-1-405x270.jpg 405w\" sizes=\"auto, (max-width: 1024px) 100vw, 1024px\" \/><\/figure><\/li><\/ul><\/figure>\n","protected":false},"excerpt":{"rendered":"<p>2022. szeptember 25-\u00e9n, vas\u00e1rnap 11 \u00f3rakor a sz\u0151l\u0151hegyi Orb\u00e1n k\u00e1poln\u00e1ban tartott\u00e1k Szent Mih\u00e1ly naphoz k\u00f6t\u0151d\u0151 \u2013 r\u00e9gi hagyom\u00e1nyokra visszatekint\u0151 \u2013 term\u00e9nybetakar\u00edt\u00f3 h\u00e1laad\u00f3 szentmis\u00e9t. A v\u00e1ltoz\u00e9kony id\u0151j\u00e1r\u00e1sra val\u00f3 tekintettel ez\u00fattal, nem a szabadt\u00e9ren, hanem bent szervezt\u00e9k meg az istentiszteletet. A k\u00e1polna bej\u00e1rata el\u00e9 f\u00e9lk\u00f6r\u00edvben st\u00edlusos sz\u0151l\u0151lugast k\u00e9sz\u00edtettek a R\u00f3mai Katolikus Egyh\u00e1zk\u00f6zs\u00e9g akt\u00edvabb tagjai. A templom belsej\u00e9t is \u00edzl\u00e9sesen feld\u00edsz\u00edtettek az idei \u00e9vben megtermelt z\u00f6lds\u00e9gekkel, gy\u00fcm\u00f6lcs\u00f6kkel \u00e9s vir\u00e1gokkal. Az szentmise keret\u00e9ben Kiss Iv\u00e1n c. pr\u00e9post, pl\u00e9b\u00e1nos meg\u00e1ldotta a z\u00f6lds\u00e9g- \u00e9s gy\u00fcm\u00f6lcskosarakat, valamint&#8230;<\/p>\n<p class=\"read-more\"><a class=\"btn btn-default\" href=\"https:\/\/marcali.plebania.hu\/?p=3909\"> Read More<span class=\"screen-reader-text\">  Read More<\/span><\/a><\/p>\n","protected":false},"author":2,"featured_media":0,"comment_status":"closed","ping_status":"open","sticky":false,"template":"","format":"standard","meta":{"footnotes":""},"categories":[1],"tags":[],"class_list":["post-3909","post","type-post","status-publish","format-standard","hentry","category-egyeb"],"_links":{"self":[{"href":"https:\/\/marcali.plebania.hu\/index.php?rest_route=\/wp\/v2\/posts\/3909","targetHints":{"allow":["GET"]}}],"collection":[{"href":"https:\/\/marcali.plebania.hu\/index.php?rest_route=\/wp\/v2\/posts"}],"about":[{"href":"https:\/\/marcali.plebania.hu\/index.php?rest_route=\/wp\/v2\/types\/post"}],"author":[{"embeddable":true,"href":"https:\/\/marcali.plebania.hu\/index.php?rest_route=\/wp\/v2\/users\/2"}],"replies":[{"embeddable":true,"href":"https:\/\/marcali.plebania.hu\/index.php?rest_route=%2Fwp%2Fv2%2Fcomments&post=3909"}],"version-history":[{"count":1,"href":"https:\/\/marcali.plebania.hu\/index.php?rest_route=\/wp\/v2\/posts\/3909\/revisions"}],"predecessor-version":[{"id":3924,"href":"https:\/\/marcali.plebania.hu\/index.php?rest_route=\/wp\/v2\/posts\/3909\/revisions\/3924"}],"wp:attachment":[{"href":"https:\/\/marcali.plebania.hu\/index.php?rest_route=%2Fwp%2Fv2%2Fmedia&parent=3909"}],"wp:term":[{"taxonomy":"category","embeddable":true,"href":"https:\/\/marcali.plebania.hu\/index.php?rest_route=%2Fwp%2Fv2%2Fcategories&post=3909"},{"taxonomy":"post_tag","embeddable":true,"href":"https:\/\/marcali.plebania.hu\/index.php?rest_route=%2Fwp%2Fv2%2Ftags&post=3909"}],"curies":[{"name":"wp","href":"https:\/\/api.w.org\/{rel}","templated":true}]}}