{"id":3925,"date":"2022-09-30T07:48:09","date_gmt":"2022-09-30T07:48:09","guid":{"rendered":"https:\/\/marcali.plebania.hu\/?p=3925"},"modified":"2022-09-30T08:12:40","modified_gmt":"2022-09-30T08:12:40","slug":"hirdetesek-2022-10-02","status":"publish","type":"post","link":"https:\/\/marcali.plebania.hu\/?p=3925","title":{"rendered":"Hirdet\u00e9sek, 2022.10.02."},"content":{"rendered":"\n<ol class=\"wp-block-list\"><li>Ma van az \u00e9vk\u00f6zi 27. vas\u00e1rnap.<\/li><li>J\u00f6v\u0151 vas\u00e1rnap a pl\u00e9b\u00e1nia \u00fajj\u00e1alak\u00edt\u00e1s\u00e1nak 300. \u00e9vfordul\u00f3j\u00e1n 15 \u00f3rakor \u00fcnnepi szentmise lesz, melynek f\u0151celebr\u00e1nsa Berta Tibor dand\u00e1rt\u00e1bornok, t\u00e1bori p\u00fcsp\u00f6k. A szentmis\u00e9n jelen leszek a m\u00e9g \u00e9l\u0151, valamikor Marcaliban szolg\u00e1latot teljes\u00edt\u0151 k\u00e1pl\u00e1nok is. A szentmise ut\u00e1n minden r\u00e9sztvev\u0151t szeretetlakom\u00e1ra h\u00edvjuk az X-h\u00e1zba. Ezen a napon csak ez az egy szentmise lesz Marcaliban. K\u00e9rj\u00fck az asszonyokat, hogy seg\u00edtsenek nek\u00fcnk azzal, hogy hoznak egy t\u00e1lca s\u00fctem\u00e9nyt, vagy pog\u00e1cs\u00e1t a vend\u00e9gek r\u00e9sz\u00e9re. (A szentmise el\u0151tt az X-h\u00e1zban kell leadni.)<\/li><li>H\u00e9tf\u0151n, 18 \u00f3rakor az X-h\u00e1zban Szentl\u00e9lek szemin\u00e1rium kezd\u0151dik.<\/li><li>Kedden 16.45-kor a K\u00c9SZ Marcali Csoportj\u00e1nak taggy\u0171l\u00e9se lesz az X-h\u00e1zban, melyre a vezet\u0151s\u00e9g a tags\u00e1got szeretettel h\u00edvja \u00e9s v\u00e1rja.<\/li><li>P\u00e9nteken, els\u0151 p\u00e9ntek 17 \u00f3r\u00e1t\u00f3l gy\u00f3n\u00e1si lehet\u0151s\u00e9g, 17.30 szents\u00e9gim\u00e1d\u00e1s, 18 \u00f3rakor szentmise.<\/li><li>Szombaton, vas\u00e1rnap el\u0151esti szentmise.<\/li><li>A Magyar Katolikus P\u00fcsp\u00f6kkari Konferencia azzal a felh\u00edv\u00e1ssal fordul a kedves h\u00edvekhez, hogy vallj\u00e1k meg a hit\u00fcket az okt\u00f3ber 1-\u00e9n kezd\u0151d\u0151 n\u00e9psz\u00e1ml\u00e1l\u00e1s alkalm\u00e1val. A n\u00e9psz\u00e1ml\u00e1l\u00e1s okt\u00f3ber 1-t\u0151l november 28-ig tart. Online is ki lehet t\u00f6lteni, akik nem \u00e9lnek ezzel a lehet\u0151s\u00e9ggel, azokat november v\u00e9g\u00e9n sz\u00e1ml\u00e1l\u00f3biztosok keresik fel. A kit\u00f6ltend\u0151 lapon az szerepel, hogy nem k\u00f6telez\u0151 a k\u00e9rd\u00e9sre v\u00e1laszolni, de tekints\u00fck hitvall\u00e1snak, hogy v\u00e1laszolunk r\u00e1, katolikusok vagyunk.<\/li><\/ol>\n","protected":false},"excerpt":{"rendered":"<p>Ma van az \u00e9vk\u00f6zi 27. vas\u00e1rnap. J\u00f6v\u0151 vas\u00e1rnap a pl\u00e9b\u00e1nia \u00fajj\u00e1alak\u00edt\u00e1s\u00e1nak 300. \u00e9vfordul\u00f3j\u00e1n 15 \u00f3rakor \u00fcnnepi szentmise lesz, melynek f\u0151celebr\u00e1nsa Berta Tibor dand\u00e1rt\u00e1bornok, t\u00e1bori p\u00fcsp\u00f6k. A szentmis\u00e9n jelen leszek a m\u00e9g \u00e9l\u0151, valamikor Marcaliban szolg\u00e1latot teljes\u00edt\u0151 k\u00e1pl\u00e1nok is. A szentmise ut\u00e1n minden r\u00e9sztvev\u0151t szeretetlakom\u00e1ra h\u00edvjuk az X-h\u00e1zba. Ezen a napon csak ez az egy szentmise lesz Marcaliban. K\u00e9rj\u00fck az asszonyokat, hogy seg\u00edtsenek nek\u00fcnk azzal, hogy hoznak egy t\u00e1lca s\u00fctem\u00e9nyt, vagy pog\u00e1cs\u00e1t a vend\u00e9gek r\u00e9sz\u00e9re. (A szentmise el\u0151tt az X-h\u00e1zban kell&#8230;<\/p>\n<p class=\"read-more\"><a class=\"btn btn-default\" href=\"https:\/\/marcali.plebania.hu\/?p=3925\"> Read More<span class=\"screen-reader-text\">  Read More<\/span><\/a><\/p>\n","protected":false},"author":2,"featured_media":0,"comment_status":"closed","ping_status":"open","sticky":false,"template":"","format":"standard","meta":{"footnotes":""},"categories":[1],"tags":[],"class_list":["post-3925","post","type-post","status-publish","format-standard","hentry","category-egyeb"],"_links":{"self":[{"href":"https:\/\/marcali.plebania.hu\/index.php?rest_route=\/wp\/v2\/posts\/3925","targetHints":{"allow":["GET"]}}],"collection":[{"href":"https:\/\/marcali.plebania.hu\/index.php?rest_route=\/wp\/v2\/posts"}],"about":[{"href":"https:\/\/marcali.plebania.hu\/index.php?rest_route=\/wp\/v2\/types\/post"}],"author":[{"embeddable":true,"href":"https:\/\/marcali.plebania.hu\/index.php?rest_route=\/wp\/v2\/users\/2"}],"replies":[{"embeddable":true,"href":"https:\/\/marcali.plebania.hu\/index.php?rest_route=%2Fwp%2Fv2%2Fcomments&post=3925"}],"version-history":[{"count":2,"href":"https:\/\/marcali.plebania.hu\/index.php?rest_route=\/wp\/v2\/posts\/3925\/revisions"}],"predecessor-version":[{"id":3927,"href":"https:\/\/marcali.plebania.hu\/index.php?rest_route=\/wp\/v2\/posts\/3925\/revisions\/3927"}],"wp:attachment":[{"href":"https:\/\/marcali.plebania.hu\/index.php?rest_route=%2Fwp%2Fv2%2Fmedia&parent=3925"}],"wp:term":[{"taxonomy":"category","embeddable":true,"href":"https:\/\/marcali.plebania.hu\/index.php?rest_route=%2Fwp%2Fv2%2Fcategories&post=3925"},{"taxonomy":"post_tag","embeddable":true,"href":"https:\/\/marcali.plebania.hu\/index.php?rest_route=%2Fwp%2Fv2%2Ftags&post=3925"}],"curies":[{"name":"wp","href":"https:\/\/api.w.org\/{rel}","templated":true}]}}