{"id":3931,"date":"2022-10-07T09:21:56","date_gmt":"2022-10-07T09:21:56","guid":{"rendered":"https:\/\/marcali.plebania.hu\/?p=3931"},"modified":"2022-10-07T12:52:19","modified_gmt":"2022-10-07T12:52:19","slug":"hirdetesek-2022-10-09","status":"publish","type":"post","link":"https:\/\/marcali.plebania.hu\/?p=3931","title":{"rendered":"Hirdet\u00e9sek, 2022. 10. 09."},"content":{"rendered":"\n<ol class=\"wp-block-list\"><li>Ma van az \u00e9vk\u00f6zi 28. vas\u00e1rnap.<\/li><li>A h\u00e9ten, cs\u00fct\u00f6rt\u00f6k\u00f6n 17 \u00f3rakor fatimai ima\u00f3ra, 18 \u00f3rakor szentmise.<\/li><li>Szombaton 15 \u00f3rakor a nagy pince fel\u00e9 vezet\u0151 \u00faton, a Borbar\u00e1tok \u00fati keresztez\u0151d\u00e9sn\u00e9l l\u00e9v\u0151 fel\u00faj\u00edtott Boldogs\u00e1gos Sz\u0171z M\u00e1ria szobor meg\u00e1ld\u00e1sa lesz a Ladencsics h\u00e1zasp\u00e1r szervez\u00e9s\u00e9ben. K\u00f6zrem\u0171k\u00f6dik a F\u00e9ny Gyermekei Zenekar.<\/li><li>A j\u00f6v\u0151 vas\u00e1rnap a misszi\u00f3k vas\u00e1rnapja, az orsz\u00e1g valamennyi katolikus templom\u00e1ban gy\u0171jt\u00e9s lesz a misszi\u00f3k jav\u00e1ra.<\/li><li>Okt\u00f3berben minden h\u00e9tk\u00f6znap este a pl\u00e9b\u00e1niatemplomban 17.30-kor r\u00f3zsaf\u00fcz\u00e9r (k\u00f6z\u00f6ss\u00e9gek vezet\u00e9s\u00e9vel), 18 \u00f3rakor szentmise.<\/li><li>Szeretn\u00e9nk k\u00f6sz\u00f6netet mondani Nagy L\u00e1szl\u00f3nak, a K\u00f6z\u00fat Kft \u00fcgyvezet\u0151j\u00e9nek a Szent II. J\u00e1nos P\u00e1l p\u00e1pa k\u00f6r\u00fcli munk\u00e1\u00e9rt.<\/li><li>Szint\u00e9n k\u00f6sz\u00f6netet mondunk az \u00faj molin\u00f3 elk\u00e9sz\u00edt\u00e9s\u00e9rt Dr. Pozsonyi M\u00e1rknak \u00e9s egy budapesti nyomd\u00e1nak.<\/li><li>K\u00f6sz\u00f6netet mondunk a pl\u00e9b\u00e1niatemplom melletti 4 db kis level\u0171 h\u00e1rsf\u00e1\u00e9rt az Egyh\u00e1zk\u00f6zs\u00e9g K\u00e9pvisel\u0151 Test\u00fclet\u00e9nek egyik tagj\u00e1nak, tov\u00e1bb\u00e1 a Marcali V\u00e1rosi \u00d6nkorm\u00e1nyzatnak \u00e9s a GAMESZ szervezetnek a beszerz\u00e9sben \u00e9s a f\u00e1k \u00fcltet\u00e9s\u00e9ben val\u00f3 k\u00f6zrem\u0171k\u00f6d\u00e9s\u00e9\u00e9rt.<\/li><\/ol>\n","protected":false},"excerpt":{"rendered":"<p>Ma van az \u00e9vk\u00f6zi 28. vas\u00e1rnap. A h\u00e9ten, cs\u00fct\u00f6rt\u00f6k\u00f6n 17 \u00f3rakor fatimai ima\u00f3ra, 18 \u00f3rakor szentmise. Szombaton 15 \u00f3rakor a nagy pince fel\u00e9 vezet\u0151 \u00faton, a Borbar\u00e1tok \u00fati keresztez\u0151d\u00e9sn\u00e9l l\u00e9v\u0151 fel\u00faj\u00edtott Boldogs\u00e1gos Sz\u0171z M\u00e1ria szobor meg\u00e1ld\u00e1sa lesz a Ladencsics h\u00e1zasp\u00e1r szervez\u00e9s\u00e9ben. K\u00f6zrem\u0171k\u00f6dik a F\u00e9ny Gyermekei Zenekar. A j\u00f6v\u0151 vas\u00e1rnap a misszi\u00f3k vas\u00e1rnapja, az orsz\u00e1g valamennyi katolikus templom\u00e1ban gy\u0171jt\u00e9s lesz a misszi\u00f3k jav\u00e1ra. Okt\u00f3berben minden h\u00e9tk\u00f6znap este a pl\u00e9b\u00e1niatemplomban 17.30-kor r\u00f3zsaf\u00fcz\u00e9r (k\u00f6z\u00f6ss\u00e9gek vezet\u00e9s\u00e9vel), 18 \u00f3rakor szentmise. Szeretn\u00e9nk k\u00f6sz\u00f6netet mondani Nagy L\u00e1szl\u00f3nak,&#8230;<\/p>\n<p class=\"read-more\"><a class=\"btn btn-default\" href=\"https:\/\/marcali.plebania.hu\/?p=3931\"> Read More<span class=\"screen-reader-text\">  Read More<\/span><\/a><\/p>\n","protected":false},"author":2,"featured_media":0,"comment_status":"closed","ping_status":"open","sticky":false,"template":"","format":"standard","meta":{"footnotes":""},"categories":[1],"tags":[],"class_list":["post-3931","post","type-post","status-publish","format-standard","hentry","category-egyeb"],"_links":{"self":[{"href":"https:\/\/marcali.plebania.hu\/index.php?rest_route=\/wp\/v2\/posts\/3931","targetHints":{"allow":["GET"]}}],"collection":[{"href":"https:\/\/marcali.plebania.hu\/index.php?rest_route=\/wp\/v2\/posts"}],"about":[{"href":"https:\/\/marcali.plebania.hu\/index.php?rest_route=\/wp\/v2\/types\/post"}],"author":[{"embeddable":true,"href":"https:\/\/marcali.plebania.hu\/index.php?rest_route=\/wp\/v2\/users\/2"}],"replies":[{"embeddable":true,"href":"https:\/\/marcali.plebania.hu\/index.php?rest_route=%2Fwp%2Fv2%2Fcomments&post=3931"}],"version-history":[{"count":2,"href":"https:\/\/marcali.plebania.hu\/index.php?rest_route=\/wp\/v2\/posts\/3931\/revisions"}],"predecessor-version":[{"id":3933,"href":"https:\/\/marcali.plebania.hu\/index.php?rest_route=\/wp\/v2\/posts\/3931\/revisions\/3933"}],"wp:attachment":[{"href":"https:\/\/marcali.plebania.hu\/index.php?rest_route=%2Fwp%2Fv2%2Fmedia&parent=3931"}],"wp:term":[{"taxonomy":"category","embeddable":true,"href":"https:\/\/marcali.plebania.hu\/index.php?rest_route=%2Fwp%2Fv2%2Fcategories&post=3931"},{"taxonomy":"post_tag","embeddable":true,"href":"https:\/\/marcali.plebania.hu\/index.php?rest_route=%2Fwp%2Fv2%2Ftags&post=3931"}],"curies":[{"name":"wp","href":"https:\/\/api.w.org\/{rel}","templated":true}]}}