{"id":3935,"date":"2022-10-11T13:46:26","date_gmt":"2022-10-11T13:46:26","guid":{"rendered":"https:\/\/marcali.plebania.hu\/?p=3935"},"modified":"2022-10-11T13:46:26","modified_gmt":"2022-10-11T13:46:26","slug":"a-300-eves-ujraalapitast-unnepelte-a-marcali-romai-katolikus-plebania-es-az-egyhazkozseg","status":"publish","type":"post","link":"https:\/\/marcali.plebania.hu\/?p=3935","title":{"rendered":"A 300 \u00e9ves \u00fajraalap\u00edt\u00e1st \u00fcnnepelte a Marcali R\u00f3mai Katolikus Pl\u00e9b\u00e1nia \u00e9s az Egyh\u00e1zk\u00f6zs\u00e9g"},"content":{"rendered":"\n<p>2022. okt\u00f3ber 9-\u00e9n, vas\u00e1rnap 15 \u00f3rakor szentmis\u00e9vel kezd\u0151d\u00f6tt az \u00fcnneps\u00e9g a Gy\u00fcm\u00f6lcsolt\u00f3 Boldogasszony Pl\u00e9b\u00e1niatemplomban, melyet a pl\u00e9b\u00e1nia \u00fajj\u00e1alak\u00edt\u00e1s\u00e1nak 300. \u00e9vfordul\u00f3j\u00e1n szervezett a Marcali R\u00f3mai Katolikus Egyh\u00e1zk\u00f6zs\u00e9g. Az istentisztelet f\u0151celebr\u00e1nsa Berta Tibor dand\u00e1rt\u00e1bornok, katolikus t\u00e1bori p\u00fcsp\u00f6k volt, aki 1991-1993 k\u00f6z\u00f6tt k\u00e1pl\u00e1nk\u00e9nt teljes\u00edtett szolg\u00e1latot a telep\u00fcl\u00e9sen. Rajta k\u00edv\u00fcl megh\u00edvt\u00e1k a m\u00e9g \u00e9l\u0151, volt k\u00e1pl\u00e1nokat is. Erre az alkalomra k\u00f6z\u00fcl\u00fck elj\u00f6tt m\u00e9g Ajt\u00f3s J\u00f3zsef (1976-1977), Sass Rudolf (1986-1990), Sifter Gergely (2008-2009) atya is. Az \u00fcnneps\u00e9gen tov\u00e1bb\u00e1 r\u00e9szt vett m\u00e9g Galambos Ferenc mesztegny\u0151i \u00e9s N\u00e9meth J\u00f3zsef k\u00e9thelyi pl\u00e9b\u00e1nos is.<\/p>\n\n\n\n<figure class=\"wp-block-gallery columns-3 is-cropped wp-block-gallery-1 is-layout-flex wp-block-gallery-is-layout-flex\"><ul class=\"blocks-gallery-grid\"><li class=\"blocks-gallery-item\"><figure><img loading=\"lazy\" decoding=\"async\" width=\"1024\" height=\"683\" src=\"https:\/\/marcali.plebania.hu\/wp-content\/uploads\/2022\/10\/DSC_0606-1024x683.jpg\" alt=\"\" data-id=\"3936\" data-link=\"https:\/\/marcali.plebania.hu\/?attachment_id=3936\" class=\"wp-image-3936\" srcset=\"https:\/\/marcali.plebania.hu\/wp-content\/uploads\/2022\/10\/DSC_0606-1024x683.jpg 1024w, https:\/\/marcali.plebania.hu\/wp-content\/uploads\/2022\/10\/DSC_0606-300x200.jpg 300w, https:\/\/marcali.plebania.hu\/wp-content\/uploads\/2022\/10\/DSC_0606-768x512.jpg 768w, https:\/\/marcali.plebania.hu\/wp-content\/uploads\/2022\/10\/DSC_0606-1536x1024.jpg 1536w, https:\/\/marcali.plebania.hu\/wp-content\/uploads\/2022\/10\/DSC_0606-2048x1365.jpg 2048w, https:\/\/marcali.plebania.hu\/wp-content\/uploads\/2022\/10\/DSC_0606-405x270.jpg 405w\" sizes=\"auto, (max-width: 1024px) 100vw, 1024px\" \/><\/figure><\/li><li class=\"blocks-gallery-item\"><figure><img loading=\"lazy\" decoding=\"async\" width=\"1024\" height=\"683\" src=\"https:\/\/marcali.plebania.hu\/wp-content\/uploads\/2022\/10\/DSC_0611-1024x683.jpg\" alt=\"\" data-id=\"3937\" data-link=\"https:\/\/marcali.plebania.hu\/?attachment_id=3937\" class=\"wp-image-3937\" srcset=\"https:\/\/marcali.plebania.hu\/wp-content\/uploads\/2022\/10\/DSC_0611-1024x683.jpg 1024w, https:\/\/marcali.plebania.hu\/wp-content\/uploads\/2022\/10\/DSC_0611-300x200.jpg 300w, https:\/\/marcali.plebania.hu\/wp-content\/uploads\/2022\/10\/DSC_0611-768x512.jpg 768w, https:\/\/marcali.plebania.hu\/wp-content\/uploads\/2022\/10\/DSC_0611-1536x1024.jpg 1536w, https:\/\/marcali.plebania.hu\/wp-content\/uploads\/2022\/10\/DSC_0611-2048x1365.jpg 2048w, https:\/\/marcali.plebania.hu\/wp-content\/uploads\/2022\/10\/DSC_0611-405x270.jpg 405w\" sizes=\"auto, (max-width: 1024px) 100vw, 1024px\" \/><\/figure><\/li><li class=\"blocks-gallery-item\"><figure><img loading=\"lazy\" decoding=\"async\" width=\"1024\" height=\"683\" src=\"https:\/\/marcali.plebania.hu\/wp-content\/uploads\/2022\/10\/DSC_0615-1024x683.jpg\" alt=\"\" data-id=\"3938\" data-link=\"https:\/\/marcali.plebania.hu\/?attachment_id=3938\" class=\"wp-image-3938\" srcset=\"https:\/\/marcali.plebania.hu\/wp-content\/uploads\/2022\/10\/DSC_0615-1024x683.jpg 1024w, https:\/\/marcali.plebania.hu\/wp-content\/uploads\/2022\/10\/DSC_0615-300x200.jpg 300w, https:\/\/marcali.plebania.hu\/wp-content\/uploads\/2022\/10\/DSC_0615-768x512.jpg 768w, https:\/\/marcali.plebania.hu\/wp-content\/uploads\/2022\/10\/DSC_0615-1536x1024.jpg 1536w, https:\/\/marcali.plebania.hu\/wp-content\/uploads\/2022\/10\/DSC_0615-2048x1365.jpg 2048w, https:\/\/marcali.plebania.hu\/wp-content\/uploads\/2022\/10\/DSC_0615-405x270.jpg 405w\" sizes=\"auto, (max-width: 1024px) 100vw, 1024px\" \/><\/figure><\/li><li class=\"blocks-gallery-item\"><figure><img loading=\"lazy\" decoding=\"async\" width=\"1024\" height=\"683\" src=\"https:\/\/marcali.plebania.hu\/wp-content\/uploads\/2022\/10\/DSC_0622-1024x683.jpg\" alt=\"\" data-id=\"3939\" data-full-url=\"https:\/\/marcali.plebania.hu\/wp-content\/uploads\/2022\/10\/DSC_0622-scaled.jpg\" data-link=\"https:\/\/marcali.plebania.hu\/?attachment_id=3939\" class=\"wp-image-3939\" srcset=\"https:\/\/marcali.plebania.hu\/wp-content\/uploads\/2022\/10\/DSC_0622-1024x683.jpg 1024w, https:\/\/marcali.plebania.hu\/wp-content\/uploads\/2022\/10\/DSC_0622-300x200.jpg 300w, https:\/\/marcali.plebania.hu\/wp-content\/uploads\/2022\/10\/DSC_0622-768x512.jpg 768w, https:\/\/marcali.plebania.hu\/wp-content\/uploads\/2022\/10\/DSC_0622-1536x1024.jpg 1536w, https:\/\/marcali.plebania.hu\/wp-content\/uploads\/2022\/10\/DSC_0622-2048x1365.jpg 2048w, https:\/\/marcali.plebania.hu\/wp-content\/uploads\/2022\/10\/DSC_0622-405x270.jpg 405w\" sizes=\"auto, (max-width: 1024px) 100vw, 1024px\" \/><\/figure><\/li><\/ul><\/figure>\n\n\n\n<p>A rendezv\u00e9nyen M\u00f3ring J\u00f3zsef Attila korm\u00e1nybiztos, orsz\u00e1ggy\u0171l\u00e9si k\u00e9pvisel\u0151, Huszti G\u00e1bor, a Somogy Megyei K\u00f6zgy\u0171l\u00e9s aleln\u00f6ke, G\u00f6nt\u00e9rn\u00e9 Dr. Gyir\u00e1n Szilvia, a Somogy Megyei Korm\u00e1nyhivatal Marcali J\u00e1r\u00e1si Hivatal hivatalvezet\u0151je, Dr. S\u00fct\u0151 L\u00e1szl\u00f3 Marcali v\u00e1ros polg\u00e1rmestere, Bereczk Bal\u00e1zs alpolg\u00e1rmester, B\u00f6d\u0151n\u00e9 Dr. Moln\u00e1r Ir\u00e9n c\u00edmzetes f\u0151jegyz\u0151, a Marcali K\u00f6z\u00f6s \u00d6nkorm\u00e1nyzati Hivatal jegyz\u0151je, tov\u00e1bb\u00e1 K\u0151r\u00f6si Andr\u00e1s, Kutor Veronika, Dr. M\u00e9sz\u00e1ros G\u00e9za, Miszi Zsuzsanna, Moln\u00e1r \u00c1gnes Anna \u00f6nkorm\u00e1nyzati k\u00e9pvisel\u0151k, Schmidt L\u00e1szl\u00f3 a K\u00e9thelyi Gazdak\u00f6r vezet\u0151je, tov\u00e1bb\u00e1 az a v\u00e1rosi int\u00e9zm\u00e9nyek, iskol\u00e1k, civil szervezetek vezet\u0151i, s t\u00f6bb megh\u00edvott vend\u00e9g is r\u00e9szt vett.<\/p>\n\n\n\n<figure class=\"wp-block-gallery columns-3 is-cropped wp-block-gallery-2 is-layout-flex wp-block-gallery-is-layout-flex\"><ul class=\"blocks-gallery-grid\"><li class=\"blocks-gallery-item\"><figure><img loading=\"lazy\" decoding=\"async\" width=\"1024\" height=\"683\" src=\"https:\/\/marcali.plebania.hu\/wp-content\/uploads\/2022\/10\/DSC_0624-1024x683.jpg\" alt=\"\" data-id=\"3940\" data-link=\"https:\/\/marcali.plebania.hu\/?attachment_id=3940\" class=\"wp-image-3940\" srcset=\"https:\/\/marcali.plebania.hu\/wp-content\/uploads\/2022\/10\/DSC_0624-1024x683.jpg 1024w, https:\/\/marcali.plebania.hu\/wp-content\/uploads\/2022\/10\/DSC_0624-300x200.jpg 300w, https:\/\/marcali.plebania.hu\/wp-content\/uploads\/2022\/10\/DSC_0624-768x512.jpg 768w, https:\/\/marcali.plebania.hu\/wp-content\/uploads\/2022\/10\/DSC_0624-1536x1024.jpg 1536w, https:\/\/marcali.plebania.hu\/wp-content\/uploads\/2022\/10\/DSC_0624-2048x1365.jpg 2048w, https:\/\/marcali.plebania.hu\/wp-content\/uploads\/2022\/10\/DSC_0624-405x270.jpg 405w\" sizes=\"auto, (max-width: 1024px) 100vw, 1024px\" \/><\/figure><\/li><li class=\"blocks-gallery-item\"><figure><img loading=\"lazy\" decoding=\"async\" width=\"1024\" height=\"683\" src=\"https:\/\/marcali.plebania.hu\/wp-content\/uploads\/2022\/10\/DSC_0626-1024x683.jpg\" alt=\"\" data-id=\"3941\" data-link=\"https:\/\/marcali.plebania.hu\/?attachment_id=3941\" class=\"wp-image-3941\" srcset=\"https:\/\/marcali.plebania.hu\/wp-content\/uploads\/2022\/10\/DSC_0626-1024x683.jpg 1024w, https:\/\/marcali.plebania.hu\/wp-content\/uploads\/2022\/10\/DSC_0626-300x200.jpg 300w, https:\/\/marcali.plebania.hu\/wp-content\/uploads\/2022\/10\/DSC_0626-768x512.jpg 768w, https:\/\/marcali.plebania.hu\/wp-content\/uploads\/2022\/10\/DSC_0626-1536x1024.jpg 1536w, https:\/\/marcali.plebania.hu\/wp-content\/uploads\/2022\/10\/DSC_0626-2048x1365.jpg 2048w, https:\/\/marcali.plebania.hu\/wp-content\/uploads\/2022\/10\/DSC_0626-405x270.jpg 405w\" sizes=\"auto, (max-width: 1024px) 100vw, 1024px\" \/><\/figure><\/li><li class=\"blocks-gallery-item\"><figure><img loading=\"lazy\" decoding=\"async\" width=\"1024\" height=\"683\" src=\"https:\/\/marcali.plebania.hu\/wp-content\/uploads\/2022\/10\/DSC_0657-1024x683.jpg\" alt=\"\" data-id=\"3942\" data-link=\"https:\/\/marcali.plebania.hu\/?attachment_id=3942\" class=\"wp-image-3942\" srcset=\"https:\/\/marcali.plebania.hu\/wp-content\/uploads\/2022\/10\/DSC_0657-1024x683.jpg 1024w, https:\/\/marcali.plebania.hu\/wp-content\/uploads\/2022\/10\/DSC_0657-300x200.jpg 300w, https:\/\/marcali.plebania.hu\/wp-content\/uploads\/2022\/10\/DSC_0657-768x512.jpg 768w, https:\/\/marcali.plebania.hu\/wp-content\/uploads\/2022\/10\/DSC_0657-1536x1024.jpg 1536w, https:\/\/marcali.plebania.hu\/wp-content\/uploads\/2022\/10\/DSC_0657-2048x1365.jpg 2048w, https:\/\/marcali.plebania.hu\/wp-content\/uploads\/2022\/10\/DSC_0657-405x270.jpg 405w\" sizes=\"auto, (max-width: 1024px) 100vw, 1024px\" \/><\/figure><\/li><li class=\"blocks-gallery-item\"><figure><img loading=\"lazy\" decoding=\"async\" width=\"1024\" height=\"683\" src=\"https:\/\/marcali.plebania.hu\/wp-content\/uploads\/2022\/10\/DSC_0660-1024x683.jpg\" alt=\"\" data-id=\"3943\" data-full-url=\"https:\/\/marcali.plebania.hu\/wp-content\/uploads\/2022\/10\/DSC_0660-scaled.jpg\" data-link=\"https:\/\/marcali.plebania.hu\/?attachment_id=3943\" class=\"wp-image-3943\" srcset=\"https:\/\/marcali.plebania.hu\/wp-content\/uploads\/2022\/10\/DSC_0660-1024x683.jpg 1024w, https:\/\/marcali.plebania.hu\/wp-content\/uploads\/2022\/10\/DSC_0660-300x200.jpg 300w, https:\/\/marcali.plebania.hu\/wp-content\/uploads\/2022\/10\/DSC_0660-768x512.jpg 768w, https:\/\/marcali.plebania.hu\/wp-content\/uploads\/2022\/10\/DSC_0660-1536x1024.jpg 1536w, https:\/\/marcali.plebania.hu\/wp-content\/uploads\/2022\/10\/DSC_0660-2048x1365.jpg 2048w, https:\/\/marcali.plebania.hu\/wp-content\/uploads\/2022\/10\/DSC_0660-405x270.jpg 405w\" sizes=\"auto, (max-width: 1024px) 100vw, 1024px\" \/><\/figure><\/li><\/ul><\/figure>\n\n\n\n<p>A m\u00e9lt\u00f3s\u00e1gteljes bevonul\u00e1sban templomi z\u00e1szl\u00f3kkal az egyh\u00e1zk\u00f6zs\u00e9g k\u00f6z\u00f6ss\u00e9g\u00e9nek tagjai, valamint nemzeti sz\u00edn\u0171 z\u00e1szl\u00f3kkal a hittanos gyermekek is r\u00e9szt vettek. Berta Tibor p\u00fcsp\u00f6k\u00f6t a h\u00e1zigazd\u00e1k nev\u00e9ben Gelencs\u00e9r R\u00f3bert vil\u00e1gi eln\u00f6k, Kir\u00e1ly Jen\u0151 templomatya \u00e9s T\u00f3th Eszter \u00c1gnes gimnazista k\u00f6sz\u00f6nt\u00f6tt\u00e9k. Majd Kiss Iv\u00e1n c. pr\u00e9post, pl\u00e9b\u00e1nos a 300 \u00e9ves jubileum kapcs\u00e1n elmondta, hogy a t\u00f6r\u00f6k h\u00f3dolts\u00e1g ut\u00e1n, 1722-ben szinte a semmib\u0151l kellett \u00fajrakezdeni a katolikus hit\u00e9letet Marcaliban. Ez az \u00e9vfordul\u00f3 \u00e9ppen ez\u00e9rt k\u00fcl\u00f6n\u00f6sen alkalmas a h\u00e1laad\u00e1sra, hogy megmaradt \u00e9s tov\u00e1bb m\u0171k\u00f6dik az egyh\u00e1zk\u00f6zs\u00e9g Marcaliban. Ezt k\u00f6vet\u0151en T\u00f3th Eszter felolvasta annak a 17 pl\u00e9b\u00e1nosnak a nev\u00e9t, akik az elm\u00falt h\u00e1rom \u00e9vsz\u00e1zad egyh\u00e1zi \u00e9let\u00e9t ir\u00e1ny\u00edtott\u00e1k.<\/p>\n\n\n\n<figure class=\"wp-block-gallery columns-3 is-cropped wp-block-gallery-3 is-layout-flex wp-block-gallery-is-layout-flex\"><ul class=\"blocks-gallery-grid\"><li class=\"blocks-gallery-item\"><figure><img loading=\"lazy\" decoding=\"async\" width=\"1024\" height=\"683\" src=\"https:\/\/marcali.plebania.hu\/wp-content\/uploads\/2022\/10\/DSC_0635-1024x683.jpg\" alt=\"\" data-id=\"3945\" data-link=\"https:\/\/marcali.plebania.hu\/?attachment_id=3945\" class=\"wp-image-3945\" srcset=\"https:\/\/marcali.plebania.hu\/wp-content\/uploads\/2022\/10\/DSC_0635-1024x683.jpg 1024w, https:\/\/marcali.plebania.hu\/wp-content\/uploads\/2022\/10\/DSC_0635-300x200.jpg 300w, https:\/\/marcali.plebania.hu\/wp-content\/uploads\/2022\/10\/DSC_0635-768x512.jpg 768w, https:\/\/marcali.plebania.hu\/wp-content\/uploads\/2022\/10\/DSC_0635-1536x1024.jpg 1536w, https:\/\/marcali.plebania.hu\/wp-content\/uploads\/2022\/10\/DSC_0635-2048x1365.jpg 2048w, https:\/\/marcali.plebania.hu\/wp-content\/uploads\/2022\/10\/DSC_0635-405x270.jpg 405w\" sizes=\"auto, (max-width: 1024px) 100vw, 1024px\" \/><\/figure><\/li><li class=\"blocks-gallery-item\"><figure><img loading=\"lazy\" decoding=\"async\" width=\"1024\" height=\"683\" src=\"https:\/\/marcali.plebania.hu\/wp-content\/uploads\/2022\/10\/DSC_0678-1-1024x683.jpg\" alt=\"\" data-id=\"3948\" data-link=\"https:\/\/marcali.plebania.hu\/?attachment_id=3948\" class=\"wp-image-3948\" srcset=\"https:\/\/marcali.plebania.hu\/wp-content\/uploads\/2022\/10\/DSC_0678-1-1024x683.jpg 1024w, https:\/\/marcali.plebania.hu\/wp-content\/uploads\/2022\/10\/DSC_0678-1-300x200.jpg 300w, https:\/\/marcali.plebania.hu\/wp-content\/uploads\/2022\/10\/DSC_0678-1-768x512.jpg 768w, https:\/\/marcali.plebania.hu\/wp-content\/uploads\/2022\/10\/DSC_0678-1-1536x1024.jpg 1536w, https:\/\/marcali.plebania.hu\/wp-content\/uploads\/2022\/10\/DSC_0678-1-2048x1365.jpg 2048w, https:\/\/marcali.plebania.hu\/wp-content\/uploads\/2022\/10\/DSC_0678-1-405x270.jpg 405w\" sizes=\"auto, (max-width: 1024px) 100vw, 1024px\" \/><\/figure><\/li><li class=\"blocks-gallery-item\"><figure><img loading=\"lazy\" decoding=\"async\" width=\"1024\" height=\"683\" src=\"https:\/\/marcali.plebania.hu\/wp-content\/uploads\/2022\/10\/DSC_0689-1-1024x683.jpg\" alt=\"\" data-id=\"3949\" data-link=\"https:\/\/marcali.plebania.hu\/?attachment_id=3949\" class=\"wp-image-3949\" srcset=\"https:\/\/marcali.plebania.hu\/wp-content\/uploads\/2022\/10\/DSC_0689-1-1024x683.jpg 1024w, https:\/\/marcali.plebania.hu\/wp-content\/uploads\/2022\/10\/DSC_0689-1-300x200.jpg 300w, https:\/\/marcali.plebania.hu\/wp-content\/uploads\/2022\/10\/DSC_0689-1-768x512.jpg 768w, https:\/\/marcali.plebania.hu\/wp-content\/uploads\/2022\/10\/DSC_0689-1-1536x1024.jpg 1536w, https:\/\/marcali.plebania.hu\/wp-content\/uploads\/2022\/10\/DSC_0689-1-2048x1365.jpg 2048w, https:\/\/marcali.plebania.hu\/wp-content\/uploads\/2022\/10\/DSC_0689-1-405x270.jpg 405w\" sizes=\"auto, (max-width: 1024px) 100vw, 1024px\" \/><\/figure><\/li><li class=\"blocks-gallery-item\"><figure><img loading=\"lazy\" decoding=\"async\" width=\"1024\" height=\"683\" src=\"https:\/\/marcali.plebania.hu\/wp-content\/uploads\/2022\/10\/DSC_0717-1024x683.jpg\" alt=\"\" data-id=\"3951\" data-full-url=\"https:\/\/marcali.plebania.hu\/wp-content\/uploads\/2022\/10\/DSC_0717-scaled.jpg\" data-link=\"https:\/\/marcali.plebania.hu\/?attachment_id=3951\" class=\"wp-image-3951\" srcset=\"https:\/\/marcali.plebania.hu\/wp-content\/uploads\/2022\/10\/DSC_0717-1024x683.jpg 1024w, https:\/\/marcali.plebania.hu\/wp-content\/uploads\/2022\/10\/DSC_0717-300x200.jpg 300w, https:\/\/marcali.plebania.hu\/wp-content\/uploads\/2022\/10\/DSC_0717-768x512.jpg 768w, https:\/\/marcali.plebania.hu\/wp-content\/uploads\/2022\/10\/DSC_0717-1536x1024.jpg 1536w, https:\/\/marcali.plebania.hu\/wp-content\/uploads\/2022\/10\/DSC_0717-2048x1365.jpg 2048w, https:\/\/marcali.plebania.hu\/wp-content\/uploads\/2022\/10\/DSC_0717-405x270.jpg 405w\" sizes=\"auto, (max-width: 1024px) 100vw, 1024px\" \/><\/figure><\/li><\/ul><\/figure>\n\n\n\n<p>A t\u00e1bori p\u00fcsp\u00f6k az istentiszteleten a vas\u00e1rnapi evang\u00e9liumr\u00f3l, az engedelmess\u00e9g fogalm\u00e1r\u00f3l, valamint a 300. \u00e9vfordul\u00f3r\u00f3l is sz\u00f3lt a megjelenteknek. V\u00e9g\u00fcl Isten \u00e1ld\u00e1s\u00e1t k\u00e9rte Iv\u00e1n atya tov\u00e1bbi lelkip\u00e1sztori munk\u00e1j\u00e1ra, valamint a Marcali egyh\u00e1zk\u00f6zs\u00e9g tov\u00e1bbi \u00e9let\u00e9re.<\/p>\n\n\n\n<figure class=\"wp-block-gallery columns-3 is-cropped wp-block-gallery-4 is-layout-flex wp-block-gallery-is-layout-flex\"><ul class=\"blocks-gallery-grid\"><li class=\"blocks-gallery-item\"><figure><img loading=\"lazy\" decoding=\"async\" width=\"1024\" height=\"683\" src=\"https:\/\/marcali.plebania.hu\/wp-content\/uploads\/2022\/10\/DSC_0667-1024x683.jpg\" alt=\"\" data-id=\"3953\" data-link=\"https:\/\/marcali.plebania.hu\/?attachment_id=3953\" class=\"wp-image-3953\" srcset=\"https:\/\/marcali.plebania.hu\/wp-content\/uploads\/2022\/10\/DSC_0667-1024x683.jpg 1024w, https:\/\/marcali.plebania.hu\/wp-content\/uploads\/2022\/10\/DSC_0667-300x200.jpg 300w, https:\/\/marcali.plebania.hu\/wp-content\/uploads\/2022\/10\/DSC_0667-768x512.jpg 768w, https:\/\/marcali.plebania.hu\/wp-content\/uploads\/2022\/10\/DSC_0667-1536x1024.jpg 1536w, https:\/\/marcali.plebania.hu\/wp-content\/uploads\/2022\/10\/DSC_0667-2048x1365.jpg 2048w, https:\/\/marcali.plebania.hu\/wp-content\/uploads\/2022\/10\/DSC_0667-405x270.jpg 405w\" sizes=\"auto, (max-width: 1024px) 100vw, 1024px\" \/><\/figure><\/li><li class=\"blocks-gallery-item\"><figure><img loading=\"lazy\" decoding=\"async\" width=\"1024\" height=\"683\" src=\"https:\/\/marcali.plebania.hu\/wp-content\/uploads\/2022\/10\/DSC_0731-1-1024x683.jpg\" alt=\"\" data-id=\"3954\" data-link=\"https:\/\/marcali.plebania.hu\/?attachment_id=3954\" class=\"wp-image-3954\" srcset=\"https:\/\/marcali.plebania.hu\/wp-content\/uploads\/2022\/10\/DSC_0731-1-1024x683.jpg 1024w, https:\/\/marcali.plebania.hu\/wp-content\/uploads\/2022\/10\/DSC_0731-1-300x200.jpg 300w, https:\/\/marcali.plebania.hu\/wp-content\/uploads\/2022\/10\/DSC_0731-1-768x512.jpg 768w, https:\/\/marcali.plebania.hu\/wp-content\/uploads\/2022\/10\/DSC_0731-1-1536x1024.jpg 1536w, https:\/\/marcali.plebania.hu\/wp-content\/uploads\/2022\/10\/DSC_0731-1-2048x1365.jpg 2048w, https:\/\/marcali.plebania.hu\/wp-content\/uploads\/2022\/10\/DSC_0731-1-405x270.jpg 405w\" sizes=\"auto, (max-width: 1024px) 100vw, 1024px\" \/><\/figure><\/li><li class=\"blocks-gallery-item\"><figure><img loading=\"lazy\" decoding=\"async\" width=\"1024\" height=\"683\" src=\"https:\/\/marcali.plebania.hu\/wp-content\/uploads\/2022\/10\/DSC_0701-1024x683.jpg\" alt=\"\" data-id=\"3955\" data-link=\"https:\/\/marcali.plebania.hu\/?attachment_id=3955\" class=\"wp-image-3955\" srcset=\"https:\/\/marcali.plebania.hu\/wp-content\/uploads\/2022\/10\/DSC_0701-1024x683.jpg 1024w, https:\/\/marcali.plebania.hu\/wp-content\/uploads\/2022\/10\/DSC_0701-300x200.jpg 300w, https:\/\/marcali.plebania.hu\/wp-content\/uploads\/2022\/10\/DSC_0701-768x512.jpg 768w, https:\/\/marcali.plebania.hu\/wp-content\/uploads\/2022\/10\/DSC_0701-1536x1024.jpg 1536w, https:\/\/marcali.plebania.hu\/wp-content\/uploads\/2022\/10\/DSC_0701-2048x1365.jpg 2048w, https:\/\/marcali.plebania.hu\/wp-content\/uploads\/2022\/10\/DSC_0701-405x270.jpg 405w\" sizes=\"auto, (max-width: 1024px) 100vw, 1024px\" \/><\/figure><\/li><li class=\"blocks-gallery-item\"><figure><img loading=\"lazy\" decoding=\"async\" width=\"1024\" height=\"683\" src=\"https:\/\/marcali.plebania.hu\/wp-content\/uploads\/2022\/10\/DSC_0705-1024x683.jpg\" alt=\"\" data-id=\"3956\" data-full-url=\"https:\/\/marcali.plebania.hu\/wp-content\/uploads\/2022\/10\/DSC_0705-scaled.jpg\" data-link=\"https:\/\/marcali.plebania.hu\/?attachment_id=3956\" class=\"wp-image-3956\" srcset=\"https:\/\/marcali.plebania.hu\/wp-content\/uploads\/2022\/10\/DSC_0705-1024x683.jpg 1024w, https:\/\/marcali.plebania.hu\/wp-content\/uploads\/2022\/10\/DSC_0705-300x200.jpg 300w, https:\/\/marcali.plebania.hu\/wp-content\/uploads\/2022\/10\/DSC_0705-768x512.jpg 768w, https:\/\/marcali.plebania.hu\/wp-content\/uploads\/2022\/10\/DSC_0705-1536x1024.jpg 1536w, https:\/\/marcali.plebania.hu\/wp-content\/uploads\/2022\/10\/DSC_0705-2048x1365.jpg 2048w, https:\/\/marcali.plebania.hu\/wp-content\/uploads\/2022\/10\/DSC_0705-405x270.jpg 405w\" sizes=\"auto, (max-width: 1024px) 100vw, 1024px\" \/><\/figure><\/li><\/ul><\/figure>\n\n\n\n<p>A szentmise z\u00e1r\u00e1sak\u00e9nt elhangzott a Himnusz \u00e9s a Boldogasszony any\u00e1k kezdet\u0171 \u00e9nek. Majd az \u00fcnnepi kivonul\u00e1st k\u00f6vet\u0151en a p\u00fcsp\u00f6k meg\u00e1ldotta a templomtorony \u00faj, Szent II. J\u00e1nos P\u00e1l p\u00e1p\u00e1t \u00e1br\u00e1zol\u00f3 molin\u00f3j\u00e1t is, amelyet Dr. Pozsonyi M\u00e1rk felaj\u00e1nl\u00e1s\u00e1b\u00f3l egy budapesti nyomd\u00e1ban k\u00e9sz\u00edtettek. Ezut\u00e1n \u00e1ld\u00e1st adott azokra a kis level\u0171 h\u00e1rsf\u00e1kra is, melyeket a templom k\u00f6r\u00fcl \u00fcltettek, tov\u00e1bb\u00e1 jelk\u00e9pesen n\u00e9h\u00e1ny lap\u00e1t f\u00f6ldet is sz\u00f3rt az egyik fa t\u00f6v\u00e9be. A f\u00e1kat az \u00fcnnep alkalm\u00e1b\u00f3l az egyh\u00e1zk\u00f6zs\u00e9g K\u00e9pvisel\u0151 Test\u00fclet\u00e9nek egyik tagja adom\u00e1nyozta, mik\u00f6zben az \u00f6nkorm\u00e1nyzat a beszerz\u00e9sben, a GAMESZ szervezete pedig az \u00fcltet\u00e9sben seg\u00e9dkezett.<\/p>\n\n\n\n<figure class=\"wp-block-gallery columns-3 is-cropped wp-block-gallery-5 is-layout-flex wp-block-gallery-is-layout-flex\"><ul class=\"blocks-gallery-grid\"><li class=\"blocks-gallery-item\"><figure><img loading=\"lazy\" decoding=\"async\" width=\"1024\" height=\"683\" src=\"https:\/\/marcali.plebania.hu\/wp-content\/uploads\/2022\/10\/DSC_0690-1024x683.jpg\" alt=\"\" data-id=\"3957\" data-link=\"https:\/\/marcali.plebania.hu\/?attachment_id=3957\" class=\"wp-image-3957\" srcset=\"https:\/\/marcali.plebania.hu\/wp-content\/uploads\/2022\/10\/DSC_0690-1024x683.jpg 1024w, https:\/\/marcali.plebania.hu\/wp-content\/uploads\/2022\/10\/DSC_0690-300x200.jpg 300w, https:\/\/marcali.plebania.hu\/wp-content\/uploads\/2022\/10\/DSC_0690-768x512.jpg 768w, https:\/\/marcali.plebania.hu\/wp-content\/uploads\/2022\/10\/DSC_0690-1536x1024.jpg 1536w, https:\/\/marcali.plebania.hu\/wp-content\/uploads\/2022\/10\/DSC_0690-2048x1365.jpg 2048w, https:\/\/marcali.plebania.hu\/wp-content\/uploads\/2022\/10\/DSC_0690-405x270.jpg 405w\" sizes=\"auto, (max-width: 1024px) 100vw, 1024px\" \/><\/figure><\/li><li class=\"blocks-gallery-item\"><figure><img loading=\"lazy\" decoding=\"async\" width=\"1024\" height=\"683\" src=\"https:\/\/marcali.plebania.hu\/wp-content\/uploads\/2022\/10\/DSC_0735-1024x683.jpg\" alt=\"\" data-id=\"3958\" data-link=\"https:\/\/marcali.plebania.hu\/?attachment_id=3958\" class=\"wp-image-3958\" srcset=\"https:\/\/marcali.plebania.hu\/wp-content\/uploads\/2022\/10\/DSC_0735-1024x683.jpg 1024w, https:\/\/marcali.plebania.hu\/wp-content\/uploads\/2022\/10\/DSC_0735-300x200.jpg 300w, https:\/\/marcali.plebania.hu\/wp-content\/uploads\/2022\/10\/DSC_0735-768x512.jpg 768w, https:\/\/marcali.plebania.hu\/wp-content\/uploads\/2022\/10\/DSC_0735-1536x1024.jpg 1536w, https:\/\/marcali.plebania.hu\/wp-content\/uploads\/2022\/10\/DSC_0735-2048x1365.jpg 2048w, https:\/\/marcali.plebania.hu\/wp-content\/uploads\/2022\/10\/DSC_0735-405x270.jpg 405w\" sizes=\"auto, (max-width: 1024px) 100vw, 1024px\" \/><\/figure><\/li><li class=\"blocks-gallery-item\"><figure><img loading=\"lazy\" decoding=\"async\" width=\"1024\" height=\"683\" src=\"https:\/\/marcali.plebania.hu\/wp-content\/uploads\/2022\/10\/DSC_0739-1024x683.jpg\" alt=\"\" data-id=\"3959\" data-link=\"https:\/\/marcali.plebania.hu\/?attachment_id=3959\" class=\"wp-image-3959\" srcset=\"https:\/\/marcali.plebania.hu\/wp-content\/uploads\/2022\/10\/DSC_0739-1024x683.jpg 1024w, https:\/\/marcali.plebania.hu\/wp-content\/uploads\/2022\/10\/DSC_0739-300x200.jpg 300w, https:\/\/marcali.plebania.hu\/wp-content\/uploads\/2022\/10\/DSC_0739-768x512.jpg 768w, https:\/\/marcali.plebania.hu\/wp-content\/uploads\/2022\/10\/DSC_0739-1536x1024.jpg 1536w, https:\/\/marcali.plebania.hu\/wp-content\/uploads\/2022\/10\/DSC_0739-2048x1365.jpg 2048w, https:\/\/marcali.plebania.hu\/wp-content\/uploads\/2022\/10\/DSC_0739-405x270.jpg 405w\" sizes=\"auto, (max-width: 1024px) 100vw, 1024px\" \/><\/figure><\/li><li class=\"blocks-gallery-item\"><figure><img loading=\"lazy\" decoding=\"async\" width=\"1024\" height=\"683\" src=\"https:\/\/marcali.plebania.hu\/wp-content\/uploads\/2022\/10\/DSC_0748-1024x683.jpg\" alt=\"\" data-id=\"3960\" data-full-url=\"https:\/\/marcali.plebania.hu\/wp-content\/uploads\/2022\/10\/DSC_0748-scaled.jpg\" data-link=\"https:\/\/marcali.plebania.hu\/?attachment_id=3960\" class=\"wp-image-3960\" srcset=\"https:\/\/marcali.plebania.hu\/wp-content\/uploads\/2022\/10\/DSC_0748-1024x683.jpg 1024w, https:\/\/marcali.plebania.hu\/wp-content\/uploads\/2022\/10\/DSC_0748-300x200.jpg 300w, https:\/\/marcali.plebania.hu\/wp-content\/uploads\/2022\/10\/DSC_0748-768x512.jpg 768w, https:\/\/marcali.plebania.hu\/wp-content\/uploads\/2022\/10\/DSC_0748-1536x1024.jpg 1536w, https:\/\/marcali.plebania.hu\/wp-content\/uploads\/2022\/10\/DSC_0748-2048x1365.jpg 2048w, https:\/\/marcali.plebania.hu\/wp-content\/uploads\/2022\/10\/DSC_0748-405x270.jpg 405w\" sizes=\"auto, (max-width: 1024px) 100vw, 1024px\" \/><\/figure><\/li><\/ul><\/figure>\n\n\n\n<p>Kiss Iv\u00e1n pl\u00e9b\u00e1nos ezen t\u00fal megk\u00f6sz\u00f6nte m\u00e9g Nagy L\u00e1szl\u00f3nak, a K\u00f6z\u00fat Kft. vezet\u0151j\u00e9nek, hogy a Szent II. J\u00e1nos P\u00e1l p\u00e1pa szobor talapzata k\u00f6r\u00fcli \u00fajabb munk\u00e1latok is elk\u00e9sz\u00fcltek az elm\u00falt h\u00e9ten, ezzel m\u00e9g hangs\u00falyosabb k\u00f6rnyezetet kapott az alkot\u00e1s.<\/p>\n\n\n\n<figure class=\"wp-block-gallery columns-3 is-cropped wp-block-gallery-6 is-layout-flex wp-block-gallery-is-layout-flex\"><ul class=\"blocks-gallery-grid\"><li class=\"blocks-gallery-item\"><figure><img loading=\"lazy\" decoding=\"async\" width=\"1024\" height=\"683\" src=\"https:\/\/marcali.plebania.hu\/wp-content\/uploads\/2022\/10\/DSC_0758-1024x683.jpg\" alt=\"\" data-id=\"3961\" data-link=\"https:\/\/marcali.plebania.hu\/?attachment_id=3961\" class=\"wp-image-3961\" srcset=\"https:\/\/marcali.plebania.hu\/wp-content\/uploads\/2022\/10\/DSC_0758-1024x683.jpg 1024w, https:\/\/marcali.plebania.hu\/wp-content\/uploads\/2022\/10\/DSC_0758-300x200.jpg 300w, https:\/\/marcali.plebania.hu\/wp-content\/uploads\/2022\/10\/DSC_0758-768x512.jpg 768w, https:\/\/marcali.plebania.hu\/wp-content\/uploads\/2022\/10\/DSC_0758-1536x1024.jpg 1536w, https:\/\/marcali.plebania.hu\/wp-content\/uploads\/2022\/10\/DSC_0758-2048x1365.jpg 2048w, https:\/\/marcali.plebania.hu\/wp-content\/uploads\/2022\/10\/DSC_0758-405x270.jpg 405w\" sizes=\"auto, (max-width: 1024px) 100vw, 1024px\" \/><\/figure><\/li><li class=\"blocks-gallery-item\"><figure><img loading=\"lazy\" decoding=\"async\" width=\"1024\" height=\"683\" src=\"https:\/\/marcali.plebania.hu\/wp-content\/uploads\/2022\/10\/DSC_0627-1024x683.jpg\" alt=\"\" data-id=\"3962\" data-link=\"https:\/\/marcali.plebania.hu\/?attachment_id=3962\" class=\"wp-image-3962\" srcset=\"https:\/\/marcali.plebania.hu\/wp-content\/uploads\/2022\/10\/DSC_0627-1024x683.jpg 1024w, https:\/\/marcali.plebania.hu\/wp-content\/uploads\/2022\/10\/DSC_0627-300x200.jpg 300w, https:\/\/marcali.plebania.hu\/wp-content\/uploads\/2022\/10\/DSC_0627-768x512.jpg 768w, https:\/\/marcali.plebania.hu\/wp-content\/uploads\/2022\/10\/DSC_0627-1536x1024.jpg 1536w, https:\/\/marcali.plebania.hu\/wp-content\/uploads\/2022\/10\/DSC_0627-2048x1365.jpg 2048w, https:\/\/marcali.plebania.hu\/wp-content\/uploads\/2022\/10\/DSC_0627-405x270.jpg 405w\" sizes=\"auto, (max-width: 1024px) 100vw, 1024px\" \/><\/figure><\/li><li class=\"blocks-gallery-item\"><figure><img loading=\"lazy\" decoding=\"async\" width=\"1024\" height=\"683\" src=\"https:\/\/marcali.plebania.hu\/wp-content\/uploads\/2022\/10\/DSC_0790-1024x683.jpg\" alt=\"\" data-id=\"3963\" data-link=\"https:\/\/marcali.plebania.hu\/?attachment_id=3963\" class=\"wp-image-3963\" srcset=\"https:\/\/marcali.plebania.hu\/wp-content\/uploads\/2022\/10\/DSC_0790-1024x683.jpg 1024w, https:\/\/marcali.plebania.hu\/wp-content\/uploads\/2022\/10\/DSC_0790-300x200.jpg 300w, https:\/\/marcali.plebania.hu\/wp-content\/uploads\/2022\/10\/DSC_0790-768x512.jpg 768w, https:\/\/marcali.plebania.hu\/wp-content\/uploads\/2022\/10\/DSC_0790-1536x1024.jpg 1536w, https:\/\/marcali.plebania.hu\/wp-content\/uploads\/2022\/10\/DSC_0790-2048x1365.jpg 2048w, https:\/\/marcali.plebania.hu\/wp-content\/uploads\/2022\/10\/DSC_0790-405x270.jpg 405w\" sizes=\"auto, (max-width: 1024px) 100vw, 1024px\" \/><\/figure><\/li><li class=\"blocks-gallery-item\"><figure><img loading=\"lazy\" decoding=\"async\" width=\"1024\" height=\"683\" src=\"https:\/\/marcali.plebania.hu\/wp-content\/uploads\/2022\/10\/DSC_0792-1024x683.jpg\" alt=\"\" data-id=\"3964\" data-full-url=\"https:\/\/marcali.plebania.hu\/wp-content\/uploads\/2022\/10\/DSC_0792-scaled.jpg\" data-link=\"https:\/\/marcali.plebania.hu\/?attachment_id=3964\" class=\"wp-image-3964\" srcset=\"https:\/\/marcali.plebania.hu\/wp-content\/uploads\/2022\/10\/DSC_0792-1024x683.jpg 1024w, https:\/\/marcali.plebania.hu\/wp-content\/uploads\/2022\/10\/DSC_0792-300x200.jpg 300w, https:\/\/marcali.plebania.hu\/wp-content\/uploads\/2022\/10\/DSC_0792-768x512.jpg 768w, https:\/\/marcali.plebania.hu\/wp-content\/uploads\/2022\/10\/DSC_0792-1536x1024.jpg 1536w, https:\/\/marcali.plebania.hu\/wp-content\/uploads\/2022\/10\/DSC_0792-2048x1365.jpg 2048w, https:\/\/marcali.plebania.hu\/wp-content\/uploads\/2022\/10\/DSC_0792-405x270.jpg 405w\" sizes=\"auto, (max-width: 1024px) 100vw, 1024px\" \/><\/figure><\/li><\/ul><\/figure>\n\n\n\n<p>A 300. \u00e9vfordul\u00f3 alkalm\u00e1b\u00f3l szervezett \u00fcnnepi szentmis\u00e9n a Marcali F\u00e9ny Gyermekei Katolikus Zenekar, \u00e9s Balogh B\u00e1lint k\u00e1ntor m\u0171k\u00f6d\u00f6tt k\u00f6zre. K\u00f3sz Gy\u00f6ngyi zongoram\u0171v\u00e9szn\u0151 orgonak\u00eds\u00e9rettel el\u00e9nekelte az Ave Maria, a Balogh B\u00e1lint-J\u00e1ki Zolt\u00e1n orgona-heged\u0171 kett\u0151s pedig Marco Frisina: Anima Christi c\u00edm\u0171 \u00e9nek\u00e9t.<\/p>\n\n\n\n<figure class=\"wp-block-gallery columns-3 is-cropped wp-block-gallery-7 is-layout-flex wp-block-gallery-is-layout-flex\"><ul class=\"blocks-gallery-grid\"><li class=\"blocks-gallery-item\"><figure><img loading=\"lazy\" decoding=\"async\" width=\"1024\" height=\"683\" src=\"https:\/\/marcali.plebania.hu\/wp-content\/uploads\/2022\/10\/DSC_0806-1024x683.jpg\" alt=\"\" data-id=\"3966\" data-link=\"https:\/\/marcali.plebania.hu\/?attachment_id=3966\" class=\"wp-image-3966\" srcset=\"https:\/\/marcali.plebania.hu\/wp-content\/uploads\/2022\/10\/DSC_0806-1024x683.jpg 1024w, https:\/\/marcali.plebania.hu\/wp-content\/uploads\/2022\/10\/DSC_0806-300x200.jpg 300w, https:\/\/marcali.plebania.hu\/wp-content\/uploads\/2022\/10\/DSC_0806-768x512.jpg 768w, https:\/\/marcali.plebania.hu\/wp-content\/uploads\/2022\/10\/DSC_0806-1536x1024.jpg 1536w, https:\/\/marcali.plebania.hu\/wp-content\/uploads\/2022\/10\/DSC_0806-2048x1365.jpg 2048w, https:\/\/marcali.plebania.hu\/wp-content\/uploads\/2022\/10\/DSC_0806-405x270.jpg 405w\" sizes=\"auto, (max-width: 1024px) 100vw, 1024px\" \/><\/figure><\/li><li class=\"blocks-gallery-item\"><figure><img loading=\"lazy\" decoding=\"async\" width=\"1024\" height=\"683\" src=\"https:\/\/marcali.plebania.hu\/wp-content\/uploads\/2022\/10\/DSC_0819-1024x683.jpg\" alt=\"\" data-id=\"3967\" data-link=\"https:\/\/marcali.plebania.hu\/?attachment_id=3967\" class=\"wp-image-3967\" srcset=\"https:\/\/marcali.plebania.hu\/wp-content\/uploads\/2022\/10\/DSC_0819-1024x683.jpg 1024w, https:\/\/marcali.plebania.hu\/wp-content\/uploads\/2022\/10\/DSC_0819-300x200.jpg 300w, https:\/\/marcali.plebania.hu\/wp-content\/uploads\/2022\/10\/DSC_0819-768x512.jpg 768w, https:\/\/marcali.plebania.hu\/wp-content\/uploads\/2022\/10\/DSC_0819-1536x1024.jpg 1536w, https:\/\/marcali.plebania.hu\/wp-content\/uploads\/2022\/10\/DSC_0819-2048x1365.jpg 2048w, https:\/\/marcali.plebania.hu\/wp-content\/uploads\/2022\/10\/DSC_0819-405x270.jpg 405w\" sizes=\"auto, (max-width: 1024px) 100vw, 1024px\" \/><\/figure><\/li><li class=\"blocks-gallery-item\"><figure><img loading=\"lazy\" decoding=\"async\" width=\"1024\" height=\"683\" src=\"https:\/\/marcali.plebania.hu\/wp-content\/uploads\/2022\/10\/DSC_0829-1024x683.jpg\" alt=\"\" data-id=\"3968\" data-link=\"https:\/\/marcali.plebania.hu\/?attachment_id=3968\" class=\"wp-image-3968\" srcset=\"https:\/\/marcali.plebania.hu\/wp-content\/uploads\/2022\/10\/DSC_0829-1024x683.jpg 1024w, https:\/\/marcali.plebania.hu\/wp-content\/uploads\/2022\/10\/DSC_0829-300x200.jpg 300w, https:\/\/marcali.plebania.hu\/wp-content\/uploads\/2022\/10\/DSC_0829-768x512.jpg 768w, https:\/\/marcali.plebania.hu\/wp-content\/uploads\/2022\/10\/DSC_0829-1536x1024.jpg 1536w, https:\/\/marcali.plebania.hu\/wp-content\/uploads\/2022\/10\/DSC_0829-2048x1365.jpg 2048w, https:\/\/marcali.plebania.hu\/wp-content\/uploads\/2022\/10\/DSC_0829-405x270.jpg 405w\" sizes=\"auto, (max-width: 1024px) 100vw, 1024px\" \/><\/figure><\/li><li class=\"blocks-gallery-item\"><figure><img loading=\"lazy\" decoding=\"async\" width=\"1024\" height=\"683\" src=\"https:\/\/marcali.plebania.hu\/wp-content\/uploads\/2022\/10\/DSC_0837-1024x683.jpg\" alt=\"\" data-id=\"3969\" data-full-url=\"https:\/\/marcali.plebania.hu\/wp-content\/uploads\/2022\/10\/DSC_0837-scaled.jpg\" data-link=\"https:\/\/marcali.plebania.hu\/?attachment_id=3969\" class=\"wp-image-3969\" srcset=\"https:\/\/marcali.plebania.hu\/wp-content\/uploads\/2022\/10\/DSC_0837-1024x683.jpg 1024w, https:\/\/marcali.plebania.hu\/wp-content\/uploads\/2022\/10\/DSC_0837-300x200.jpg 300w, https:\/\/marcali.plebania.hu\/wp-content\/uploads\/2022\/10\/DSC_0837-768x512.jpg 768w, https:\/\/marcali.plebania.hu\/wp-content\/uploads\/2022\/10\/DSC_0837-1536x1024.jpg 1536w, https:\/\/marcali.plebania.hu\/wp-content\/uploads\/2022\/10\/DSC_0837-2048x1365.jpg 2048w, https:\/\/marcali.plebania.hu\/wp-content\/uploads\/2022\/10\/DSC_0837-405x270.jpg 405w\" sizes=\"auto, (max-width: 1024px) 100vw, 1024px\" \/><\/figure><\/li><\/ul><\/figure>\n\n\n\n<p>Az istentiszteletet k\u00f6vet\u0151en a megh\u00edvott vend\u00e9geket \u00e9s a r\u00e9sztvev\u0151ket az egyh\u00e1zk\u00f6zs\u00e9g k\u00f6z\u00f6ss\u00e9gi h\u00e1z\u00e1ban vend\u00e9g\u00fcl l\u00e1tt\u00e1k szendvicsekkel \u00e9s finomabbn\u00e1l-finomabb h\u00e1zi k\u00e9sz\u00edt\u00e9s\u0171 s\u00fctem\u00e9nyekkel, tov\u00e1bb\u00e1 friss\u00edt\u0151kkel, valamint helyben k\u00e9sz\u00edtett borokkal. Ezen k\u00edv\u00fcl minden jelenl\u00e9v\u0151 egy kis aj\u00e1nd\u00e9kot is kapott eml\u00e9kbe: a Marcali Katolikus \u00dajs\u00e1g leg\u00fajabb sz\u00e1m\u00e1t \u00e9s egy a Marcali templomokat \u00e1br\u00e1zol\u00f3 k\u00e9peslapot.<\/p>\n\n\n\n<figure class=\"wp-block-gallery columns-3 is-cropped wp-block-gallery-8 is-layout-flex wp-block-gallery-is-layout-flex\"><ul class=\"blocks-gallery-grid\"><li class=\"blocks-gallery-item\"><figure><img loading=\"lazy\" decoding=\"async\" width=\"1024\" height=\"683\" src=\"https:\/\/marcali.plebania.hu\/wp-content\/uploads\/2022\/10\/DSC_0768-1024x683.jpg\" alt=\"\" data-id=\"3970\" data-link=\"https:\/\/marcali.plebania.hu\/?attachment_id=3970\" class=\"wp-image-3970\" srcset=\"https:\/\/marcali.plebania.hu\/wp-content\/uploads\/2022\/10\/DSC_0768-1024x683.jpg 1024w, https:\/\/marcali.plebania.hu\/wp-content\/uploads\/2022\/10\/DSC_0768-300x200.jpg 300w, https:\/\/marcali.plebania.hu\/wp-content\/uploads\/2022\/10\/DSC_0768-768x512.jpg 768w, https:\/\/marcali.plebania.hu\/wp-content\/uploads\/2022\/10\/DSC_0768-1536x1024.jpg 1536w, https:\/\/marcali.plebania.hu\/wp-content\/uploads\/2022\/10\/DSC_0768-2048x1365.jpg 2048w, https:\/\/marcali.plebania.hu\/wp-content\/uploads\/2022\/10\/DSC_0768-405x270.jpg 405w\" sizes=\"auto, (max-width: 1024px) 100vw, 1024px\" \/><\/figure><\/li><li class=\"blocks-gallery-item\"><figure><img loading=\"lazy\" decoding=\"async\" width=\"1024\" height=\"683\" src=\"https:\/\/marcali.plebania.hu\/wp-content\/uploads\/2022\/10\/DSC_0846-1024x683.jpg\" alt=\"\" data-id=\"3971\" data-link=\"https:\/\/marcali.plebania.hu\/?attachment_id=3971\" class=\"wp-image-3971\" srcset=\"https:\/\/marcali.plebania.hu\/wp-content\/uploads\/2022\/10\/DSC_0846-1024x683.jpg 1024w, https:\/\/marcali.plebania.hu\/wp-content\/uploads\/2022\/10\/DSC_0846-300x200.jpg 300w, https:\/\/marcali.plebania.hu\/wp-content\/uploads\/2022\/10\/DSC_0846-768x512.jpg 768w, https:\/\/marcali.plebania.hu\/wp-content\/uploads\/2022\/10\/DSC_0846-1536x1024.jpg 1536w, https:\/\/marcali.plebania.hu\/wp-content\/uploads\/2022\/10\/DSC_0846-2048x1365.jpg 2048w, https:\/\/marcali.plebania.hu\/wp-content\/uploads\/2022\/10\/DSC_0846-405x270.jpg 405w\" sizes=\"auto, (max-width: 1024px) 100vw, 1024px\" \/><\/figure><\/li><li class=\"blocks-gallery-item\"><figure><img loading=\"lazy\" decoding=\"async\" width=\"1024\" height=\"683\" src=\"https:\/\/marcali.plebania.hu\/wp-content\/uploads\/2022\/10\/DSC_0844-1024x683.jpg\" alt=\"\" data-id=\"3972\" data-link=\"https:\/\/marcali.plebania.hu\/?attachment_id=3972\" class=\"wp-image-3972\" srcset=\"https:\/\/marcali.plebania.hu\/wp-content\/uploads\/2022\/10\/DSC_0844-1024x683.jpg 1024w, https:\/\/marcali.plebania.hu\/wp-content\/uploads\/2022\/10\/DSC_0844-300x200.jpg 300w, https:\/\/marcali.plebania.hu\/wp-content\/uploads\/2022\/10\/DSC_0844-768x512.jpg 768w, https:\/\/marcali.plebania.hu\/wp-content\/uploads\/2022\/10\/DSC_0844-1536x1024.jpg 1536w, https:\/\/marcali.plebania.hu\/wp-content\/uploads\/2022\/10\/DSC_0844-2048x1365.jpg 2048w, https:\/\/marcali.plebania.hu\/wp-content\/uploads\/2022\/10\/DSC_0844-405x270.jpg 405w\" sizes=\"auto, (max-width: 1024px) 100vw, 1024px\" \/><\/figure><\/li><li class=\"blocks-gallery-item\"><figure><img loading=\"lazy\" decoding=\"async\" width=\"1024\" height=\"683\" src=\"https:\/\/marcali.plebania.hu\/wp-content\/uploads\/2022\/10\/DSC_0854-1024x683.jpg\" alt=\"\" data-id=\"3973\" data-full-url=\"https:\/\/marcali.plebania.hu\/wp-content\/uploads\/2022\/10\/DSC_0854-scaled.jpg\" data-link=\"https:\/\/marcali.plebania.hu\/?attachment_id=3973\" class=\"wp-image-3973\" srcset=\"https:\/\/marcali.plebania.hu\/wp-content\/uploads\/2022\/10\/DSC_0854-1024x683.jpg 1024w, https:\/\/marcali.plebania.hu\/wp-content\/uploads\/2022\/10\/DSC_0854-300x200.jpg 300w, https:\/\/marcali.plebania.hu\/wp-content\/uploads\/2022\/10\/DSC_0854-768x512.jpg 768w, https:\/\/marcali.plebania.hu\/wp-content\/uploads\/2022\/10\/DSC_0854-1536x1024.jpg 1536w, https:\/\/marcali.plebania.hu\/wp-content\/uploads\/2022\/10\/DSC_0854-2048x1365.jpg 2048w, https:\/\/marcali.plebania.hu\/wp-content\/uploads\/2022\/10\/DSC_0854-405x270.jpg 405w\" sizes=\"auto, (max-width: 1024px) 100vw, 1024px\" \/><\/figure><\/li><\/ul><\/figure>\n","protected":false},"excerpt":{"rendered":"<p>2022. okt\u00f3ber 9-\u00e9n, vas\u00e1rnap 15 \u00f3rakor szentmis\u00e9vel kezd\u0151d\u00f6tt az \u00fcnneps\u00e9g a Gy\u00fcm\u00f6lcsolt\u00f3 Boldogasszony Pl\u00e9b\u00e1niatemplomban, melyet a pl\u00e9b\u00e1nia \u00fajj\u00e1alak\u00edt\u00e1s\u00e1nak 300. \u00e9vfordul\u00f3j\u00e1n szervezett a Marcali R\u00f3mai Katolikus Egyh\u00e1zk\u00f6zs\u00e9g. Az istentisztelet f\u0151celebr\u00e1nsa Berta Tibor dand\u00e1rt\u00e1bornok, katolikus t\u00e1bori p\u00fcsp\u00f6k volt, aki 1991-1993 k\u00f6z\u00f6tt k\u00e1pl\u00e1nk\u00e9nt teljes\u00edtett szolg\u00e1latot a telep\u00fcl\u00e9sen. Rajta k\u00edv\u00fcl megh\u00edvt\u00e1k a m\u00e9g \u00e9l\u0151, volt k\u00e1pl\u00e1nokat is. Erre az alkalomra k\u00f6z\u00fcl\u00fck elj\u00f6tt m\u00e9g Ajt\u00f3s J\u00f3zsef (1976-1977), Sass Rudolf (1986-1990), Sifter Gergely (2008-2009) atya is. Az \u00fcnneps\u00e9gen tov\u00e1bb\u00e1 r\u00e9szt vett m\u00e9g Galambos Ferenc mesztegny\u0151i \u00e9s&#8230;<\/p>\n<p class=\"read-more\"><a class=\"btn btn-default\" href=\"https:\/\/marcali.plebania.hu\/?p=3935\"> Read More<span class=\"screen-reader-text\">  Read More<\/span><\/a><\/p>\n","protected":false},"author":2,"featured_media":0,"comment_status":"closed","ping_status":"open","sticky":false,"template":"","format":"standard","meta":{"footnotes":""},"categories":[1],"tags":[],"class_list":["post-3935","post","type-post","status-publish","format-standard","hentry","category-egyeb"],"_links":{"self":[{"href":"https:\/\/marcali.plebania.hu\/index.php?rest_route=\/wp\/v2\/posts\/3935","targetHints":{"allow":["GET"]}}],"collection":[{"href":"https:\/\/marcali.plebania.hu\/index.php?rest_route=\/wp\/v2\/posts"}],"about":[{"href":"https:\/\/marcali.plebania.hu\/index.php?rest_route=\/wp\/v2\/types\/post"}],"author":[{"embeddable":true,"href":"https:\/\/marcali.plebania.hu\/index.php?rest_route=\/wp\/v2\/users\/2"}],"replies":[{"embeddable":true,"href":"https:\/\/marcali.plebania.hu\/index.php?rest_route=%2Fwp%2Fv2%2Fcomments&post=3935"}],"version-history":[{"count":1,"href":"https:\/\/marcali.plebania.hu\/index.php?rest_route=\/wp\/v2\/posts\/3935\/revisions"}],"predecessor-version":[{"id":3974,"href":"https:\/\/marcali.plebania.hu\/index.php?rest_route=\/wp\/v2\/posts\/3935\/revisions\/3974"}],"wp:attachment":[{"href":"https:\/\/marcali.plebania.hu\/index.php?rest_route=%2Fwp%2Fv2%2Fmedia&parent=3935"}],"wp:term":[{"taxonomy":"category","embeddable":true,"href":"https:\/\/marcali.plebania.hu\/index.php?rest_route=%2Fwp%2Fv2%2Fcategories&post=3935"},{"taxonomy":"post_tag","embeddable":true,"href":"https:\/\/marcali.plebania.hu\/index.php?rest_route=%2Fwp%2Fv2%2Ftags&post=3935"}],"curies":[{"name":"wp","href":"https:\/\/api.w.org\/{rel}","templated":true}]}}