{"id":394,"date":"2018-10-25T10:06:12","date_gmt":"2018-10-25T10:06:12","guid":{"rendered":"https:\/\/marcali.plebania.hu\/?p=394"},"modified":"2018-10-25T10:06:12","modified_gmt":"2018-10-25T10:06:12","slug":"szentmisek-mindenszentek-es-halottak-napjan","status":"publish","type":"post","link":"https:\/\/marcali.plebania.hu\/?p=394","title":{"rendered":"Szentmis\u00e9k Mindenszentek \u00e9s Halottak napj\u00e1n"},"content":{"rendered":"<p><strong>Mindenszentek (<em>cs\u00fct\u00f6rt\u00f6k<\/em>)<\/strong><\/p>\n<p><strong>8 \u00f3ra: <em>pl\u00e9b\u00e1niatemplom<\/em><\/strong><\/p>\n<p><strong>17 \u00f3ra: <em>K\u00f6zponti temet\u0151<\/em> (<em>ravataloz\u00f3<\/em>)<\/strong><\/p>\n<p><strong>\u00a0<\/strong><\/p>\n<p><strong>Halottak napja (<em>p\u00e9ntek<\/em>)<\/strong><\/p>\n<p><strong>9 \u00f3ra: <em>K\u00f6zponti temet\u0151 <\/em>(<em>k\u00e1polna<\/em>)<\/strong><\/p>\n<p><strong>17 \u00f3ra: <em>B. Gizella altemplom<\/em><\/strong><\/p>\n","protected":false},"excerpt":{"rendered":"<p>Mindenszentek (cs\u00fct\u00f6rt\u00f6k) 8 \u00f3ra: pl\u00e9b\u00e1niatemplom 17 \u00f3ra: K\u00f6zponti temet\u0151 (ravataloz\u00f3) \u00a0 Halottak napja (p\u00e9ntek) 9 \u00f3ra: K\u00f6zponti temet\u0151 (k\u00e1polna) 17 \u00f3ra: B. Gizella altemplom<\/p>\n","protected":false},"author":2,"featured_media":0,"comment_status":"closed","ping_status":"open","sticky":false,"template":"","format":"standard","meta":{"footnotes":""},"categories":[1],"tags":[],"class_list":["post-394","post","type-post","status-publish","format-standard","hentry","category-egyeb"],"_links":{"self":[{"href":"https:\/\/marcali.plebania.hu\/index.php?rest_route=\/wp\/v2\/posts\/394","targetHints":{"allow":["GET"]}}],"collection":[{"href":"https:\/\/marcali.plebania.hu\/index.php?rest_route=\/wp\/v2\/posts"}],"about":[{"href":"https:\/\/marcali.plebania.hu\/index.php?rest_route=\/wp\/v2\/types\/post"}],"author":[{"embeddable":true,"href":"https:\/\/marcali.plebania.hu\/index.php?rest_route=\/wp\/v2\/users\/2"}],"replies":[{"embeddable":true,"href":"https:\/\/marcali.plebania.hu\/index.php?rest_route=%2Fwp%2Fv2%2Fcomments&post=394"}],"version-history":[{"count":1,"href":"https:\/\/marcali.plebania.hu\/index.php?rest_route=\/wp\/v2\/posts\/394\/revisions"}],"predecessor-version":[{"id":395,"href":"https:\/\/marcali.plebania.hu\/index.php?rest_route=\/wp\/v2\/posts\/394\/revisions\/395"}],"wp:attachment":[{"href":"https:\/\/marcali.plebania.hu\/index.php?rest_route=%2Fwp%2Fv2%2Fmedia&parent=394"}],"wp:term":[{"taxonomy":"category","embeddable":true,"href":"https:\/\/marcali.plebania.hu\/index.php?rest_route=%2Fwp%2Fv2%2Fcategories&post=394"},{"taxonomy":"post_tag","embeddable":true,"href":"https:\/\/marcali.plebania.hu\/index.php?rest_route=%2Fwp%2Fv2%2Ftags&post=394"}],"curies":[{"name":"wp","href":"https:\/\/api.w.org\/{rel}","templated":true}]}}