{"id":396,"date":"2018-10-26T06:51:09","date_gmt":"2018-10-26T06:51:09","guid":{"rendered":"https:\/\/marcali.plebania.hu\/?p=396"},"modified":"2018-10-26T06:51:09","modified_gmt":"2018-10-26T06:51:09","slug":"hirdetesek-2018-10-28","status":"publish","type":"post","link":"https:\/\/marcali.plebania.hu\/?p=396","title":{"rendered":"Hirdet\u00e9sek, 2018. 10. 28."},"content":{"rendered":"<ol>\n<li>Ma van az \u00e9vk\u00f6zi 30. vas\u00e1rnap.<\/li>\n<li>Cs\u00fct\u00f6rt\u00f6k\u00f6n Mindenszentek \u00fcnnep\u00e9n (parancsolt \u00fcnnep) a pl\u00e9b\u00e1niatemplomban reggel 8 \u00f3rakor, a k\u00f6zponti temet\u0151 ravataloz\u00f3j\u00e1n\u00e1l 17 \u00f3rakor szentmise.<\/li>\n<li>P\u00e9nteken Halottak napj\u00e1n 9 \u00f3rakor szentmise a k\u00f6zponti temet\u0151 k\u00e1poln\u00e1j\u00e1ban, 17 \u00f3rakor a B. Gizella altemplom\u00e1ban lesz szentmise.<\/li>\n<li>Az els\u0151 p\u00e9ntekes gy\u00f3n\u00e1sokat k\u00e9rn\u00e9m szombaton a szentmise el\u0151tt elv\u00e9gezni.<\/li>\n<li>Mindenszentek \u00e9s Halottak napj\u00e1n teljes b\u00facs\u00fa nyerhet\u0151 a megszabott felt\u00e9telek mellett, melyet megholtjaink\u00e9rt is felaj\u00e1nlhatunk.<\/li>\n<li>A j\u00f6v\u0151 h\u00e9ten m\u00e1r az esti szentmis\u00e9k kezd\u00e9si id\u0151pontja 17 \u00f3ra.<\/li>\n<li>Az Egyh\u00e1zk\u00f6zs\u00e9g K\u00e9pvisel\u0151 Test\u00fclet\u00e9nek mand\u00e1tuma az eg\u00e9sz egyh\u00e1zmegy\u00e9ben lej\u00e1rt. \u00daj tagok jel\u00f6l\u00e9s\u00e9t k\u00e9rtem, eddig 4 \u00faj tag jel\u00f6l\u00e9se t\u00f6rt\u00e9nt. Az K\u00e9pvisel\u0151 Test\u00fclet n\u00e9vsor\u00e1t november els\u0151 vas\u00e1rnapj\u00e1n hirdetj\u00fck ki. Esk\u00fct\u00e9tel\u00fckre az eg\u00e9sz egyh\u00e1zmegy\u00e9ben Krisztus Kir\u00e1ly vas\u00e1rnapj\u00e1n ker\u00fcl sor.<\/li>\n<\/ol>\n","protected":false},"excerpt":{"rendered":"<p>Ma van az \u00e9vk\u00f6zi 30. vas\u00e1rnap. Cs\u00fct\u00f6rt\u00f6k\u00f6n Mindenszentek \u00fcnnep\u00e9n (parancsolt \u00fcnnep) a pl\u00e9b\u00e1niatemplomban reggel 8 \u00f3rakor, a k\u00f6zponti temet\u0151 ravataloz\u00f3j\u00e1n\u00e1l 17 \u00f3rakor szentmise. P\u00e9nteken Halottak napj\u00e1n 9 \u00f3rakor szentmise a k\u00f6zponti temet\u0151 k\u00e1poln\u00e1j\u00e1ban, 17 \u00f3rakor a B. Gizella altemplom\u00e1ban lesz szentmise. Az els\u0151 p\u00e9ntekes gy\u00f3n\u00e1sokat k\u00e9rn\u00e9m szombaton a szentmise el\u0151tt elv\u00e9gezni. Mindenszentek \u00e9s Halottak napj\u00e1n teljes b\u00facs\u00fa nyerhet\u0151 a megszabott felt\u00e9telek mellett, melyet megholtjaink\u00e9rt is felaj\u00e1nlhatunk. A j\u00f6v\u0151 h\u00e9ten m\u00e1r az esti szentmis\u00e9k kezd\u00e9si id\u0151pontja 17 \u00f3ra. Az Egyh\u00e1zk\u00f6zs\u00e9g K\u00e9pvisel\u0151&#8230;<\/p>\n<p class=\"read-more\"><a class=\"btn btn-default\" href=\"https:\/\/marcali.plebania.hu\/?p=396\"> Read More<span class=\"screen-reader-text\">  Read More<\/span><\/a><\/p>\n","protected":false},"author":2,"featured_media":0,"comment_status":"closed","ping_status":"open","sticky":false,"template":"","format":"standard","meta":{"footnotes":""},"categories":[1],"tags":[],"class_list":["post-396","post","type-post","status-publish","format-standard","hentry","category-egyeb"],"_links":{"self":[{"href":"https:\/\/marcali.plebania.hu\/index.php?rest_route=\/wp\/v2\/posts\/396","targetHints":{"allow":["GET"]}}],"collection":[{"href":"https:\/\/marcali.plebania.hu\/index.php?rest_route=\/wp\/v2\/posts"}],"about":[{"href":"https:\/\/marcali.plebania.hu\/index.php?rest_route=\/wp\/v2\/types\/post"}],"author":[{"embeddable":true,"href":"https:\/\/marcali.plebania.hu\/index.php?rest_route=\/wp\/v2\/users\/2"}],"replies":[{"embeddable":true,"href":"https:\/\/marcali.plebania.hu\/index.php?rest_route=%2Fwp%2Fv2%2Fcomments&post=396"}],"version-history":[{"count":1,"href":"https:\/\/marcali.plebania.hu\/index.php?rest_route=\/wp\/v2\/posts\/396\/revisions"}],"predecessor-version":[{"id":397,"href":"https:\/\/marcali.plebania.hu\/index.php?rest_route=\/wp\/v2\/posts\/396\/revisions\/397"}],"wp:attachment":[{"href":"https:\/\/marcali.plebania.hu\/index.php?rest_route=%2Fwp%2Fv2%2Fmedia&parent=396"}],"wp:term":[{"taxonomy":"category","embeddable":true,"href":"https:\/\/marcali.plebania.hu\/index.php?rest_route=%2Fwp%2Fv2%2Fcategories&post=396"},{"taxonomy":"post_tag","embeddable":true,"href":"https:\/\/marcali.plebania.hu\/index.php?rest_route=%2Fwp%2Fv2%2Ftags&post=396"}],"curies":[{"name":"wp","href":"https:\/\/api.w.org\/{rel}","templated":true}]}}