{"id":3975,"date":"2022-10-14T07:18:38","date_gmt":"2022-10-14T07:18:38","guid":{"rendered":"https:\/\/marcali.plebania.hu\/?p=3975"},"modified":"2022-10-14T07:18:38","modified_gmt":"2022-10-14T07:18:38","slug":"hirdetesek-2022-10-16","status":"publish","type":"post","link":"https:\/\/marcali.plebania.hu\/?p=3975","title":{"rendered":"Hirdet\u00e9sek, 2022.10. 16."},"content":{"rendered":"\n<ol class=\"wp-block-list\"><li>Ma\nvan az \u00e9vk\u00f6zi 29. vas\u00e1rnap, a misszi\u00f3k vas\u00e1rnapja.<\/li><li>A\nh\u00e9ten h\u00e9tf\u0151n, 18 \u00f3rakor Szentl\u00e9lek szemin\u00e1rium az X-h\u00e1zban.<\/li><li>H\u00e9tk\u00f6znaponk\u00e9nt\nminden este 17.30-kor r\u00f3zsaf\u00fcz\u00e9r, 18 \u00f3rakor szentmise.<\/li><li>K\u00f6sz\u00f6net\nmindazoknak, akik az elm\u00falt vas\u00e1rnap \u00fcnnep\u00e9hez b\u00e1rmilyen m\u00f3don is\nhozz\u00e1j\u00e1rultak.<\/li><li>A\nh\u00e9ten befejez\u0151d\u00f6tt a pl\u00e9b\u00e1nia keleti tet\u0151 cser\u00e9je.<\/li><\/ol>\n","protected":false},"excerpt":{"rendered":"<p>Ma van az \u00e9vk\u00f6zi 29. vas\u00e1rnap, a misszi\u00f3k vas\u00e1rnapja. A h\u00e9ten h\u00e9tf\u0151n, 18 \u00f3rakor Szentl\u00e9lek szemin\u00e1rium az X-h\u00e1zban. H\u00e9tk\u00f6znaponk\u00e9nt minden este 17.30-kor r\u00f3zsaf\u00fcz\u00e9r, 18 \u00f3rakor szentmise. K\u00f6sz\u00f6net mindazoknak, akik az elm\u00falt vas\u00e1rnap \u00fcnnep\u00e9hez b\u00e1rmilyen m\u00f3don is hozz\u00e1j\u00e1rultak. A h\u00e9ten befejez\u0151d\u00f6tt a pl\u00e9b\u00e1nia keleti tet\u0151 cser\u00e9je.<\/p>\n","protected":false},"author":2,"featured_media":0,"comment_status":"closed","ping_status":"open","sticky":false,"template":"","format":"standard","meta":{"footnotes":""},"categories":[1],"tags":[],"class_list":["post-3975","post","type-post","status-publish","format-standard","hentry","category-egyeb"],"_links":{"self":[{"href":"https:\/\/marcali.plebania.hu\/index.php?rest_route=\/wp\/v2\/posts\/3975","targetHints":{"allow":["GET"]}}],"collection":[{"href":"https:\/\/marcali.plebania.hu\/index.php?rest_route=\/wp\/v2\/posts"}],"about":[{"href":"https:\/\/marcali.plebania.hu\/index.php?rest_route=\/wp\/v2\/types\/post"}],"author":[{"embeddable":true,"href":"https:\/\/marcali.plebania.hu\/index.php?rest_route=\/wp\/v2\/users\/2"}],"replies":[{"embeddable":true,"href":"https:\/\/marcali.plebania.hu\/index.php?rest_route=%2Fwp%2Fv2%2Fcomments&post=3975"}],"version-history":[{"count":1,"href":"https:\/\/marcali.plebania.hu\/index.php?rest_route=\/wp\/v2\/posts\/3975\/revisions"}],"predecessor-version":[{"id":3976,"href":"https:\/\/marcali.plebania.hu\/index.php?rest_route=\/wp\/v2\/posts\/3975\/revisions\/3976"}],"wp:attachment":[{"href":"https:\/\/marcali.plebania.hu\/index.php?rest_route=%2Fwp%2Fv2%2Fmedia&parent=3975"}],"wp:term":[{"taxonomy":"category","embeddable":true,"href":"https:\/\/marcali.plebania.hu\/index.php?rest_route=%2Fwp%2Fv2%2Fcategories&post=3975"},{"taxonomy":"post_tag","embeddable":true,"href":"https:\/\/marcali.plebania.hu\/index.php?rest_route=%2Fwp%2Fv2%2Ftags&post=3975"}],"curies":[{"name":"wp","href":"https:\/\/api.w.org\/{rel}","templated":true}]}}