{"id":3977,"date":"2022-10-18T07:46:06","date_gmt":"2022-10-18T07:46:06","guid":{"rendered":"https:\/\/marcali.plebania.hu\/?p=3977"},"modified":"2022-10-18T07:46:06","modified_gmt":"2022-10-18T07:46:06","slug":"megaldottak-a-felujitott-boldogsagos-szuz-maria-szobrot","status":"publish","type":"post","link":"https:\/\/marcali.plebania.hu\/?p=3977","title":{"rendered":"Meg\u00e1ldott\u00e1k a fel\u00faj\u00edtott Boldogs\u00e1gos Sz\u0171z M\u00e1ria szobrot"},"content":{"rendered":"\n<p>2022. okt\u00f3ber 15-\u00e9n (szombaton) 15 \u00f3rakor kezd\u0151d\u00f6tt a Nagypincei \u00faton, a Borbar\u00e1tok \u00fatja keresztez\u0151d\u00e9s\u00e9n\u00e9l l\u00e9v\u0151 Boldogs\u00e1gos Sz\u0171z M\u00e1ria szobor meg\u00e1ld\u00e1si szertart\u00e1sa.<\/p>\n\n\n\n<figure class=\"wp-block-gallery columns-3 is-cropped wp-block-gallery-1 is-layout-flex wp-block-gallery-is-layout-flex\"><ul class=\"blocks-gallery-grid\"><li class=\"blocks-gallery-item\"><figure><img loading=\"lazy\" decoding=\"async\" width=\"683\" height=\"1024\" src=\"https:\/\/marcali.plebania.hu\/wp-content\/uploads\/2022\/10\/DSC_0857-683x1024.jpg\" alt=\"\" data-id=\"3978\" data-link=\"https:\/\/marcali.plebania.hu\/?attachment_id=3978\" class=\"wp-image-3978\" srcset=\"https:\/\/marcali.plebania.hu\/wp-content\/uploads\/2022\/10\/DSC_0857-683x1024.jpg 683w, https:\/\/marcali.plebania.hu\/wp-content\/uploads\/2022\/10\/DSC_0857-200x300.jpg 200w, https:\/\/marcali.plebania.hu\/wp-content\/uploads\/2022\/10\/DSC_0857-768x1152.jpg 768w, https:\/\/marcali.plebania.hu\/wp-content\/uploads\/2022\/10\/DSC_0857-1024x1536.jpg 1024w, https:\/\/marcali.plebania.hu\/wp-content\/uploads\/2022\/10\/DSC_0857-1365x2048.jpg 1365w, https:\/\/marcali.plebania.hu\/wp-content\/uploads\/2022\/10\/DSC_0857-180x270.jpg 180w, https:\/\/marcali.plebania.hu\/wp-content\/uploads\/2022\/10\/DSC_0857-scaled.jpg 1707w\" sizes=\"auto, (max-width: 683px) 100vw, 683px\" \/><\/figure><\/li><li class=\"blocks-gallery-item\"><figure><img loading=\"lazy\" decoding=\"async\" width=\"683\" height=\"1024\" src=\"https:\/\/marcali.plebania.hu\/wp-content\/uploads\/2022\/10\/DSC_0858-683x1024.jpg\" alt=\"\" data-id=\"3979\" data-link=\"https:\/\/marcali.plebania.hu\/?attachment_id=3979\" class=\"wp-image-3979\" srcset=\"https:\/\/marcali.plebania.hu\/wp-content\/uploads\/2022\/10\/DSC_0858-683x1024.jpg 683w, https:\/\/marcali.plebania.hu\/wp-content\/uploads\/2022\/10\/DSC_0858-200x300.jpg 200w, https:\/\/marcali.plebania.hu\/wp-content\/uploads\/2022\/10\/DSC_0858-768x1152.jpg 768w, https:\/\/marcali.plebania.hu\/wp-content\/uploads\/2022\/10\/DSC_0858-1024x1536.jpg 1024w, https:\/\/marcali.plebania.hu\/wp-content\/uploads\/2022\/10\/DSC_0858-1365x2048.jpg 1365w, https:\/\/marcali.plebania.hu\/wp-content\/uploads\/2022\/10\/DSC_0858-180x270.jpg 180w, https:\/\/marcali.plebania.hu\/wp-content\/uploads\/2022\/10\/DSC_0858-scaled.jpg 1707w\" sizes=\"auto, (max-width: 683px) 100vw, 683px\" \/><\/figure><\/li><li class=\"blocks-gallery-item\"><figure><img loading=\"lazy\" decoding=\"async\" width=\"683\" height=\"1024\" src=\"https:\/\/marcali.plebania.hu\/wp-content\/uploads\/2022\/10\/DSC_0861-683x1024.jpg\" alt=\"\" data-id=\"3980\" data-link=\"https:\/\/marcali.plebania.hu\/?attachment_id=3980\" class=\"wp-image-3980\" srcset=\"https:\/\/marcali.plebania.hu\/wp-content\/uploads\/2022\/10\/DSC_0861-683x1024.jpg 683w, https:\/\/marcali.plebania.hu\/wp-content\/uploads\/2022\/10\/DSC_0861-200x300.jpg 200w, https:\/\/marcali.plebania.hu\/wp-content\/uploads\/2022\/10\/DSC_0861-768x1152.jpg 768w, https:\/\/marcali.plebania.hu\/wp-content\/uploads\/2022\/10\/DSC_0861-1024x1536.jpg 1024w, https:\/\/marcali.plebania.hu\/wp-content\/uploads\/2022\/10\/DSC_0861-1365x2048.jpg 1365w, https:\/\/marcali.plebania.hu\/wp-content\/uploads\/2022\/10\/DSC_0861-180x270.jpg 180w, https:\/\/marcali.plebania.hu\/wp-content\/uploads\/2022\/10\/DSC_0861-scaled.jpg 1707w\" sizes=\"auto, (max-width: 683px) 100vw, 683px\" \/><\/figure><\/li><li class=\"blocks-gallery-item\"><figure><img loading=\"lazy\" decoding=\"async\" width=\"1024\" height=\"683\" src=\"https:\/\/marcali.plebania.hu\/wp-content\/uploads\/2022\/10\/DSC_0855-1024x683.jpg\" alt=\"\" data-id=\"3981\" data-full-url=\"https:\/\/marcali.plebania.hu\/wp-content\/uploads\/2022\/10\/DSC_0855-scaled.jpg\" data-link=\"https:\/\/marcali.plebania.hu\/?attachment_id=3981\" class=\"wp-image-3981\" srcset=\"https:\/\/marcali.plebania.hu\/wp-content\/uploads\/2022\/10\/DSC_0855-1024x683.jpg 1024w, https:\/\/marcali.plebania.hu\/wp-content\/uploads\/2022\/10\/DSC_0855-300x200.jpg 300w, https:\/\/marcali.plebania.hu\/wp-content\/uploads\/2022\/10\/DSC_0855-768x512.jpg 768w, https:\/\/marcali.plebania.hu\/wp-content\/uploads\/2022\/10\/DSC_0855-1536x1024.jpg 1536w, https:\/\/marcali.plebania.hu\/wp-content\/uploads\/2022\/10\/DSC_0855-2048x1365.jpg 2048w, https:\/\/marcali.plebania.hu\/wp-content\/uploads\/2022\/10\/DSC_0855-405x270.jpg 405w\" sizes=\"auto, (max-width: 1024px) 100vw, 1024px\" \/><\/figure><\/li><\/ul><\/figure>\n\n\n\n<p>Az\nigen elhanyagolt \u00e1llapotban l\u00e9v\u0151 alkot\u00e1s fel\u00faj\u00edt\u00e1s\u00e1t a Ladencsics h\u00e1zasp\u00e1r\nkarolta fel \u00e9s ind\u00edtotta el a munk\u00e1kat, melyhez t\u00f6bb \u00f6nk\u00e9ntes \u00e9s adom\u00e1nyoz\u00f3 is\ncsatlakozott.<\/p>\n\n\n\n<p>Az \u00fcnneps\u00e9get Bod\u00f3n\u00e9 Babj\u00e1k \u00c9va karit\u00e1sz \u00f6nk\u00e9ntes nyitotta meg, majd a Himnusz elhangz\u00e1sa ut\u00e1n ismertette a szobor t\u00f6rt\u00e9net\u00e9t \u00e9s a restaur\u00e1l\u00e1si munk\u00e1kat. A rendezv\u00e9nyen S\u00edk S\u00e1ndor: A marcali Sz\u0171zm\u00e1ria c\u00edm\u0171 vers\u00e9t P\u00e9ter Krist\u00f3f olvasta fel, majd Kiss Iv\u00e1n c. pr\u00e9post, pl\u00e9b\u00e1nos meg\u00e1ldotta a teljesen fel\u00faj\u00edtott M\u00e1ria szobrot. K\u00f6zrem\u0171k\u00f6d\u00f6tt ismert M\u00e1ria-\u00e9nekekkel a F\u00e9ny Gyermekei Zenekar r\u00e9sz\u00e9r\u0151l: S\u00e1gv\u00e1ri R\u00f3bert git\u00e1rral \u00e9s J\u00e1ki Zolt\u00e1n heged\u0171vel.<\/p>\n\n\n\n<figure class=\"wp-block-gallery columns-3 is-cropped wp-block-gallery-2 is-layout-flex wp-block-gallery-is-layout-flex\"><ul class=\"blocks-gallery-grid\"><li class=\"blocks-gallery-item\"><figure><img loading=\"lazy\" decoding=\"async\" width=\"1024\" height=\"683\" src=\"https:\/\/marcali.plebania.hu\/wp-content\/uploads\/2022\/10\/DSC_0856-1024x683.jpg\" alt=\"\" data-id=\"3982\" data-link=\"https:\/\/marcali.plebania.hu\/?attachment_id=3982\" class=\"wp-image-3982\" srcset=\"https:\/\/marcali.plebania.hu\/wp-content\/uploads\/2022\/10\/DSC_0856-1024x683.jpg 1024w, https:\/\/marcali.plebania.hu\/wp-content\/uploads\/2022\/10\/DSC_0856-300x200.jpg 300w, https:\/\/marcali.plebania.hu\/wp-content\/uploads\/2022\/10\/DSC_0856-768x512.jpg 768w, https:\/\/marcali.plebania.hu\/wp-content\/uploads\/2022\/10\/DSC_0856-1536x1024.jpg 1536w, https:\/\/marcali.plebania.hu\/wp-content\/uploads\/2022\/10\/DSC_0856-2048x1365.jpg 2048w, https:\/\/marcali.plebania.hu\/wp-content\/uploads\/2022\/10\/DSC_0856-405x270.jpg 405w\" sizes=\"auto, (max-width: 1024px) 100vw, 1024px\" \/><\/figure><\/li><li class=\"blocks-gallery-item\"><figure><img loading=\"lazy\" decoding=\"async\" width=\"1024\" height=\"683\" src=\"https:\/\/marcali.plebania.hu\/wp-content\/uploads\/2022\/10\/DSC_0869-1024x683.jpg\" alt=\"\" data-id=\"3984\" data-link=\"https:\/\/marcali.plebania.hu\/?attachment_id=3984\" class=\"wp-image-3984\" srcset=\"https:\/\/marcali.plebania.hu\/wp-content\/uploads\/2022\/10\/DSC_0869-1024x683.jpg 1024w, https:\/\/marcali.plebania.hu\/wp-content\/uploads\/2022\/10\/DSC_0869-300x200.jpg 300w, https:\/\/marcali.plebania.hu\/wp-content\/uploads\/2022\/10\/DSC_0869-768x512.jpg 768w, https:\/\/marcali.plebania.hu\/wp-content\/uploads\/2022\/10\/DSC_0869-1536x1024.jpg 1536w, https:\/\/marcali.plebania.hu\/wp-content\/uploads\/2022\/10\/DSC_0869-2048x1365.jpg 2048w, https:\/\/marcali.plebania.hu\/wp-content\/uploads\/2022\/10\/DSC_0869-405x270.jpg 405w\" sizes=\"auto, (max-width: 1024px) 100vw, 1024px\" \/><\/figure><\/li><li class=\"blocks-gallery-item\"><figure><img loading=\"lazy\" decoding=\"async\" width=\"1024\" height=\"683\" src=\"https:\/\/marcali.plebania.hu\/wp-content\/uploads\/2022\/10\/DSC_0870-1024x683.jpg\" alt=\"\" data-id=\"3985\" data-link=\"https:\/\/marcali.plebania.hu\/?attachment_id=3985\" class=\"wp-image-3985\" srcset=\"https:\/\/marcali.plebania.hu\/wp-content\/uploads\/2022\/10\/DSC_0870-1024x683.jpg 1024w, https:\/\/marcali.plebania.hu\/wp-content\/uploads\/2022\/10\/DSC_0870-300x200.jpg 300w, https:\/\/marcali.plebania.hu\/wp-content\/uploads\/2022\/10\/DSC_0870-768x512.jpg 768w, https:\/\/marcali.plebania.hu\/wp-content\/uploads\/2022\/10\/DSC_0870-1536x1024.jpg 1536w, https:\/\/marcali.plebania.hu\/wp-content\/uploads\/2022\/10\/DSC_0870-2048x1365.jpg 2048w, https:\/\/marcali.plebania.hu\/wp-content\/uploads\/2022\/10\/DSC_0870-405x270.jpg 405w\" sizes=\"auto, (max-width: 1024px) 100vw, 1024px\" \/><\/figure><\/li><li class=\"blocks-gallery-item\"><figure><img loading=\"lazy\" decoding=\"async\" width=\"1024\" height=\"683\" src=\"https:\/\/marcali.plebania.hu\/wp-content\/uploads\/2022\/10\/DSC_0875-1024x683.jpg\" alt=\"\" data-id=\"3986\" data-full-url=\"https:\/\/marcali.plebania.hu\/wp-content\/uploads\/2022\/10\/DSC_0875-scaled.jpg\" data-link=\"https:\/\/marcali.plebania.hu\/?attachment_id=3986\" class=\"wp-image-3986\" srcset=\"https:\/\/marcali.plebania.hu\/wp-content\/uploads\/2022\/10\/DSC_0875-1024x683.jpg 1024w, https:\/\/marcali.plebania.hu\/wp-content\/uploads\/2022\/10\/DSC_0875-300x200.jpg 300w, https:\/\/marcali.plebania.hu\/wp-content\/uploads\/2022\/10\/DSC_0875-768x512.jpg 768w, https:\/\/marcali.plebania.hu\/wp-content\/uploads\/2022\/10\/DSC_0875-1536x1024.jpg 1536w, https:\/\/marcali.plebania.hu\/wp-content\/uploads\/2022\/10\/DSC_0875-2048x1365.jpg 2048w, https:\/\/marcali.plebania.hu\/wp-content\/uploads\/2022\/10\/DSC_0875-405x270.jpg 405w\" sizes=\"auto, (max-width: 1024px) 100vw, 1024px\" \/><\/figure><\/li><\/ul><\/figure>\n\n\n\n<p>V\u00e9g\u00fcl a szervez\u0151k megk\u00f6sz\u00f6nt\u00e9k mindenkinek a k\u00f6zrem\u0171k\u00f6d\u00e9s\u00e9t \u00e9s a jelenl\u00e9v\u0151knek a r\u00e9szv\u00e9telt az \u00fcnneps\u00e9gen. Ezut\u00e1n H. R\u00e1dics M\u00e1rta helyt\u00f6rt\u00e9neti kutat\u00f3 pedig m\u00e9g r\u00f6viden besz\u00e9lt Magyar M\u00e1rton vall\u00e1sos \u00e9let\u00e9r\u0151l \u00e9s igen szomor\u00fa sors\u00e1r\u00f3l.<\/p>\n\n\n\n<figure class=\"wp-block-gallery columns-3 is-cropped wp-block-gallery-3 is-layout-flex wp-block-gallery-is-layout-flex\"><ul class=\"blocks-gallery-grid\"><li class=\"blocks-gallery-item\"><figure><img loading=\"lazy\" decoding=\"async\" width=\"1024\" height=\"683\" src=\"https:\/\/marcali.plebania.hu\/wp-content\/uploads\/2022\/10\/DSC_0865-1024x683.jpg\" alt=\"\" data-id=\"3987\" data-link=\"https:\/\/marcali.plebania.hu\/?attachment_id=3987\" class=\"wp-image-3987\" srcset=\"https:\/\/marcali.plebania.hu\/wp-content\/uploads\/2022\/10\/DSC_0865-1024x683.jpg 1024w, https:\/\/marcali.plebania.hu\/wp-content\/uploads\/2022\/10\/DSC_0865-300x200.jpg 300w, https:\/\/marcali.plebania.hu\/wp-content\/uploads\/2022\/10\/DSC_0865-768x512.jpg 768w, https:\/\/marcali.plebania.hu\/wp-content\/uploads\/2022\/10\/DSC_0865-1536x1024.jpg 1536w, https:\/\/marcali.plebania.hu\/wp-content\/uploads\/2022\/10\/DSC_0865-2048x1365.jpg 2048w, https:\/\/marcali.plebania.hu\/wp-content\/uploads\/2022\/10\/DSC_0865-405x270.jpg 405w\" sizes=\"auto, (max-width: 1024px) 100vw, 1024px\" \/><\/figure><\/li><li class=\"blocks-gallery-item\"><figure><img loading=\"lazy\" decoding=\"async\" width=\"1024\" height=\"683\" src=\"https:\/\/marcali.plebania.hu\/wp-content\/uploads\/2022\/10\/DSC_0884-1024x683.jpg\" alt=\"\" data-id=\"3988\" data-link=\"https:\/\/marcali.plebania.hu\/?attachment_id=3988\" class=\"wp-image-3988\" srcset=\"https:\/\/marcali.plebania.hu\/wp-content\/uploads\/2022\/10\/DSC_0884-1024x683.jpg 1024w, https:\/\/marcali.plebania.hu\/wp-content\/uploads\/2022\/10\/DSC_0884-300x200.jpg 300w, https:\/\/marcali.plebania.hu\/wp-content\/uploads\/2022\/10\/DSC_0884-768x512.jpg 768w, https:\/\/marcali.plebania.hu\/wp-content\/uploads\/2022\/10\/DSC_0884-1536x1024.jpg 1536w, https:\/\/marcali.plebania.hu\/wp-content\/uploads\/2022\/10\/DSC_0884-2048x1365.jpg 2048w, https:\/\/marcali.plebania.hu\/wp-content\/uploads\/2022\/10\/DSC_0884-405x270.jpg 405w\" sizes=\"auto, (max-width: 1024px) 100vw, 1024px\" \/><\/figure><\/li><li class=\"blocks-gallery-item\"><figure><img loading=\"lazy\" decoding=\"async\" width=\"1024\" height=\"683\" src=\"https:\/\/marcali.plebania.hu\/wp-content\/uploads\/2022\/10\/DSC_0876-1024x683.jpg\" alt=\"\" data-id=\"3989\" data-link=\"https:\/\/marcali.plebania.hu\/?attachment_id=3989\" class=\"wp-image-3989\" srcset=\"https:\/\/marcali.plebania.hu\/wp-content\/uploads\/2022\/10\/DSC_0876-1024x683.jpg 1024w, https:\/\/marcali.plebania.hu\/wp-content\/uploads\/2022\/10\/DSC_0876-300x200.jpg 300w, https:\/\/marcali.plebania.hu\/wp-content\/uploads\/2022\/10\/DSC_0876-768x512.jpg 768w, https:\/\/marcali.plebania.hu\/wp-content\/uploads\/2022\/10\/DSC_0876-1536x1024.jpg 1536w, https:\/\/marcali.plebania.hu\/wp-content\/uploads\/2022\/10\/DSC_0876-2048x1365.jpg 2048w, https:\/\/marcali.plebania.hu\/wp-content\/uploads\/2022\/10\/DSC_0876-405x270.jpg 405w\" sizes=\"auto, (max-width: 1024px) 100vw, 1024px\" \/><\/figure><\/li><li class=\"blocks-gallery-item\"><figure><img loading=\"lazy\" decoding=\"async\" width=\"1024\" height=\"683\" src=\"https:\/\/marcali.plebania.hu\/wp-content\/uploads\/2022\/10\/DSC_0898-1024x683.jpg\" alt=\"\" data-id=\"3990\" data-full-url=\"https:\/\/marcali.plebania.hu\/wp-content\/uploads\/2022\/10\/DSC_0898-scaled.jpg\" data-link=\"https:\/\/marcali.plebania.hu\/?attachment_id=3990\" class=\"wp-image-3990\" srcset=\"https:\/\/marcali.plebania.hu\/wp-content\/uploads\/2022\/10\/DSC_0898-1024x683.jpg 1024w, https:\/\/marcali.plebania.hu\/wp-content\/uploads\/2022\/10\/DSC_0898-300x200.jpg 300w, https:\/\/marcali.plebania.hu\/wp-content\/uploads\/2022\/10\/DSC_0898-768x512.jpg 768w, https:\/\/marcali.plebania.hu\/wp-content\/uploads\/2022\/10\/DSC_0898-1536x1024.jpg 1536w, https:\/\/marcali.plebania.hu\/wp-content\/uploads\/2022\/10\/DSC_0898-2048x1365.jpg 2048w, https:\/\/marcali.plebania.hu\/wp-content\/uploads\/2022\/10\/DSC_0898-405x270.jpg 405w\" sizes=\"auto, (max-width: 1024px) 100vw, 1024px\" \/><\/figure><\/li><\/ul><\/figure>\n\n\n\n<p>A m\u0171eml\u00e9k\nM\u00e1ria-szobor neog\u00f3tiz\u00e1l\u00f3 st\u00edlusban 1870 k\u00f6r\u00fcl k\u00e9sz\u00fclt, anyaga homokk\u0151, a\ntalapzatot pedig 1936-ban alkott\u00e1k \u00e9s Magyar M\u00e1rton nev\u00e9hez f\u0171z\u0151dik. Felirata:\n\u201e\u00c9gi kir\u00e1lyn\u00e9nk k\u00f6ny\u00f6r\u00f6gj \u00e9rett\u00fcnk! Szent Sz\u0171z tisztelet\u00e9re Magyar M\u00e1rton \u00e9s\ncsal\u00e1dja 1936.\u201d<\/p>\n\n\n\n<p>A fel\u00faj\u00edt\u00e1si f\u0151 t\u00e1mogat\u00f3i: Bereczk Bal\u00e1zs alpolg\u00e1rmester, \u00f6nkorm\u00e1nyzati k\u00e9pvisel\u0151 \u00e9s Hossz\u00fa Andr\u00e1s \u00f6nkorm\u00e1nyzati k\u00e9pvisel\u0151 voltak, mellett\u00fck ketten n\u00e9v n\u00e9lk\u00fcl adtak tov\u00e1bbi anyagi seg\u00edts\u00e9get. A munk\u00e1latokat \u00f6nk\u00f6lts\u00e9gi \u00e1ron Sziva L\u00e1szl\u00f3 k\u0151farag\u00f3 mester \u00e9s feles\u00e9ge Magdika v\u00e9gezte. A f\u00f6ldmunk\u00e1t Kiss Zolt\u00e1n v\u00e1llalkoz\u00f3, felk\u00e9r\u00e9sre, t\u00e9r\u00edt\u00e9s menetesen v\u00e1llalta. \u00d6nk\u00e9ntes munk\u00e1val k\u00f6zrem\u0171k\u00f6dtek m\u00e9g: Fullajt\u00e1r Istv\u00e1n, Gelencs\u00e9r R\u00f3bert, Cs\u00e1sz\u00e1r Csaba, Csizmadia Tibor, Linha Zolt\u00e1n \u00e9s Szab\u00f3 Attila.<\/p>\n\n\n\n<figure class=\"wp-block-gallery columns-1 is-cropped wp-block-gallery-4 is-layout-flex wp-block-gallery-is-layout-flex\"><ul class=\"blocks-gallery-grid\"><li class=\"blocks-gallery-item\"><figure><img loading=\"lazy\" decoding=\"async\" width=\"1024\" height=\"683\" src=\"https:\/\/marcali.plebania.hu\/wp-content\/uploads\/2022\/10\/DSC_0882-1024x683.jpg\" alt=\"\" data-id=\"3991\" data-full-url=\"https:\/\/marcali.plebania.hu\/wp-content\/uploads\/2022\/10\/DSC_0882-scaled.jpg\" data-link=\"https:\/\/marcali.plebania.hu\/?attachment_id=3991\" class=\"wp-image-3991\" srcset=\"https:\/\/marcali.plebania.hu\/wp-content\/uploads\/2022\/10\/DSC_0882-1024x683.jpg 1024w, https:\/\/marcali.plebania.hu\/wp-content\/uploads\/2022\/10\/DSC_0882-300x200.jpg 300w, https:\/\/marcali.plebania.hu\/wp-content\/uploads\/2022\/10\/DSC_0882-768x512.jpg 768w, https:\/\/marcali.plebania.hu\/wp-content\/uploads\/2022\/10\/DSC_0882-1536x1024.jpg 1536w, https:\/\/marcali.plebania.hu\/wp-content\/uploads\/2022\/10\/DSC_0882-2048x1365.jpg 2048w, https:\/\/marcali.plebania.hu\/wp-content\/uploads\/2022\/10\/DSC_0882-405x270.jpg 405w\" sizes=\"auto, (max-width: 1024px) 100vw, 1024px\" \/><\/figure><\/li><\/ul><\/figure>\n","protected":false},"excerpt":{"rendered":"<p>2022. okt\u00f3ber 15-\u00e9n (szombaton) 15 \u00f3rakor kezd\u0151d\u00f6tt a Nagypincei \u00faton, a Borbar\u00e1tok \u00fatja keresztez\u0151d\u00e9s\u00e9n\u00e9l l\u00e9v\u0151 Boldogs\u00e1gos Sz\u0171z M\u00e1ria szobor meg\u00e1ld\u00e1si szertart\u00e1sa. Az igen elhanyagolt \u00e1llapotban l\u00e9v\u0151 alkot\u00e1s fel\u00faj\u00edt\u00e1s\u00e1t a Ladencsics h\u00e1zasp\u00e1r karolta fel \u00e9s ind\u00edtotta el a munk\u00e1kat, melyhez t\u00f6bb \u00f6nk\u00e9ntes \u00e9s adom\u00e1nyoz\u00f3 is csatlakozott. Az \u00fcnneps\u00e9get Bod\u00f3n\u00e9 Babj\u00e1k \u00c9va karit\u00e1sz \u00f6nk\u00e9ntes nyitotta meg, majd a Himnusz elhangz\u00e1sa ut\u00e1n ismertette a szobor t\u00f6rt\u00e9net\u00e9t \u00e9s a restaur\u00e1l\u00e1si munk\u00e1kat. A rendezv\u00e9nyen S\u00edk S\u00e1ndor: A marcali Sz\u0171zm\u00e1ria c\u00edm\u0171 vers\u00e9t P\u00e9ter Krist\u00f3f olvasta fel,&#8230;<\/p>\n<p class=\"read-more\"><a class=\"btn btn-default\" href=\"https:\/\/marcali.plebania.hu\/?p=3977\"> Read More<span class=\"screen-reader-text\">  Read More<\/span><\/a><\/p>\n","protected":false},"author":2,"featured_media":0,"comment_status":"closed","ping_status":"open","sticky":false,"template":"","format":"standard","meta":{"footnotes":""},"categories":[1],"tags":[],"class_list":["post-3977","post","type-post","status-publish","format-standard","hentry","category-egyeb"],"_links":{"self":[{"href":"https:\/\/marcali.plebania.hu\/index.php?rest_route=\/wp\/v2\/posts\/3977","targetHints":{"allow":["GET"]}}],"collection":[{"href":"https:\/\/marcali.plebania.hu\/index.php?rest_route=\/wp\/v2\/posts"}],"about":[{"href":"https:\/\/marcali.plebania.hu\/index.php?rest_route=\/wp\/v2\/types\/post"}],"author":[{"embeddable":true,"href":"https:\/\/marcali.plebania.hu\/index.php?rest_route=\/wp\/v2\/users\/2"}],"replies":[{"embeddable":true,"href":"https:\/\/marcali.plebania.hu\/index.php?rest_route=%2Fwp%2Fv2%2Fcomments&post=3977"}],"version-history":[{"count":1,"href":"https:\/\/marcali.plebania.hu\/index.php?rest_route=\/wp\/v2\/posts\/3977\/revisions"}],"predecessor-version":[{"id":3992,"href":"https:\/\/marcali.plebania.hu\/index.php?rest_route=\/wp\/v2\/posts\/3977\/revisions\/3992"}],"wp:attachment":[{"href":"https:\/\/marcali.plebania.hu\/index.php?rest_route=%2Fwp%2Fv2%2Fmedia&parent=3977"}],"wp:term":[{"taxonomy":"category","embeddable":true,"href":"https:\/\/marcali.plebania.hu\/index.php?rest_route=%2Fwp%2Fv2%2Fcategories&post=3977"},{"taxonomy":"post_tag","embeddable":true,"href":"https:\/\/marcali.plebania.hu\/index.php?rest_route=%2Fwp%2Fv2%2Ftags&post=3977"}],"curies":[{"name":"wp","href":"https:\/\/api.w.org\/{rel}","templated":true}]}}