{"id":3993,"date":"2022-10-18T07:53:27","date_gmt":"2022-10-18T07:53:27","guid":{"rendered":"https:\/\/marcali.plebania.hu\/?p=3993"},"modified":"2022-10-18T07:53:27","modified_gmt":"2022-10-18T07:53:27","slug":"toth-peter-onkentes-munkajaert-caritas-hungarica-dijban-reszesult","status":"publish","type":"post","link":"https:\/\/marcali.plebania.hu\/?p=3993","title":{"rendered":"T\u00f3th P\u00e9ter \u00f6nk\u00e9ntes munk\u00e1j\u00e1\u00e9rt Caritas Hungarica d\u00edjban r\u00e9szes\u00fclt"},"content":{"rendered":"\n<p>2022. okt\u00f3ber 15-\u00e9n, szombaton, Budapesten az \u00fajbudai Magyar Szentek Templom\u00e1ban \u00fcnnepi szentmise keret\u00e9ben adt\u00e1k \u00e1t az idei \u00e9v Caritas Hungarica kit\u00fcntet\u00e9seit azoknak az aktivist\u00e1knak, akik Katolikus Karit\u00e1sz keretein bel\u00fcl \u00f6nk\u00e9ntes munk\u00e1val seg\u00edtik a lakhely\u00fck r\u00e1szorul\u00f3it. Marcalib\u00f3l a mostani alkalommal T\u00f3th P\u00e9ternek, a Marcali Karit\u00e1sz csoport helyettes vezet\u0151j\u00e9nek \u00edt\u00e9lt\u00e9k oda \u00e9s adt\u00e1k \u00e1t a ragos elismer\u00e9st.<\/p>\n\n\n\n<figure class=\"wp-block-gallery columns-3 is-cropped wp-block-gallery-1 is-layout-flex wp-block-gallery-is-layout-flex\"><ul class=\"blocks-gallery-grid\"><li class=\"blocks-gallery-item\"><figure><img loading=\"lazy\" decoding=\"async\" width=\"1024\" height=\"682\" src=\"https:\/\/marcali.plebania.hu\/wp-content\/uploads\/2022\/10\/img4-1024x682.jpg\" alt=\"\" data-id=\"3994\" data-link=\"https:\/\/marcali.plebania.hu\/?attachment_id=3994\" class=\"wp-image-3994\" srcset=\"https:\/\/marcali.plebania.hu\/wp-content\/uploads\/2022\/10\/img4-1024x682.jpg 1024w, https:\/\/marcali.plebania.hu\/wp-content\/uploads\/2022\/10\/img4-300x200.jpg 300w, https:\/\/marcali.plebania.hu\/wp-content\/uploads\/2022\/10\/img4-768x512.jpg 768w, https:\/\/marcali.plebania.hu\/wp-content\/uploads\/2022\/10\/img4-1536x1023.jpg 1536w, https:\/\/marcali.plebania.hu\/wp-content\/uploads\/2022\/10\/img4-405x270.jpg 405w, https:\/\/marcali.plebania.hu\/wp-content\/uploads\/2022\/10\/img4.jpg 1600w\" sizes=\"auto, (max-width: 1024px) 100vw, 1024px\" \/><\/figure><\/li><li class=\"blocks-gallery-item\"><figure><img loading=\"lazy\" decoding=\"async\" width=\"1024\" height=\"683\" src=\"https:\/\/marcali.plebania.hu\/wp-content\/uploads\/2022\/10\/img3-1024x683.jpg\" alt=\"\" data-id=\"3995\" data-link=\"https:\/\/marcali.plebania.hu\/?attachment_id=3995\" class=\"wp-image-3995\" srcset=\"https:\/\/marcali.plebania.hu\/wp-content\/uploads\/2022\/10\/img3-1024x683.jpg 1024w, https:\/\/marcali.plebania.hu\/wp-content\/uploads\/2022\/10\/img3-300x200.jpg 300w, https:\/\/marcali.plebania.hu\/wp-content\/uploads\/2022\/10\/img3-768x512.jpg 768w, https:\/\/marcali.plebania.hu\/wp-content\/uploads\/2022\/10\/img3-1536x1024.jpg 1536w, https:\/\/marcali.plebania.hu\/wp-content\/uploads\/2022\/10\/img3-405x270.jpg 405w, https:\/\/marcali.plebania.hu\/wp-content\/uploads\/2022\/10\/img3.jpg 1599w\" sizes=\"auto, (max-width: 1024px) 100vw, 1024px\" \/><\/figure><\/li><li class=\"blocks-gallery-item\"><figure><img loading=\"lazy\" decoding=\"async\" width=\"1024\" height=\"682\" src=\"https:\/\/marcali.plebania.hu\/wp-content\/uploads\/2022\/10\/img2-1024x682.jpg\" alt=\"\" data-id=\"3996\" data-link=\"https:\/\/marcali.plebania.hu\/?attachment_id=3996\" class=\"wp-image-3996\" srcset=\"https:\/\/marcali.plebania.hu\/wp-content\/uploads\/2022\/10\/img2-1024x682.jpg 1024w, https:\/\/marcali.plebania.hu\/wp-content\/uploads\/2022\/10\/img2-300x200.jpg 300w, https:\/\/marcali.plebania.hu\/wp-content\/uploads\/2022\/10\/img2-768x512.jpg 768w, https:\/\/marcali.plebania.hu\/wp-content\/uploads\/2022\/10\/img2-1536x1023.jpg 1536w, https:\/\/marcali.plebania.hu\/wp-content\/uploads\/2022\/10\/img2-405x270.jpg 405w, https:\/\/marcali.plebania.hu\/wp-content\/uploads\/2022\/10\/img2.jpg 1600w\" sizes=\"auto, (max-width: 1024px) 100vw, 1024px\" \/><\/figure><\/li><li class=\"blocks-gallery-item\"><figure><img loading=\"lazy\" decoding=\"async\" width=\"1024\" height=\"683\" src=\"https:\/\/marcali.plebania.hu\/wp-content\/uploads\/2022\/10\/img1-1024x683.jpg\" alt=\"\" data-id=\"3997\" data-full-url=\"https:\/\/marcali.plebania.hu\/wp-content\/uploads\/2022\/10\/img1.jpg\" data-link=\"https:\/\/marcali.plebania.hu\/?attachment_id=3997\" class=\"wp-image-3997\" srcset=\"https:\/\/marcali.plebania.hu\/wp-content\/uploads\/2022\/10\/img1-1024x683.jpg 1024w, https:\/\/marcali.plebania.hu\/wp-content\/uploads\/2022\/10\/img1-300x200.jpg 300w, https:\/\/marcali.plebania.hu\/wp-content\/uploads\/2022\/10\/img1-768x512.jpg 768w, https:\/\/marcali.plebania.hu\/wp-content\/uploads\/2022\/10\/img1-1536x1024.jpg 1536w, https:\/\/marcali.plebania.hu\/wp-content\/uploads\/2022\/10\/img1-405x270.jpg 405w, https:\/\/marcali.plebania.hu\/wp-content\/uploads\/2022\/10\/img1.jpg 1599w\" sizes=\"auto, (max-width: 1024px) 100vw, 1024px\" \/><\/figure><\/li><\/ul><\/figure>\n\n\n\n<p>Az\nistentiszteletet Sp\u00e1nyi Antal\nsz\u00e9kesfeh\u00e9rv\u00e1ri megy\u00e9sp\u00fcsp\u00f6k celebr\u00e1lta, aki szentbesz\u00e9d\u00e9ben t\u00f6bbek k\u00f6z\u00f6tt\narr\u00f3l is besz\u00e9lt, hogy: a Karit\u00e1sz munkat\u00e1rsainak is az evang\u00e9liumot\nhirdet\u0151 Egyh\u00e1z tan\u00edt\u00e1s\u00e1t kell befogadniuk. \u201eEzt kell k\u00e9pviseln\u00fcnk a vil\u00e1gban,\nerre a saj\u00e1tos k\u00fcldet\u00e9sre van megh\u00edv\u00e1sunk. Mindig, mindenkor t\u00f6ltekezz\u00fcnk\nKrisztussal, lelk\u00fcnkben Krisztus szeretet\u00e9t vigy\u00fck \u00e9s adjuk az arra r\u00e1szorul\u00f3\nembert\u00e1rsainknak.\u201d<\/p>\n\n\n\n<p>A\nszentmis\u00e9t k\u00f6vet\u0151en Zagyva Rich\u00e1rd, a Karit\u00e1sz orsz\u00e1gos igazgat\u00f3helyettese\nk\u00f6sz\u00f6nt\u00f6tte a megjelenteket. Elmondta, hogy: a Katolikus Karit\u00e1sz vezet\u0151s\u00e9ge\n2012-ben alap\u00edtotta meg a Caritas Hungarica d\u00edjat, amelynek c\u00e9lja elismerni \u00e9s\n\u00e9rt\u00e9kelni a Karit\u00e1sz \u00f6nk\u00e9nteseinek k\u00fcl\u00f6nb\u00f6z\u0151 szoci\u00e1lis ter\u00fcleteken v\u00e9gzett\np\u00e9lda\u00e9rt\u00e9k\u0171 munk\u00e1j\u00e1t. Ennek jel\u00e9\u00fcl k\u00fcl\u00f6n kit\u00fcntet\u00e9ssel jutalmazz\u00e1k azokat az\n\u00f6nk\u00e9nteseket, akik Krisztus szeretet\u00e9r\u0151l p\u00e9lda\u00e9rt\u00e9k\u0171en tesznek tan\u00fas\u00e1got. A d\u00edj\ntov\u00e1bbi c\u00e9lja az \u00f6nk\u00e9ntess\u00e9g t\u00e1rsadalmi meg\u00edt\u00e9l\u00e9s\u00e9nek n\u00f6vel\u00e9se, a karitat\u00edv\ntev\u00e9kenys\u00e9gre val\u00f3 buzd\u00edt\u00e1s, \u00c1rp\u00e1d-h\u00e1zi Szent Erzs\u00e9bet nyom\u00e1n, valamint\np\u00e9ldak\u00e9p\u00fcl \u00e1ll\u00edtani m\u00e1sok el\u00e9 azokat a k\u00f6zt\u00fcnk l\u00e9v\u0151 h\u00edveket, akik Krisztus\nszeretet\u00e9vel \u00f6nzetlen\u00fcl seg\u00edtenek a r\u00e1szorul\u00f3kon, J\u00e9zus tan\u00edt\u00e1s\u00e1nak\nszellem\u00e9ben: \u201eMert \u00e9hes voltam, \u00e9s ennem adtatok, szomjas voltam, \u00e9s innom\nadtatok. V\u00e1ndor voltam, \u00e9s befogadtatok. Mez\u00edtelen voltam, \u00e9s felruh\u00e1ztatok.\nBeteg voltam, \u00e9s megl\u00e1togattatok. B\u00f6rt\u00f6nben voltam, \u00e9s felkerestetek.\u201d (Mt\n25,35\u201336)<\/p>\n\n\n\n<p>A\nd\u00edjra \u00e9vente, egyh\u00e1zmegy\u00e9nk\u00e9nt legfeljebb h\u00e1rom szem\u00e9lyt javasolhat a helyi\nkarit\u00e1szigazgat\u00f3. Az elismer\u00e9st azok a pl\u00e9b\u00e1niai \u00f6nk\u00e9ntes karit\u00e1szosok kapj\u00e1k,\nakik a legt\u00f6bbet teszik a r\u00e1szorul\u00f3k\u00e9rt, seg\u00edtik \u0151ket \u00e9lelmiszerrel,\ngy\u00f3gyszerrel, ruh\u00e1val, b\u00fatorral, \u00e9s mindezt rendszeresen teszik.<\/p>\n\n\n\n<p>Majd ezut\u00e1n \u00fcnnepi keretek k\u00f6z\u00f6tt ker\u00fclt sor a\nCaritas Hungarica d\u00edjak \u00e1tad\u00e1s\u00e1ra Sp\u00e1nyi\nAntal p\u00fcsp\u00f6k, a Katolikus Karit\u00e1sz eln\u00f6ke; \u00c9csy G\u00e1bor orsz\u00e1gos igazgat\u00f3;\nvalamint az egyh\u00e1zmegyei igazgat\u00f3k jelenl\u00e9t\u00e9vel.<\/p>\n\n\n\n<p>Az idei esztend\u0151ben \u00f6sszesen 36 karit\u00e1sz aktivista \u2013 szerte az orsz\u00e1gb\u00f3l \u2013 r\u00e9szes\u00fclt a kit\u00fcntet\u00e9sben, a Kaposv\u00e1ri Egyh\u00e1zmegy\u00e9b\u0151l a marcali T\u00f3th P\u00e9ter mellett Mer\u00e9nyi Vanda \u00e9s Vajda Attil\u00e1n\u00e9 kapta meg a rangos elismer\u00e9st.<\/p>\n\n\n\n<p>A Marcali Karit\u00e1sz csoport helyettes vezet\u0151je T\u00f3th P\u00e9ter hossz\u00fa \u00e9vek \u00f3ta \u00f6nk\u00e9ntes aktivista tag. Laud\u00e1ci\u00f3j\u00e1ban elhangzott: \u201eSzorgalmas buzgalommal v\u00e9gzi \u00f6nk\u00e9ntes tev\u00e9kenys\u00e9g\u00e9t, sz\u00edv\u00e9n viseli a szeg\u00e9nyek sors\u00e1t. Az adom\u00e1nyok \u00f6sszegy\u0171jt\u00e9s\u00e9ben, rendszerez\u00e9s\u00e9ben \u00e9s sz\u00e1ll\u00edt\u00e1s\u00e1ban is akt\u00edvan k\u00f6zrem\u0171k\u00f6dik. Saj\u00e1t g\u00e9pkocsij\u00e1val \u00f6nzetlen\u00fcl sz\u00e1ll\u00edtja ki a k\u00fcl\u00f6nf\u00e9le adom\u00e1nyokat, azok r\u00e9sz\u00e9re, akik id\u0151sek, betegek, vagy mozg\u00e1sukban korl\u00e1tozottak. Munk\u00e1ja sor\u00e1n a hajl\u00e9ktalanokkal val\u00f3 t\u00f6r\u0151d\u00e9sre is van r\u00e1l\u00e1t\u00e1sa. Rendszeresen vannak olyan csal\u00e1dok is, akiket k\u00fcl\u00f6nf\u00e9le adom\u00e1nyokkal (fa, t\u00fczel\u0151, \u00e9lelmiszer, p\u00e9nz stb.) \u00f6nzetlen\u00fcl seg\u00edt. A vas\u00e1rnapi szentmis\u00e9kre \u00e9s a k\u00fcl\u00f6nf\u00e9le egyh\u00e1zi \u00fcnnepekre t\u00f6bb id\u0151s, beteg, mozg\u00e1s\u00e1ban korl\u00e1tozott embert maga viszi el a templomba \u00e9s haza is.\u201d<\/p>\n\n\n\n<figure class=\"wp-block-gallery columns-3 is-cropped wp-block-gallery-2 is-layout-flex wp-block-gallery-is-layout-flex\"><ul class=\"blocks-gallery-grid\"><li class=\"blocks-gallery-item\"><figure><img loading=\"lazy\" decoding=\"async\" width=\"1024\" height=\"768\" src=\"https:\/\/marcali.plebania.hu\/wp-content\/uploads\/2022\/10\/IMG_1833-1024x768.jpg\" alt=\"\" data-id=\"3998\" data-link=\"https:\/\/marcali.plebania.hu\/?attachment_id=3998\" class=\"wp-image-3998\" srcset=\"https:\/\/marcali.plebania.hu\/wp-content\/uploads\/2022\/10\/IMG_1833-1024x768.jpg 1024w, https:\/\/marcali.plebania.hu\/wp-content\/uploads\/2022\/10\/IMG_1833-300x225.jpg 300w, https:\/\/marcali.plebania.hu\/wp-content\/uploads\/2022\/10\/IMG_1833-768x576.jpg 768w, https:\/\/marcali.plebania.hu\/wp-content\/uploads\/2022\/10\/IMG_1833-1536x1152.jpg 1536w, https:\/\/marcali.plebania.hu\/wp-content\/uploads\/2022\/10\/IMG_1833-2048x1536.jpg 2048w, https:\/\/marcali.plebania.hu\/wp-content\/uploads\/2022\/10\/IMG_1833-360x270.jpg 360w\" sizes=\"auto, (max-width: 1024px) 100vw, 1024px\" \/><\/figure><\/li><li class=\"blocks-gallery-item\"><figure><img loading=\"lazy\" decoding=\"async\" width=\"768\" height=\"1024\" src=\"https:\/\/marcali.plebania.hu\/wp-content\/uploads\/2022\/10\/IMG_1834-768x1024.jpg\" alt=\"\" data-id=\"3999\" data-link=\"https:\/\/marcali.plebania.hu\/?attachment_id=3999\" class=\"wp-image-3999\" srcset=\"https:\/\/marcali.plebania.hu\/wp-content\/uploads\/2022\/10\/IMG_1834-768x1024.jpg 768w, https:\/\/marcali.plebania.hu\/wp-content\/uploads\/2022\/10\/IMG_1834-225x300.jpg 225w, https:\/\/marcali.plebania.hu\/wp-content\/uploads\/2022\/10\/IMG_1834-1152x1536.jpg 1152w, https:\/\/marcali.plebania.hu\/wp-content\/uploads\/2022\/10\/IMG_1834-1536x2048.jpg 1536w, https:\/\/marcali.plebania.hu\/wp-content\/uploads\/2022\/10\/IMG_1834-203x270.jpg 203w, https:\/\/marcali.plebania.hu\/wp-content\/uploads\/2022\/10\/IMG_1834-scaled.jpg 1920w\" sizes=\"auto, (max-width: 768px) 100vw, 768px\" \/><\/figure><\/li><li class=\"blocks-gallery-item\"><figure><img loading=\"lazy\" decoding=\"async\" width=\"768\" height=\"1024\" src=\"https:\/\/marcali.plebania.hu\/wp-content\/uploads\/2022\/10\/IMG_1835-768x1024.jpg\" alt=\"\" data-id=\"4000\" data-link=\"https:\/\/marcali.plebania.hu\/?attachment_id=4000\" class=\"wp-image-4000\" srcset=\"https:\/\/marcali.plebania.hu\/wp-content\/uploads\/2022\/10\/IMG_1835-768x1024.jpg 768w, https:\/\/marcali.plebania.hu\/wp-content\/uploads\/2022\/10\/IMG_1835-225x300.jpg 225w, https:\/\/marcali.plebania.hu\/wp-content\/uploads\/2022\/10\/IMG_1835-1152x1536.jpg 1152w, https:\/\/marcali.plebania.hu\/wp-content\/uploads\/2022\/10\/IMG_1835-1536x2048.jpg 1536w, https:\/\/marcali.plebania.hu\/wp-content\/uploads\/2022\/10\/IMG_1835-203x270.jpg 203w, https:\/\/marcali.plebania.hu\/wp-content\/uploads\/2022\/10\/IMG_1835-scaled.jpg 1920w\" sizes=\"auto, (max-width: 768px) 100vw, 768px\" \/><\/figure><\/li><li class=\"blocks-gallery-item\"><figure><img loading=\"lazy\" decoding=\"async\" width=\"1024\" height=\"768\" src=\"https:\/\/marcali.plebania.hu\/wp-content\/uploads\/2022\/10\/IMG_1838-1024x768.jpg\" alt=\"\" data-id=\"4001\" data-full-url=\"https:\/\/marcali.plebania.hu\/wp-content\/uploads\/2022\/10\/IMG_1838-scaled.jpg\" data-link=\"https:\/\/marcali.plebania.hu\/?attachment_id=4001\" class=\"wp-image-4001\" srcset=\"https:\/\/marcali.plebania.hu\/wp-content\/uploads\/2022\/10\/IMG_1838-1024x768.jpg 1024w, https:\/\/marcali.plebania.hu\/wp-content\/uploads\/2022\/10\/IMG_1838-300x225.jpg 300w, https:\/\/marcali.plebania.hu\/wp-content\/uploads\/2022\/10\/IMG_1838-768x576.jpg 768w, https:\/\/marcali.plebania.hu\/wp-content\/uploads\/2022\/10\/IMG_1838-1536x1152.jpg 1536w, https:\/\/marcali.plebania.hu\/wp-content\/uploads\/2022\/10\/IMG_1838-2048x1536.jpg 2048w, https:\/\/marcali.plebania.hu\/wp-content\/uploads\/2022\/10\/IMG_1838-360x270.jpg 360w\" sizes=\"auto, (max-width: 1024px) 100vw, 1024px\" \/><\/figure><\/li><\/ul><\/figure>\n\n\n\n<p>Okt\u00f3ber\n16-\u00e1n, vas\u00e1rnap a 9 \u00f3r\u00e1s szentmise keret\u00e9n bel\u00fcl Kiss Iv\u00e1n c. pr\u00e9post,\npl\u00e9b\u00e1nos, \u00e9s Kir\u00e1ly Jen\u0151 templomatya k\u00f6sz\u00f6nt\u00f6tte \u00e9s gratul\u00e1lt T\u00f3th P\u00e9ternek a\nMarcali Gy\u00fcm\u00f6lcsolt\u00f3 Boldogasszony Pl\u00e9b\u00e1niatemplomban, S\u00e1voly Andrea, a helyi\nKarit\u00e1sz Csoport vezet\u0151je pedig felolvasta a kit\u00fcntetett Caritas Hungarica\nd\u00edjas laud\u00e1ci\u00f3j\u00e1t.<\/p>\n\n\n\n<p>Forr\u00e1s \u00e9s fot\u00f3k: Magyar\nKur\u00edr\/Szerz\u0151: Bodn\u00e1r D\u00e1niel, Fot\u00f3k: Mer\u00e9nyi Zita<\/p>\n\n\n\n<p><a href=\"https:\/\/www.magyarkurir.hu\/hirek\/mindig-mindenkor-toltekezzunk-krisztussal-atadtak-caritas-hungarica-dijakat-budapesten\">https:\/\/www.magyarkurir.hu\/hirek\/mindig-mindenkor-toltekezzunk-krisztussal-atadtak-caritas-hungarica-dijakat-budapesten<\/a><\/p>\n","protected":false},"excerpt":{"rendered":"<p>2022. okt\u00f3ber 15-\u00e9n, szombaton, Budapesten az \u00fajbudai Magyar Szentek Templom\u00e1ban \u00fcnnepi szentmise keret\u00e9ben adt\u00e1k \u00e1t az idei \u00e9v Caritas Hungarica kit\u00fcntet\u00e9seit azoknak az aktivist\u00e1knak, akik Katolikus Karit\u00e1sz keretein bel\u00fcl \u00f6nk\u00e9ntes munk\u00e1val seg\u00edtik a lakhely\u00fck r\u00e1szorul\u00f3it. Marcalib\u00f3l a mostani alkalommal T\u00f3th P\u00e9ternek, a Marcali Karit\u00e1sz csoport helyettes vezet\u0151j\u00e9nek \u00edt\u00e9lt\u00e9k oda \u00e9s adt\u00e1k \u00e1t a ragos elismer\u00e9st. Az istentiszteletet Sp\u00e1nyi Antal sz\u00e9kesfeh\u00e9rv\u00e1ri megy\u00e9sp\u00fcsp\u00f6k celebr\u00e1lta, aki szentbesz\u00e9d\u00e9ben t\u00f6bbek k\u00f6z\u00f6tt arr\u00f3l is besz\u00e9lt, hogy: a Karit\u00e1sz munkat\u00e1rsainak is az evang\u00e9liumot hirdet\u0151 Egyh\u00e1z tan\u00edt\u00e1s\u00e1t kell&#8230;<\/p>\n<p class=\"read-more\"><a class=\"btn btn-default\" href=\"https:\/\/marcali.plebania.hu\/?p=3993\"> Read More<span class=\"screen-reader-text\">  Read More<\/span><\/a><\/p>\n","protected":false},"author":2,"featured_media":0,"comment_status":"closed","ping_status":"open","sticky":false,"template":"","format":"standard","meta":{"footnotes":""},"categories":[1],"tags":[],"class_list":["post-3993","post","type-post","status-publish","format-standard","hentry","category-egyeb"],"_links":{"self":[{"href":"https:\/\/marcali.plebania.hu\/index.php?rest_route=\/wp\/v2\/posts\/3993","targetHints":{"allow":["GET"]}}],"collection":[{"href":"https:\/\/marcali.plebania.hu\/index.php?rest_route=\/wp\/v2\/posts"}],"about":[{"href":"https:\/\/marcali.plebania.hu\/index.php?rest_route=\/wp\/v2\/types\/post"}],"author":[{"embeddable":true,"href":"https:\/\/marcali.plebania.hu\/index.php?rest_route=\/wp\/v2\/users\/2"}],"replies":[{"embeddable":true,"href":"https:\/\/marcali.plebania.hu\/index.php?rest_route=%2Fwp%2Fv2%2Fcomments&post=3993"}],"version-history":[{"count":1,"href":"https:\/\/marcali.plebania.hu\/index.php?rest_route=\/wp\/v2\/posts\/3993\/revisions"}],"predecessor-version":[{"id":4002,"href":"https:\/\/marcali.plebania.hu\/index.php?rest_route=\/wp\/v2\/posts\/3993\/revisions\/4002"}],"wp:attachment":[{"href":"https:\/\/marcali.plebania.hu\/index.php?rest_route=%2Fwp%2Fv2%2Fmedia&parent=3993"}],"wp:term":[{"taxonomy":"category","embeddable":true,"href":"https:\/\/marcali.plebania.hu\/index.php?rest_route=%2Fwp%2Fv2%2Fcategories&post=3993"},{"taxonomy":"post_tag","embeddable":true,"href":"https:\/\/marcali.plebania.hu\/index.php?rest_route=%2Fwp%2Fv2%2Ftags&post=3993"}],"curies":[{"name":"wp","href":"https:\/\/api.w.org\/{rel}","templated":true}]}}