{"id":400,"date":"2018-10-31T16:22:25","date_gmt":"2018-10-31T16:22:25","guid":{"rendered":"https:\/\/marcali.plebania.hu\/?p=400"},"modified":"2018-10-31T16:22:25","modified_gmt":"2018-10-31T16:22:25","slug":"halaado-szentmise-a-marcaliban-eltoltott-25-evert","status":"publish","type":"post","link":"https:\/\/marcali.plebania.hu\/?p=400","title":{"rendered":"H\u00e1laad\u00f3 szentmise a Marcaliban elt\u00f6lt\u00f6tt 25 \u00e9v\u00e9rt"},"content":{"rendered":"<p><strong>\u00a0<\/strong>2018. okt\u00f3ber 28-\u00e1n, a vas\u00e1rnapi \u00fcnnepi szentmis\u00e9ben mondott k\u00f6sz\u00f6netet Kiss Iv\u00e1n c. pr\u00e9post, esperes-pl\u00e9b\u00e1nos a 25 \u00e9ves Marcaliban elt\u00f6lt\u00f6tt papi szolg\u00e1lat\u00e1\u00e9rt.<\/p>\n<p><img loading=\"lazy\" decoding=\"async\" class=\"aligncenter wp-image-401 size-large\" src=\"https:\/\/marcali.plebania.hu\/wp-content\/uploads\/2018\/10\/41-1024x683.jpg\" alt=\"\" width=\"640\" height=\"427\" srcset=\"https:\/\/marcali.plebania.hu\/wp-content\/uploads\/2018\/10\/41-1024x683.jpg 1024w, https:\/\/marcali.plebania.hu\/wp-content\/uploads\/2018\/10\/41-300x200.jpg 300w, https:\/\/marcali.plebania.hu\/wp-content\/uploads\/2018\/10\/41-768x512.jpg 768w, https:\/\/marcali.plebania.hu\/wp-content\/uploads\/2018\/10\/41-405x270.jpg 405w\" sizes=\"auto, (max-width: 640px) 100vw, 640px\" \/><\/p>\n<p>Erre a jeles alkalomra Gelencs\u00e9r R\u00f3bert vil\u00e1gi eln\u00f6k \u00e9s az Egyh\u00e1zk\u00f6zs\u00e9g K\u00e9pvisel\u0151 Test\u00fclete nemcsak a h\u00edveket invit\u00e1lta, hanem a v\u00e1ros, valamint az int\u00e9zm\u00e9nyek vezet\u0151it, tov\u00e1bb\u00e1 a politikai \u00e9let szerepl\u0151it is. A megh\u00edvottak jelen voltak a h\u00e1laad\u00f3 szentmis\u00e9n.<\/p>\n<p><img loading=\"lazy\" decoding=\"async\" class=\"aligncenter wp-image-402 size-large\" src=\"https:\/\/marcali.plebania.hu\/wp-content\/uploads\/2018\/10\/09-1024x683.jpg\" alt=\"\" width=\"640\" height=\"427\" srcset=\"https:\/\/marcali.plebania.hu\/wp-content\/uploads\/2018\/10\/09-1024x683.jpg 1024w, https:\/\/marcali.plebania.hu\/wp-content\/uploads\/2018\/10\/09-300x200.jpg 300w, https:\/\/marcali.plebania.hu\/wp-content\/uploads\/2018\/10\/09-768x512.jpg 768w, https:\/\/marcali.plebania.hu\/wp-content\/uploads\/2018\/10\/09-405x270.jpg 405w\" sizes=\"auto, (max-width: 640px) 100vw, 640px\" \/><\/p>\n<p>A reggel 9 \u00f3rakor kezd\u0151d\u0151 istentiszteleten, a szentmise\u00e1ldozat bemutat\u00e1sa mellett a h\u00e1laad\u00e1s\u00e9 volt a f\u0151szerep. Iv\u00e1n atya nemcsak a J\u00f3istennek, hanem mindenkinek megk\u00f6sz\u00f6nte a k\u00f6zrem\u0171k\u00f6d\u00e9s\u00e9t, akik az elm\u00falt k\u00e9t \u00e9s f\u00e9l \u00e9vtized sor\u00e1n seg\u00edtett\u00e9k sokr\u00e9t\u0171 lelkip\u00e1sztori munk\u00e1j\u00e1t, ak\u00e1r a k\u00f3rh\u00e1zpasztor\u00e1ci\u00f3, a hitoktat\u00e1s vagy a k\u00f6z\u00f6ss\u00e9gi \u00e9let ter\u00fclet\u00e9n.\u00a0A pl\u00e9b\u00e1nos egyben bocs\u00e1natot is k\u00e9rt mindazokt\u00f3l, akiket esetleg emberi gyarl\u00f3s\u00e1gb\u00f3l megb\u00e1ntott ezen id\u0151szak alatt. \u00dcnnepi besz\u00e9d\u00e9ben felid\u00e9zte a Marcali Egyh\u00e1zk\u00f6zs\u00e9g \u00e9let\u00e9nek legfontosabb t\u00f6rt\u00e9n\u00e9seit \u00e9s el\u00e9rt eredm\u00e9nyeit.<\/p>\n<p><img loading=\"lazy\" decoding=\"async\" class=\"aligncenter wp-image-403 size-large\" src=\"https:\/\/marcali.plebania.hu\/wp-content\/uploads\/2018\/10\/29-1024x683.jpg\" alt=\"\" width=\"640\" height=\"427\" srcset=\"https:\/\/marcali.plebania.hu\/wp-content\/uploads\/2018\/10\/29-1024x683.jpg 1024w, https:\/\/marcali.plebania.hu\/wp-content\/uploads\/2018\/10\/29-300x200.jpg 300w, https:\/\/marcali.plebania.hu\/wp-content\/uploads\/2018\/10\/29-768x512.jpg 768w, https:\/\/marcali.plebania.hu\/wp-content\/uploads\/2018\/10\/29-405x270.jpg 405w\" sizes=\"auto, (max-width: 640px) 100vw, 640px\" \/><\/p>\n<p>A Te Deum elhangz\u00e1sa ut\u00e1n az Egyh\u00e1zk\u00f6zs\u00e9g r\u00e9sz\u00e9r\u0151l Gelencs\u00e9r R\u00f3bert vil\u00e1gi eln\u00f6k m\u00e9ltatta \u00e9s k\u00f6sz\u00f6nte meg Iv\u00e1n atya sokr\u00e9t\u0171 munk\u00e1j\u00e1t, majd Kir\u00e1ly Jen\u0151 templomaty\u00e1val egy\u00fctt adt\u00e1k \u00e1t a test\u00fclet \u00e9s a h\u00edvek aj\u00e1nd\u00e9kait.\u00a0Ezut\u00e1n dr. S\u00fct\u0151 L\u00e1szl\u00f3, Marcali V\u00e1ros polg\u00e1rmestere, M\u00f3ring J\u00f3zsef Attila orsz\u00e1ggy\u0171l\u00e9si k\u00e9pvisel\u0151, Huszti G\u00e1bor, a Somogy Megyei K\u00f6zgy\u0171l\u00e9s aleln\u00f6ke, valamint dr. Suchmann Tam\u00e1s is k\u00f6sz\u00f6nt\u00f6tte a pl\u00e9b\u00e1nost.<\/p>\n<p><img loading=\"lazy\" decoding=\"async\" class=\"aligncenter wp-image-404 size-large\" src=\"https:\/\/marcali.plebania.hu\/wp-content\/uploads\/2018\/10\/52-1-1024x683.jpg\" alt=\"\" width=\"640\" height=\"427\" srcset=\"https:\/\/marcali.plebania.hu\/wp-content\/uploads\/2018\/10\/52-1-1024x683.jpg 1024w, https:\/\/marcali.plebania.hu\/wp-content\/uploads\/2018\/10\/52-1-300x200.jpg 300w, https:\/\/marcali.plebania.hu\/wp-content\/uploads\/2018\/10\/52-1-768x512.jpg 768w, https:\/\/marcali.plebania.hu\/wp-content\/uploads\/2018\/10\/52-1-405x270.jpg 405w\" sizes=\"auto, (max-width: 640px) 100vw, 640px\" \/><\/p>\n<p>A szentmise ut\u00e1n \u00e1ll\u00f3fogad\u00e1s v\u00e1rta a h\u00edveket \u00e9s a megh\u00edvott vend\u00e9geket az X-h\u00e1zban, ahol Bereczk Bal\u00e1zs alpolg\u00e1rmester mondott poh\u00e1rk\u00f6sz\u00f6nt\u0151t. A jelenl\u00e9v\u0151ket ezut\u00e1n szendvicsekkel, k\u00fcl\u00f6nf\u00e9le s\u00fctem\u00e9nyekkel, valamint friss\u00edt\u0151kkel k\u00edn\u00e1lt\u00e1k meg, mik\u00f6zben t\u00f6bben is gratul\u00e1ltak Iv\u00e1n aty\u00e1nak \u00e9s Isten \u00e1ld\u00e1s\u00e1t k\u00e9rt\u00e9k tov\u00e1bbi munk\u00e1j\u00e1ra!<\/p>\n<p>&nbsp;<\/p>\n","protected":false},"excerpt":{"rendered":"<p>\u00a02018. okt\u00f3ber 28-\u00e1n, a vas\u00e1rnapi \u00fcnnepi szentmis\u00e9ben mondott k\u00f6sz\u00f6netet Kiss Iv\u00e1n c. pr\u00e9post, esperes-pl\u00e9b\u00e1nos a 25 \u00e9ves Marcaliban elt\u00f6lt\u00f6tt papi szolg\u00e1lat\u00e1\u00e9rt. Erre a jeles alkalomra Gelencs\u00e9r R\u00f3bert vil\u00e1gi eln\u00f6k \u00e9s az Egyh\u00e1zk\u00f6zs\u00e9g K\u00e9pvisel\u0151 Test\u00fclete nemcsak a h\u00edveket invit\u00e1lta, hanem a v\u00e1ros, valamint az int\u00e9zm\u00e9nyek vezet\u0151it, tov\u00e1bb\u00e1 a politikai \u00e9let szerepl\u0151it is. A megh\u00edvottak jelen voltak a h\u00e1laad\u00f3 szentmis\u00e9n. A reggel 9 \u00f3rakor kezd\u0151d\u0151 istentiszteleten, a szentmise\u00e1ldozat bemutat\u00e1sa mellett a h\u00e1laad\u00e1s\u00e9 volt a f\u0151szerep. Iv\u00e1n atya nemcsak a J\u00f3istennek, hanem mindenkinek&#8230;<\/p>\n<p class=\"read-more\"><a class=\"btn btn-default\" href=\"https:\/\/marcali.plebania.hu\/?p=400\"> Read More<span class=\"screen-reader-text\">  Read More<\/span><\/a><\/p>\n","protected":false},"author":2,"featured_media":0,"comment_status":"closed","ping_status":"open","sticky":false,"template":"","format":"standard","meta":{"footnotes":""},"categories":[1],"tags":[],"class_list":["post-400","post","type-post","status-publish","format-standard","hentry","category-egyeb"],"_links":{"self":[{"href":"https:\/\/marcali.plebania.hu\/index.php?rest_route=\/wp\/v2\/posts\/400","targetHints":{"allow":["GET"]}}],"collection":[{"href":"https:\/\/marcali.plebania.hu\/index.php?rest_route=\/wp\/v2\/posts"}],"about":[{"href":"https:\/\/marcali.plebania.hu\/index.php?rest_route=\/wp\/v2\/types\/post"}],"author":[{"embeddable":true,"href":"https:\/\/marcali.plebania.hu\/index.php?rest_route=\/wp\/v2\/users\/2"}],"replies":[{"embeddable":true,"href":"https:\/\/marcali.plebania.hu\/index.php?rest_route=%2Fwp%2Fv2%2Fcomments&post=400"}],"version-history":[{"count":1,"href":"https:\/\/marcali.plebania.hu\/index.php?rest_route=\/wp\/v2\/posts\/400\/revisions"}],"predecessor-version":[{"id":405,"href":"https:\/\/marcali.plebania.hu\/index.php?rest_route=\/wp\/v2\/posts\/400\/revisions\/405"}],"wp:attachment":[{"href":"https:\/\/marcali.plebania.hu\/index.php?rest_route=%2Fwp%2Fv2%2Fmedia&parent=400"}],"wp:term":[{"taxonomy":"category","embeddable":true,"href":"https:\/\/marcali.plebania.hu\/index.php?rest_route=%2Fwp%2Fv2%2Fcategories&post=400"},{"taxonomy":"post_tag","embeddable":true,"href":"https:\/\/marcali.plebania.hu\/index.php?rest_route=%2Fwp%2Fv2%2Ftags&post=400"}],"curies":[{"name":"wp","href":"https:\/\/api.w.org\/{rel}","templated":true}]}}