{"id":4004,"date":"2022-10-21T08:48:50","date_gmt":"2022-10-21T08:48:50","guid":{"rendered":"https:\/\/marcali.plebania.hu\/?p=4004"},"modified":"2022-10-21T08:48:50","modified_gmt":"2022-10-21T08:48:50","slug":"hirdetesek-2022-10-23","status":"publish","type":"post","link":"https:\/\/marcali.plebania.hu\/?p=4004","title":{"rendered":"Hirdet\u00e9sek, 2022. 10. 23."},"content":{"rendered":"\n<ol class=\"wp-block-list\"><li>Ma\nvan az \u00e9vk\u00f6zi 30. vas\u00e1rnap. Ma \u00fcnnepelj\u00fck az 1956-os forradalom \u00e9s szabads\u00e1gharc\n66. \u00e9vfordul\u00f3j\u00e1t.<\/li><li>A\nj\u00f6v\u0151 h\u00e9ten minden este 17.30-kor r\u00f3zsaf\u00fcz\u00e9r, 18 \u00f3rakor szentmise. Kedden csak\nr\u00f3zsaf\u00fcz\u00e9r lesz. A szentmise papi rendezv\u00e9ny miatt elmarad.<\/li><li>H\u00e9tf\u0151n\neste 18 \u00f3rakor Szentl\u00e9lek szemin\u00e1rium.<\/li><li>Az\nX-h\u00e1zban csak a szolg\u00e1lati lak\u00e1st lehet f\u0171t\u00e9si id\u00e9nyben haszn\u00e1lni a\nk\u00f6z\u00f6ss\u00e9geknek \u00e9s b\u00e1rmilyen egyh\u00e1zi rendezv\u00e9nyre (imak\u00f6r\u00f6k, egyh\u00e1zi egyes\u00fcletek,\nhittanosok).<\/li><li>K\u00f6zeledik\nMindenszentek \u00fcnnepe, amikor elhunyt szeretteinkre eml\u00e9kez\u00fcnk. B\u0151ven van alkalmunk,\nhogy im\u00e1dkozzunk \u00e9rt\u00fck \u00e9s az elfelejtett lelkek\u00e9rt.<\/li><\/ol>\n","protected":false},"excerpt":{"rendered":"<p>Ma van az \u00e9vk\u00f6zi 30. vas\u00e1rnap. Ma \u00fcnnepelj\u00fck az 1956-os forradalom \u00e9s szabads\u00e1gharc 66. \u00e9vfordul\u00f3j\u00e1t. A j\u00f6v\u0151 h\u00e9ten minden este 17.30-kor r\u00f3zsaf\u00fcz\u00e9r, 18 \u00f3rakor szentmise. Kedden csak r\u00f3zsaf\u00fcz\u00e9r lesz. A szentmise papi rendezv\u00e9ny miatt elmarad. H\u00e9tf\u0151n este 18 \u00f3rakor Szentl\u00e9lek szemin\u00e1rium. Az X-h\u00e1zban csak a szolg\u00e1lati lak\u00e1st lehet f\u0171t\u00e9si id\u00e9nyben haszn\u00e1lni a k\u00f6z\u00f6ss\u00e9geknek \u00e9s b\u00e1rmilyen egyh\u00e1zi rendezv\u00e9nyre (imak\u00f6r\u00f6k, egyh\u00e1zi egyes\u00fcletek, hittanosok). K\u00f6zeledik Mindenszentek \u00fcnnepe, amikor elhunyt szeretteinkre eml\u00e9kez\u00fcnk. B\u0151ven van alkalmunk, hogy im\u00e1dkozzunk \u00e9rt\u00fck \u00e9s az elfelejtett lelkek\u00e9rt.<\/p>\n","protected":false},"author":2,"featured_media":0,"comment_status":"closed","ping_status":"open","sticky":false,"template":"","format":"standard","meta":{"footnotes":""},"categories":[1],"tags":[],"class_list":["post-4004","post","type-post","status-publish","format-standard","hentry","category-egyeb"],"_links":{"self":[{"href":"https:\/\/marcali.plebania.hu\/index.php?rest_route=\/wp\/v2\/posts\/4004","targetHints":{"allow":["GET"]}}],"collection":[{"href":"https:\/\/marcali.plebania.hu\/index.php?rest_route=\/wp\/v2\/posts"}],"about":[{"href":"https:\/\/marcali.plebania.hu\/index.php?rest_route=\/wp\/v2\/types\/post"}],"author":[{"embeddable":true,"href":"https:\/\/marcali.plebania.hu\/index.php?rest_route=\/wp\/v2\/users\/2"}],"replies":[{"embeddable":true,"href":"https:\/\/marcali.plebania.hu\/index.php?rest_route=%2Fwp%2Fv2%2Fcomments&post=4004"}],"version-history":[{"count":1,"href":"https:\/\/marcali.plebania.hu\/index.php?rest_route=\/wp\/v2\/posts\/4004\/revisions"}],"predecessor-version":[{"id":4005,"href":"https:\/\/marcali.plebania.hu\/index.php?rest_route=\/wp\/v2\/posts\/4004\/revisions\/4005"}],"wp:attachment":[{"href":"https:\/\/marcali.plebania.hu\/index.php?rest_route=%2Fwp%2Fv2%2Fmedia&parent=4004"}],"wp:term":[{"taxonomy":"category","embeddable":true,"href":"https:\/\/marcali.plebania.hu\/index.php?rest_route=%2Fwp%2Fv2%2Fcategories&post=4004"},{"taxonomy":"post_tag","embeddable":true,"href":"https:\/\/marcali.plebania.hu\/index.php?rest_route=%2Fwp%2Fv2%2Ftags&post=4004"}],"curies":[{"name":"wp","href":"https:\/\/api.w.org\/{rel}","templated":true}]}}