{"id":4006,"date":"2022-10-27T08:12:48","date_gmt":"2022-10-27T08:12:48","guid":{"rendered":"https:\/\/marcali.plebania.hu\/?p=4006"},"modified":"2022-10-27T08:12:48","modified_gmt":"2022-10-27T08:12:48","slug":"szep-sikereket-ertek-el-a-marcali-hittanosok-az-egyhazmegyei-hittanversenyen-labodon","status":"publish","type":"post","link":"https:\/\/marcali.plebania.hu\/?p=4006","title":{"rendered":"Sz\u00e9p sikereket \u00e9rtek el a Marcali hittanosok az egyh\u00e1zmegyei hittanversenyen, L\u00e1bodon"},"content":{"rendered":"\n<p>2022. okt\u00f3ber 22-\u00e9n, szombaton ker\u00fclt sor a Kaposv\u00e1ri Egyh\u00e1zmegye hittanverseny\u00e9re a K\u00f3tai Lajos \u00c1ltal\u00e1nos Iskol\u00e1ban L\u00e1bodon. A vet\u00e9lked\u0151n \u00f6sszesen 22 pl\u00e9b\u00e1nia k\u00e9pviseltette mag\u00e1t, mintegy 240 gyerek r\u00e9szv\u00e9tel\u00e9vel, akik f\u0151leg als\u00f3 \u00e9s fels\u0151 tagozatos \u00e1ltal\u00e1nos iskol\u00e1sok voltak, hogy tud\u00e1spr\u00f3b\u00e1ban, versmond\u00e1sban \u00e9s rajzol\u00e1sban m\u00e9rk\u0151zzenek meg egym\u00e1ssal.<\/p>\n\n\n\n<figure class=\"wp-block-gallery columns-3 is-cropped wp-block-gallery-1 is-layout-flex wp-block-gallery-is-layout-flex\"><ul class=\"blocks-gallery-grid\"><li class=\"blocks-gallery-item\"><figure><img loading=\"lazy\" decoding=\"async\" width=\"1024\" height=\"768\" src=\"https:\/\/marcali.plebania.hu\/wp-content\/uploads\/2022\/10\/1-1024x768.jpeg\" alt=\"\" data-id=\"4008\" data-link=\"https:\/\/marcali.plebania.hu\/?attachment_id=4008\" class=\"wp-image-4008\" srcset=\"https:\/\/marcali.plebania.hu\/wp-content\/uploads\/2022\/10\/1-1024x768.jpeg 1024w, https:\/\/marcali.plebania.hu\/wp-content\/uploads\/2022\/10\/1-300x225.jpeg 300w, https:\/\/marcali.plebania.hu\/wp-content\/uploads\/2022\/10\/1-768x576.jpeg 768w, https:\/\/marcali.plebania.hu\/wp-content\/uploads\/2022\/10\/1-1536x1152.jpeg 1536w, https:\/\/marcali.plebania.hu\/wp-content\/uploads\/2022\/10\/1-2048x1536.jpeg 2048w, https:\/\/marcali.plebania.hu\/wp-content\/uploads\/2022\/10\/1-360x270.jpeg 360w\" sizes=\"auto, (max-width: 1024px) 100vw, 1024px\" \/><\/figure><\/li><li class=\"blocks-gallery-item\"><figure><img loading=\"lazy\" decoding=\"async\" width=\"1024\" height=\"768\" src=\"https:\/\/marcali.plebania.hu\/wp-content\/uploads\/2022\/10\/2-1024x768.jpeg\" alt=\"\" data-id=\"4009\" data-link=\"https:\/\/marcali.plebania.hu\/?attachment_id=4009\" class=\"wp-image-4009\" srcset=\"https:\/\/marcali.plebania.hu\/wp-content\/uploads\/2022\/10\/2-1024x768.jpeg 1024w, https:\/\/marcali.plebania.hu\/wp-content\/uploads\/2022\/10\/2-300x225.jpeg 300w, https:\/\/marcali.plebania.hu\/wp-content\/uploads\/2022\/10\/2-768x576.jpeg 768w, https:\/\/marcali.plebania.hu\/wp-content\/uploads\/2022\/10\/2-1536x1152.jpeg 1536w, https:\/\/marcali.plebania.hu\/wp-content\/uploads\/2022\/10\/2-2048x1536.jpeg 2048w, https:\/\/marcali.plebania.hu\/wp-content\/uploads\/2022\/10\/2-360x270.jpeg 360w\" sizes=\"auto, (max-width: 1024px) 100vw, 1024px\" \/><\/figure><\/li><li class=\"blocks-gallery-item\"><figure><img loading=\"lazy\" decoding=\"async\" width=\"1024\" height=\"576\" src=\"https:\/\/marcali.plebania.hu\/wp-content\/uploads\/2022\/10\/4-1024x576.jpg\" alt=\"\" data-id=\"4010\" data-link=\"https:\/\/marcali.plebania.hu\/?attachment_id=4010\" class=\"wp-image-4010\" srcset=\"https:\/\/marcali.plebania.hu\/wp-content\/uploads\/2022\/10\/4-1024x576.jpg 1024w, https:\/\/marcali.plebania.hu\/wp-content\/uploads\/2022\/10\/4-300x169.jpg 300w, https:\/\/marcali.plebania.hu\/wp-content\/uploads\/2022\/10\/4-768x432.jpg 768w, https:\/\/marcali.plebania.hu\/wp-content\/uploads\/2022\/10\/4-1536x864.jpg 1536w, https:\/\/marcali.plebania.hu\/wp-content\/uploads\/2022\/10\/4-480x270.jpg 480w, https:\/\/marcali.plebania.hu\/wp-content\/uploads\/2022\/10\/4.jpg 1600w\" sizes=\"auto, (max-width: 1024px) 100vw, 1024px\" \/><\/figure><\/li><li class=\"blocks-gallery-item\"><figure><img loading=\"lazy\" decoding=\"async\" width=\"1024\" height=\"768\" src=\"https:\/\/marcali.plebania.hu\/wp-content\/uploads\/2022\/10\/3-1024x768.jpeg\" alt=\"\" data-id=\"4011\" data-full-url=\"https:\/\/marcali.plebania.hu\/wp-content\/uploads\/2022\/10\/3-scaled.jpeg\" data-link=\"https:\/\/marcali.plebania.hu\/?attachment_id=4011\" class=\"wp-image-4011\" srcset=\"https:\/\/marcali.plebania.hu\/wp-content\/uploads\/2022\/10\/3-1024x768.jpeg 1024w, https:\/\/marcali.plebania.hu\/wp-content\/uploads\/2022\/10\/3-300x225.jpeg 300w, https:\/\/marcali.plebania.hu\/wp-content\/uploads\/2022\/10\/3-768x576.jpeg 768w, https:\/\/marcali.plebania.hu\/wp-content\/uploads\/2022\/10\/3-1536x1152.jpeg 1536w, https:\/\/marcali.plebania.hu\/wp-content\/uploads\/2022\/10\/3-2048x1536.jpeg 2048w, https:\/\/marcali.plebania.hu\/wp-content\/uploads\/2022\/10\/3-360x270.jpeg 360w\" sizes=\"auto, (max-width: 1024px) 100vw, 1024px\" \/><\/figure><\/li><\/ul><\/figure>\n\n\n\n<p>Bogn\u00e1r Tam\u00e1s l\u00e1bodi pl\u00e9b\u00e1nos, a Kaposv\u00e1ri Egyh\u00e1zmegye\nhitoktat\u00e1si referense elmondta, hogy a\nhitoktat\u00f3k \u00e1ltal \u00f6ssze\u00e1ll\u00edtott tud\u00e1spr\u00f3b\u00e1ban \u00e9s a rajzversenyen is: a h\u00e9t szents\u00e9gr\u0151l \u00e9s a magyar szentekr\u0151l\nsz\u00f3ltak a feladatok.<\/p>\n\n\n\n<p>Az\neg\u00e9sz napos rendezv\u00e9nyen a vet\u00e9lked\u0151k mellett, el\u0151ad\u00e1s, k\u00f6z\u00f6s \u00e9nekl\u00e9s is zajlott,\nvalamint a jelenl\u00e9v\u0151 di\u00e1kok haszn\u00e1lhatt\u00e1k az iskola szabadt\u00e9ri j\u00e1t\u00e9kait, a\nk\u00e9zm\u0171ves foglalkoz\u00e1son pedig bar\u00e1ts\u00e1g kark\u00f6t\u0151ket is k\u00e9sz\u00edthettek. Term\u00e9szetesen\na versenyz\u0151k eb\u00e9det is kaptak.<\/p>\n\n\n\n<p>V\u00e9g\u00fcl\naz eredm\u00e9nyhirdet\u00e9sen az els\u0151 helyezettek okos\u00f3r\u00e1kat, a m\u00e1sodikak digit\u00e1lis\nasztali \u00f3r\u00e1kat, a harmadikak \u00e9s a k\u00fcl\u00f6nd\u00edjasok pedig a verseny embl\u00e9m\u00e1j\u00e1val\nell\u00e1tott b\u00f6gr\u00e9t kaptak jutalmul az eml\u00e9klapok mellett.<\/p>\n\n\n\n<p>A Marcali Noszlopy-Miksz\u00e1th iskol\u00e1k hittanosait Dr. Gyulain\u00e9 Domj\u00e1n Zsuzsanna hitoktat\u00f3n\u0151 k\u00e9sz\u00edtette f\u00f6l \u00e9s k\u00eds\u00e9rte el a versenyre, ahol di\u00e1kjaink sz\u00e9p eredm\u00e9nyeket \u00e9rtek el.<\/p>\n\n\n\n<figure class=\"wp-block-gallery columns-1 is-cropped wp-block-gallery-2 is-layout-flex wp-block-gallery-is-layout-flex\"><ul class=\"blocks-gallery-grid\"><li class=\"blocks-gallery-item\"><figure><img loading=\"lazy\" decoding=\"async\" width=\"1024\" height=\"768\" src=\"https:\/\/marcali.plebania.hu\/wp-content\/uploads\/2022\/10\/5-1024x768.jpeg\" alt=\"\" data-id=\"4007\" data-full-url=\"https:\/\/marcali.plebania.hu\/wp-content\/uploads\/2022\/10\/5-scaled.jpeg\" data-link=\"https:\/\/marcali.plebania.hu\/?attachment_id=4007\" class=\"wp-image-4007\" srcset=\"https:\/\/marcali.plebania.hu\/wp-content\/uploads\/2022\/10\/5-1024x768.jpeg 1024w, https:\/\/marcali.plebania.hu\/wp-content\/uploads\/2022\/10\/5-300x225.jpeg 300w, https:\/\/marcali.plebania.hu\/wp-content\/uploads\/2022\/10\/5-768x576.jpeg 768w, https:\/\/marcali.plebania.hu\/wp-content\/uploads\/2022\/10\/5-1536x1152.jpeg 1536w, https:\/\/marcali.plebania.hu\/wp-content\/uploads\/2022\/10\/5-2048x1536.jpeg 2048w, https:\/\/marcali.plebania.hu\/wp-content\/uploads\/2022\/10\/5-360x270.jpeg 360w\" sizes=\"auto, (max-width: 1024px) 100vw, 1024px\" \/><\/figure><\/li><\/ul><\/figure>\n\n\n\n<p><strong>Versmond\u00e1sban: fels\u0151 tagozatban: <\/strong><\/p>\n\n\n\n<p><strong>Feh\u00e9r K\u00edra els\u0151 helyezett lett<\/strong><\/p>\n\n\n\n<p><strong>Rajzban: fels\u0151 tagozatban:<\/strong><\/p>\n\n\n\n<p><strong>Vetr\u00f3 Dorka Rebeka \u00e9s Andr\u00e1s Al\u00edz p\u00e1ros\nm\u00e1sodik helyez\u00e9st \u00e9rt el.<\/strong><\/p>\n\n\n\n<p><strong>Tud\u00e1spr\u00f3b\u00e1ban: fels\u0151 tagozatban:<\/strong><\/p>\n\n\n\n<p><strong>Horv\u00e1th\nDominika, Kiss J\u00e1zmin, Mozs\u00e1r Di\u00e1na, \u00e9s Pozsonyi M\u00e1rk csapat pedig a hatodik\nhelyet szerezte meg.<\/strong><\/p>\n\n\n\n<p>Sz\u00edvb\u0151l\ngratul\u00e1lunk az igen sz\u00e9p eredm\u00e9nyekhez!<\/p>\n","protected":false},"excerpt":{"rendered":"<p>2022. okt\u00f3ber 22-\u00e9n, szombaton ker\u00fclt sor a Kaposv\u00e1ri Egyh\u00e1zmegye hittanverseny\u00e9re a K\u00f3tai Lajos \u00c1ltal\u00e1nos Iskol\u00e1ban L\u00e1bodon. A vet\u00e9lked\u0151n \u00f6sszesen 22 pl\u00e9b\u00e1nia k\u00e9pviseltette mag\u00e1t, mintegy 240 gyerek r\u00e9szv\u00e9tel\u00e9vel, akik f\u0151leg als\u00f3 \u00e9s fels\u0151 tagozatos \u00e1ltal\u00e1nos iskol\u00e1sok voltak, hogy tud\u00e1spr\u00f3b\u00e1ban, versmond\u00e1sban \u00e9s rajzol\u00e1sban m\u00e9rk\u0151zzenek meg egym\u00e1ssal. Bogn\u00e1r Tam\u00e1s l\u00e1bodi pl\u00e9b\u00e1nos, a Kaposv\u00e1ri Egyh\u00e1zmegye hitoktat\u00e1si referense elmondta, hogy a hitoktat\u00f3k \u00e1ltal \u00f6ssze\u00e1ll\u00edtott tud\u00e1spr\u00f3b\u00e1ban \u00e9s a rajzversenyen is: a h\u00e9t szents\u00e9gr\u0151l \u00e9s a magyar szentekr\u0151l sz\u00f3ltak a feladatok. Az eg\u00e9sz napos rendezv\u00e9nyen a vet\u00e9lked\u0151k&#8230;<\/p>\n<p class=\"read-more\"><a class=\"btn btn-default\" href=\"https:\/\/marcali.plebania.hu\/?p=4006\"> Read More<span class=\"screen-reader-text\">  Read More<\/span><\/a><\/p>\n","protected":false},"author":2,"featured_media":0,"comment_status":"closed","ping_status":"open","sticky":false,"template":"","format":"standard","meta":{"footnotes":""},"categories":[1],"tags":[],"class_list":["post-4006","post","type-post","status-publish","format-standard","hentry","category-egyeb"],"_links":{"self":[{"href":"https:\/\/marcali.plebania.hu\/index.php?rest_route=\/wp\/v2\/posts\/4006","targetHints":{"allow":["GET"]}}],"collection":[{"href":"https:\/\/marcali.plebania.hu\/index.php?rest_route=\/wp\/v2\/posts"}],"about":[{"href":"https:\/\/marcali.plebania.hu\/index.php?rest_route=\/wp\/v2\/types\/post"}],"author":[{"embeddable":true,"href":"https:\/\/marcali.plebania.hu\/index.php?rest_route=\/wp\/v2\/users\/2"}],"replies":[{"embeddable":true,"href":"https:\/\/marcali.plebania.hu\/index.php?rest_route=%2Fwp%2Fv2%2Fcomments&post=4006"}],"version-history":[{"count":1,"href":"https:\/\/marcali.plebania.hu\/index.php?rest_route=\/wp\/v2\/posts\/4006\/revisions"}],"predecessor-version":[{"id":4012,"href":"https:\/\/marcali.plebania.hu\/index.php?rest_route=\/wp\/v2\/posts\/4006\/revisions\/4012"}],"wp:attachment":[{"href":"https:\/\/marcali.plebania.hu\/index.php?rest_route=%2Fwp%2Fv2%2Fmedia&parent=4006"}],"wp:term":[{"taxonomy":"category","embeddable":true,"href":"https:\/\/marcali.plebania.hu\/index.php?rest_route=%2Fwp%2Fv2%2Fcategories&post=4006"},{"taxonomy":"post_tag","embeddable":true,"href":"https:\/\/marcali.plebania.hu\/index.php?rest_route=%2Fwp%2Fv2%2Ftags&post=4006"}],"curies":[{"name":"wp","href":"https:\/\/api.w.org\/{rel}","templated":true}]}}