{"id":4016,"date":"2022-10-27T08:14:32","date_gmt":"2022-10-27T08:14:32","guid":{"rendered":"https:\/\/marcali.plebania.hu\/?p=4016"},"modified":"2022-10-28T07:41:44","modified_gmt":"2022-10-28T07:41:44","slug":"hirdetesek-2022-10-30","status":"publish","type":"post","link":"https:\/\/marcali.plebania.hu\/?p=4016","title":{"rendered":"Hirdet\u00e9sek, 2022. 10. 30."},"content":{"rendered":"\n<ol class=\"wp-block-list\"><li>Ma van az \u00e9vk\u00f6zi 31. vas\u00e1rnap.<\/li><li>A mai nappal az \u00f3ra\u00e1t\u00e1ll\u00edt\u00e1s miatt megv\u00e1ltozik az esti szentmis\u00e9k id\u0151pontja. Est\u00e9nk\u00e9nt 17 \u00f3rakor kezd\u0151dnek a szentmis\u00e9k.<\/li><li>Mindenszenteki miserend: h\u00e9tf\u0151n este 17 \u00f3rakor mindenszenteki el\u0151esti igeliturgia a pl\u00e9b\u00e1niatemplomban, kedden, Mindenszentek napj\u00e1n 17 \u00f3rakor szabadt\u00e9ri szentmise a k\u00f6zponti temet\u0151 ravataloz\u00f3j\u00e1n\u00e1l, ut\u00e1na halottak esti ima a k\u00e1lv\u00e1ria keresztj\u00e9n\u00e9l, szerd\u00e1n Halottak napj\u00e1n 9 \u00f3rakor szentmise a k\u00f6zponti temet\u0151 k\u00e1poln\u00e1j\u00e1ban, este 17 \u00f3rakor szentmise a B. Gizella altemplom\u00e1ban. Mindenszentek \u00fcnnep\u00e9n \u00e9s Halottak napj\u00e1n teljes b\u00facs\u00fa nyerhet\u0151 a szokott felt\u00e9telek mellett.<\/li><li>H\u00e9tf\u0151n este 18 \u00f3rakor folytat\u00f3dik a Szentl\u00e9lek szemin\u00e1rium.<\/li><li>P\u00e9nteken, els\u0151 p\u00e9ntek, 16.15-t\u0151l gy\u00f3ntat\u00e1s, majd szents\u00e9gim\u00e1d\u00e1s, 17 \u00f3rakor szentmise.<\/li><li>Napt\u00e1rak, kalend\u00e1riumok a sekresty\u00e9ben kaphat\u00f3k.<\/li><\/ol>\n","protected":false},"excerpt":{"rendered":"<p>Ma van az \u00e9vk\u00f6zi 31. vas\u00e1rnap. A mai nappal az \u00f3ra\u00e1t\u00e1ll\u00edt\u00e1s miatt megv\u00e1ltozik az esti szentmis\u00e9k id\u0151pontja. Est\u00e9nk\u00e9nt 17 \u00f3rakor kezd\u0151dnek a szentmis\u00e9k. Mindenszenteki miserend: h\u00e9tf\u0151n este 17 \u00f3rakor mindenszenteki el\u0151esti igeliturgia a pl\u00e9b\u00e1niatemplomban, kedden, Mindenszentek napj\u00e1n 17 \u00f3rakor szabadt\u00e9ri szentmise a k\u00f6zponti temet\u0151 ravataloz\u00f3j\u00e1n\u00e1l, ut\u00e1na halottak esti ima a k\u00e1lv\u00e1ria keresztj\u00e9n\u00e9l, szerd\u00e1n Halottak napj\u00e1n 9 \u00f3rakor szentmise a k\u00f6zponti temet\u0151 k\u00e1poln\u00e1j\u00e1ban, este 17 \u00f3rakor szentmise a B. Gizella altemplom\u00e1ban. Mindenszentek \u00fcnnep\u00e9n \u00e9s Halottak napj\u00e1n teljes b\u00facs\u00fa nyerhet\u0151 a szokott&#8230;<\/p>\n<p class=\"read-more\"><a class=\"btn btn-default\" href=\"https:\/\/marcali.plebania.hu\/?p=4016\"> Read More<span class=\"screen-reader-text\">  Read More<\/span><\/a><\/p>\n","protected":false},"author":2,"featured_media":0,"comment_status":"closed","ping_status":"open","sticky":false,"template":"","format":"standard","meta":{"footnotes":""},"categories":[1],"tags":[],"class_list":["post-4016","post","type-post","status-publish","format-standard","hentry","category-egyeb"],"_links":{"self":[{"href":"https:\/\/marcali.plebania.hu\/index.php?rest_route=\/wp\/v2\/posts\/4016","targetHints":{"allow":["GET"]}}],"collection":[{"href":"https:\/\/marcali.plebania.hu\/index.php?rest_route=\/wp\/v2\/posts"}],"about":[{"href":"https:\/\/marcali.plebania.hu\/index.php?rest_route=\/wp\/v2\/types\/post"}],"author":[{"embeddable":true,"href":"https:\/\/marcali.plebania.hu\/index.php?rest_route=\/wp\/v2\/users\/2"}],"replies":[{"embeddable":true,"href":"https:\/\/marcali.plebania.hu\/index.php?rest_route=%2Fwp%2Fv2%2Fcomments&post=4016"}],"version-history":[{"count":2,"href":"https:\/\/marcali.plebania.hu\/index.php?rest_route=\/wp\/v2\/posts\/4016\/revisions"}],"predecessor-version":[{"id":4019,"href":"https:\/\/marcali.plebania.hu\/index.php?rest_route=\/wp\/v2\/posts\/4016\/revisions\/4019"}],"wp:attachment":[{"href":"https:\/\/marcali.plebania.hu\/index.php?rest_route=%2Fwp%2Fv2%2Fmedia&parent=4016"}],"wp:term":[{"taxonomy":"category","embeddable":true,"href":"https:\/\/marcali.plebania.hu\/index.php?rest_route=%2Fwp%2Fv2%2Fcategories&post=4016"},{"taxonomy":"post_tag","embeddable":true,"href":"https:\/\/marcali.plebania.hu\/index.php?rest_route=%2Fwp%2Fv2%2Ftags&post=4016"}],"curies":[{"name":"wp","href":"https:\/\/api.w.org\/{rel}","templated":true}]}}