{"id":4022,"date":"2022-11-04T08:18:01","date_gmt":"2022-11-04T08:18:01","guid":{"rendered":"https:\/\/marcali.plebania.hu\/?p=4022"},"modified":"2022-11-04T08:18:01","modified_gmt":"2022-11-04T08:18:01","slug":"hirdetesek-2022-11-06","status":"publish","type":"post","link":"https:\/\/marcali.plebania.hu\/?p=4022","title":{"rendered":"Hirdet\u00e9sek, 2022. 11. 06."},"content":{"rendered":"\n<ol class=\"wp-block-list\"><li>Ma\nvan az \u00e9vk\u00f6zi 32. vas\u00e1rnap.<\/li><li>H\u00e9tf\u0151n\n18 \u00f3rakor az X-h\u00e1zban Szentl\u00e9lek szemin\u00e1rium.<\/li><li>P\u00e9nteken\n16.30-kor szents\u00e9gim\u00e1d\u00e1s, 17 \u00f3rakor szentmise.<\/li><li>Szombaton\n16 \u00f3rakor fatimai ima\u00f3r\u00e1t tartunk, 17 \u00f3rakor szentmise.<\/li><li>Napt\u00e1rak,\nkalend\u00e1rium, Sz\u00edvem els\u0151 gondolata k\u00f6nyv a sekresty\u00e9ben kaphat\u00f3k.<\/li><\/ol>\n","protected":false},"excerpt":{"rendered":"<p>Ma van az \u00e9vk\u00f6zi 32. vas\u00e1rnap. H\u00e9tf\u0151n 18 \u00f3rakor az X-h\u00e1zban Szentl\u00e9lek szemin\u00e1rium. P\u00e9nteken 16.30-kor szents\u00e9gim\u00e1d\u00e1s, 17 \u00f3rakor szentmise. Szombaton 16 \u00f3rakor fatimai ima\u00f3r\u00e1t tartunk, 17 \u00f3rakor szentmise. Napt\u00e1rak, kalend\u00e1rium, Sz\u00edvem els\u0151 gondolata k\u00f6nyv a sekresty\u00e9ben kaphat\u00f3k.<\/p>\n","protected":false},"author":2,"featured_media":0,"comment_status":"closed","ping_status":"open","sticky":false,"template":"","format":"standard","meta":{"footnotes":""},"categories":[1],"tags":[],"class_list":["post-4022","post","type-post","status-publish","format-standard","hentry","category-egyeb"],"_links":{"self":[{"href":"https:\/\/marcali.plebania.hu\/index.php?rest_route=\/wp\/v2\/posts\/4022","targetHints":{"allow":["GET"]}}],"collection":[{"href":"https:\/\/marcali.plebania.hu\/index.php?rest_route=\/wp\/v2\/posts"}],"about":[{"href":"https:\/\/marcali.plebania.hu\/index.php?rest_route=\/wp\/v2\/types\/post"}],"author":[{"embeddable":true,"href":"https:\/\/marcali.plebania.hu\/index.php?rest_route=\/wp\/v2\/users\/2"}],"replies":[{"embeddable":true,"href":"https:\/\/marcali.plebania.hu\/index.php?rest_route=%2Fwp%2Fv2%2Fcomments&post=4022"}],"version-history":[{"count":1,"href":"https:\/\/marcali.plebania.hu\/index.php?rest_route=\/wp\/v2\/posts\/4022\/revisions"}],"predecessor-version":[{"id":4023,"href":"https:\/\/marcali.plebania.hu\/index.php?rest_route=\/wp\/v2\/posts\/4022\/revisions\/4023"}],"wp:attachment":[{"href":"https:\/\/marcali.plebania.hu\/index.php?rest_route=%2Fwp%2Fv2%2Fmedia&parent=4022"}],"wp:term":[{"taxonomy":"category","embeddable":true,"href":"https:\/\/marcali.plebania.hu\/index.php?rest_route=%2Fwp%2Fv2%2Fcategories&post=4022"},{"taxonomy":"post_tag","embeddable":true,"href":"https:\/\/marcali.plebania.hu\/index.php?rest_route=%2Fwp%2Fv2%2Ftags&post=4022"}],"curies":[{"name":"wp","href":"https:\/\/api.w.org\/{rel}","templated":true}]}}