{"id":4025,"date":"2022-11-11T09:16:19","date_gmt":"2022-11-11T09:16:19","guid":{"rendered":"https:\/\/marcali.plebania.hu\/?p=4025"},"modified":"2022-11-11T09:16:19","modified_gmt":"2022-11-11T09:16:19","slug":"hirdetesek-2022-11-13","status":"publish","type":"post","link":"https:\/\/marcali.plebania.hu\/?p=4025","title":{"rendered":"Hirdet\u00e9sek, 2022. 11. 13."},"content":{"rendered":"\n<ol class=\"wp-block-list\"><li>Ma\nvan az \u00e9vk\u00f6zi 33. vas\u00e1rnap.<\/li><li>H\u00e9tf\u0151n\n18 \u00f3rakor folytat\u00f3dik az X-h\u00e1zban a Szentl\u00e9lek szemin\u00e1rium.<\/li><li>P\u00e9nteken\n16.30-kor szents\u00e9gim\u00e1d\u00e1s, 17 \u00f3rakor szentmise.<\/li><li>J\u00f6v\u0151\nvas\u00e1rnap, Krisztus Kir\u00e1ly \u00fcnnepe. Ezen a napon Szent Erzs\u00e9betre is eml\u00e9kez\u00fcnk,\naz orsz\u00e1g valamennyi katolikus templom\u00e1ban gy\u0171jt\u00e9s lesz a Karit\u00e1sz jav\u00e1ra.\nK\u00e9rj\u00fck a testv\u00e9reket, hogy gondoljanak a szeg\u00e9nyekre \u00e9s perselyadom\u00e1nyukat \u00fagy\nadj\u00e1k, hogy ebb\u0151l tudjunk a szeg\u00e9nyeknek is adni.<\/li><li>Kalend\u00e1rium,\nnapt\u00e1rak, Sz\u00edvem els\u0151 gondolata k\u00f6nyv a sekresty\u00e9ben kaphat\u00f3. Az Adoremus\nkiadv\u00e1nyt decembert\u0151l lemondtuk, interneten el\u00e9rhet\u0151.<\/li><\/ol>\n","protected":false},"excerpt":{"rendered":"<p>Ma van az \u00e9vk\u00f6zi 33. vas\u00e1rnap. H\u00e9tf\u0151n 18 \u00f3rakor folytat\u00f3dik az X-h\u00e1zban a Szentl\u00e9lek szemin\u00e1rium. P\u00e9nteken 16.30-kor szents\u00e9gim\u00e1d\u00e1s, 17 \u00f3rakor szentmise. J\u00f6v\u0151 vas\u00e1rnap, Krisztus Kir\u00e1ly \u00fcnnepe. Ezen a napon Szent Erzs\u00e9betre is eml\u00e9kez\u00fcnk, az orsz\u00e1g valamennyi katolikus templom\u00e1ban gy\u0171jt\u00e9s lesz a Karit\u00e1sz jav\u00e1ra. K\u00e9rj\u00fck a testv\u00e9reket, hogy gondoljanak a szeg\u00e9nyekre \u00e9s perselyadom\u00e1nyukat \u00fagy adj\u00e1k, hogy ebb\u0151l tudjunk a szeg\u00e9nyeknek is adni. Kalend\u00e1rium, napt\u00e1rak, Sz\u00edvem els\u0151 gondolata k\u00f6nyv a sekresty\u00e9ben kaphat\u00f3. Az Adoremus kiadv\u00e1nyt decembert\u0151l lemondtuk, interneten el\u00e9rhet\u0151.<\/p>\n","protected":false},"author":2,"featured_media":0,"comment_status":"closed","ping_status":"open","sticky":false,"template":"","format":"standard","meta":{"footnotes":""},"categories":[1],"tags":[],"class_list":["post-4025","post","type-post","status-publish","format-standard","hentry","category-egyeb"],"_links":{"self":[{"href":"https:\/\/marcali.plebania.hu\/index.php?rest_route=\/wp\/v2\/posts\/4025","targetHints":{"allow":["GET"]}}],"collection":[{"href":"https:\/\/marcali.plebania.hu\/index.php?rest_route=\/wp\/v2\/posts"}],"about":[{"href":"https:\/\/marcali.plebania.hu\/index.php?rest_route=\/wp\/v2\/types\/post"}],"author":[{"embeddable":true,"href":"https:\/\/marcali.plebania.hu\/index.php?rest_route=\/wp\/v2\/users\/2"}],"replies":[{"embeddable":true,"href":"https:\/\/marcali.plebania.hu\/index.php?rest_route=%2Fwp%2Fv2%2Fcomments&post=4025"}],"version-history":[{"count":1,"href":"https:\/\/marcali.plebania.hu\/index.php?rest_route=\/wp\/v2\/posts\/4025\/revisions"}],"predecessor-version":[{"id":4026,"href":"https:\/\/marcali.plebania.hu\/index.php?rest_route=\/wp\/v2\/posts\/4025\/revisions\/4026"}],"wp:attachment":[{"href":"https:\/\/marcali.plebania.hu\/index.php?rest_route=%2Fwp%2Fv2%2Fmedia&parent=4025"}],"wp:term":[{"taxonomy":"category","embeddable":true,"href":"https:\/\/marcali.plebania.hu\/index.php?rest_route=%2Fwp%2Fv2%2Fcategories&post=4025"},{"taxonomy":"post_tag","embeddable":true,"href":"https:\/\/marcali.plebania.hu\/index.php?rest_route=%2Fwp%2Fv2%2Ftags&post=4025"}],"curies":[{"name":"wp","href":"https:\/\/api.w.org\/{rel}","templated":true}]}}