{"id":4027,"date":"2022-11-18T08:57:36","date_gmt":"2022-11-18T08:57:36","guid":{"rendered":"https:\/\/marcali.plebania.hu\/?p=4027"},"modified":"2022-11-18T08:57:36","modified_gmt":"2022-11-18T08:57:36","slug":"hirdetesek-2022-11-20","status":"publish","type":"post","link":"https:\/\/marcali.plebania.hu\/?p=4027","title":{"rendered":"Hirdet\u00e9sek, 2022. 11. 20."},"content":{"rendered":"\n<ol class=\"wp-block-list\"><li>Ma\nKrisztus Kir\u00e1ly vas\u00e1rnapja van, az egyh\u00e1zi \u00e9v utols\u00f3 vas\u00e1rnapja. Az orsz\u00e1g\nvalamennyi katolikus templom\u00e1ban gy\u0171jt\u00e9s van a Karit\u00e1sz jav\u00e1ra.<\/li><li>A\nj\u00f6v\u0151 h\u00e9ten, h\u00e9tf\u0151n 18 \u00f3rakor folytat\u00f3dik a Szentl\u00e9lek szemin\u00e1rium. P\u00e9nteken\n16.30-kor szents\u00e9gim\u00e1d\u00e1s, 17 \u00f3rakor szentmise.<\/li><li>Szombaton\nd\u00e9lel\u0151tt 9 \u00f3r\u00e1ra tetter\u0151s f\u00e9rfiakat v\u00e1runk a k\u00fclt\u00e9ri \u00e1dventi koszor\u00fa\nk\u00e9sz\u00edt\u00e9s\u00e9hez a pl\u00e9b\u00e1niatemplom el\u0151tt. Este 17 \u00f3rakor gy\u00fajtjuk meg az els\u0151\n\u00e1dventi gyerty\u00e1t. K\u00f6zrem\u0171k\u00f6dnek a Mesepark \u00d3voda nagycsoportosai. A legels\u0151\ngyerty\u00e1t dr. S\u00fct\u0151 L\u00e1szl\u00f3 Marcali polg\u00e1rmester gy\u00fajtja meg. A gyertyagy\u00fajt\u00e1s ut\u00e1n\nszentmise a pl\u00e9b\u00e1niatemplomban.<\/li><li>El\u0151re\nhirdetj\u00fck, hogy az \u00e1dventi Lelki Nap december 17-\u00e9n, \u00e1dvent 4. szombatj\u00e1n lesz.\nK\u00e9rn\u00e9m, hogy a h\u00edvek akkor v\u00e9gezz\u00e9k el kar\u00e1csonyi szentgy\u00f3n\u00e1sukat.<\/li><li>Azzal\na k\u00e9r\u00e9ssel fordulunk a v\u00e1ros lakoss\u00e1g\u00e1hoz, hogy aki tud feny\u0151f\u00e1t felaj\u00e1nlani az\n\u00e1dventi koszor\u00fahoz, a betlehemhez, vagy a templomok d\u00edsz\u00edt\u00e9s\u00e9hez, k\u00e9rn\u00e9m\nGelencs\u00e9r R\u00f3bert vil\u00e1gi eln\u00f6knek jelezze \u00e9s elsz\u00e1ll\u00edt\u00e1sukr\u00f3l gondoskodni fogunk.<\/li><li>Kalend\u00e1rium,\nnapt\u00e1rak, Sz\u00edvem els\u0151 gondolata k\u00f6nyv a sekresty\u00e9ben kaphat\u00f3.<\/li><\/ol>\n","protected":false},"excerpt":{"rendered":"<p>Ma Krisztus Kir\u00e1ly vas\u00e1rnapja van, az egyh\u00e1zi \u00e9v utols\u00f3 vas\u00e1rnapja. Az orsz\u00e1g valamennyi katolikus templom\u00e1ban gy\u0171jt\u00e9s van a Karit\u00e1sz jav\u00e1ra. A j\u00f6v\u0151 h\u00e9ten, h\u00e9tf\u0151n 18 \u00f3rakor folytat\u00f3dik a Szentl\u00e9lek szemin\u00e1rium. P\u00e9nteken 16.30-kor szents\u00e9gim\u00e1d\u00e1s, 17 \u00f3rakor szentmise. Szombaton d\u00e9lel\u0151tt 9 \u00f3r\u00e1ra tetter\u0151s f\u00e9rfiakat v\u00e1runk a k\u00fclt\u00e9ri \u00e1dventi koszor\u00fa k\u00e9sz\u00edt\u00e9s\u00e9hez a pl\u00e9b\u00e1niatemplom el\u0151tt. Este 17 \u00f3rakor gy\u00fajtjuk meg az els\u0151 \u00e1dventi gyerty\u00e1t. K\u00f6zrem\u0171k\u00f6dnek a Mesepark \u00d3voda nagycsoportosai. A legels\u0151 gyerty\u00e1t dr. S\u00fct\u0151 L\u00e1szl\u00f3 Marcali polg\u00e1rmester gy\u00fajtja meg. A gyertyagy\u00fajt\u00e1s ut\u00e1n szentmise a&#8230;<\/p>\n<p class=\"read-more\"><a class=\"btn btn-default\" href=\"https:\/\/marcali.plebania.hu\/?p=4027\"> Read More<span class=\"screen-reader-text\">  Read More<\/span><\/a><\/p>\n","protected":false},"author":2,"featured_media":0,"comment_status":"closed","ping_status":"open","sticky":false,"template":"","format":"standard","meta":{"footnotes":""},"categories":[1],"tags":[],"class_list":["post-4027","post","type-post","status-publish","format-standard","hentry","category-egyeb"],"_links":{"self":[{"href":"https:\/\/marcali.plebania.hu\/index.php?rest_route=\/wp\/v2\/posts\/4027","targetHints":{"allow":["GET"]}}],"collection":[{"href":"https:\/\/marcali.plebania.hu\/index.php?rest_route=\/wp\/v2\/posts"}],"about":[{"href":"https:\/\/marcali.plebania.hu\/index.php?rest_route=\/wp\/v2\/types\/post"}],"author":[{"embeddable":true,"href":"https:\/\/marcali.plebania.hu\/index.php?rest_route=\/wp\/v2\/users\/2"}],"replies":[{"embeddable":true,"href":"https:\/\/marcali.plebania.hu\/index.php?rest_route=%2Fwp%2Fv2%2Fcomments&post=4027"}],"version-history":[{"count":1,"href":"https:\/\/marcali.plebania.hu\/index.php?rest_route=\/wp\/v2\/posts\/4027\/revisions"}],"predecessor-version":[{"id":4028,"href":"https:\/\/marcali.plebania.hu\/index.php?rest_route=\/wp\/v2\/posts\/4027\/revisions\/4028"}],"wp:attachment":[{"href":"https:\/\/marcali.plebania.hu\/index.php?rest_route=%2Fwp%2Fv2%2Fmedia&parent=4027"}],"wp:term":[{"taxonomy":"category","embeddable":true,"href":"https:\/\/marcali.plebania.hu\/index.php?rest_route=%2Fwp%2Fv2%2Fcategories&post=4027"},{"taxonomy":"post_tag","embeddable":true,"href":"https:\/\/marcali.plebania.hu\/index.php?rest_route=%2Fwp%2Fv2%2Ftags&post=4027"}],"curies":[{"name":"wp","href":"https:\/\/api.w.org\/{rel}","templated":true}]}}