{"id":4030,"date":"2022-11-23T08:44:19","date_gmt":"2022-11-23T08:44:19","guid":{"rendered":"https:\/\/marcali.plebania.hu\/?p=4030"},"modified":"2022-11-23T08:44:19","modified_gmt":"2022-11-23T08:44:19","slug":"krisztus-kiraly-es-szent-erzsebet-unnepe-a-plebaniatemplomban","status":"publish","type":"post","link":"https:\/\/marcali.plebania.hu\/?p=4030","title":{"rendered":"Krisztus Kir\u00e1ly \u00e9s Szent Erzs\u00e9bet \u00fcnnepe a pl\u00e9b\u00e1niatemplomban"},"content":{"rendered":"\n<p>2022. november 20-\u00e1n, vas\u00e1rnap a 9 \u00f3r\u00e1s szentmis\u00e9n Krisztus Kir\u00e1ly \u00fcnnep\u00e9n Szent Erzs\u00e9betr\u0151l is megeml\u00e9keztek a Marcali Gy\u00fcm\u00f6lcsolt\u00f3 Boldogasszony pl\u00e9b\u00e1niatemplomban.<\/p>\n\n\n\n<p>Krisztus Kir\u00e1ly \u00fcnnepe egyben az egyh\u00e1zi \u00e9v utols\u00f3 vas\u00e1rnapja. A k\u00f6vetkez\u0151 vas\u00e1rnapt\u00f3l m\u00e1r megkezd\u0151dik az \u00e1dvent, a kar\u00e1csonyra val\u00f3 el\u0151k\u00e9sz\u00fclet id\u0151szaka.<\/p>\n\n\n\n<figure class=\"wp-block-gallery columns-3 is-cropped wp-block-gallery-1 is-layout-flex wp-block-gallery-is-layout-flex\"><ul class=\"blocks-gallery-grid\"><li class=\"blocks-gallery-item\"><figure><img loading=\"lazy\" decoding=\"async\" width=\"1024\" height=\"683\" src=\"https:\/\/marcali.plebania.hu\/wp-content\/uploads\/2022\/11\/01-1024x683.jpg\" alt=\"\" data-id=\"4031\" data-link=\"https:\/\/marcali.plebania.hu\/?attachment_id=4031\" class=\"wp-image-4031\" srcset=\"https:\/\/marcali.plebania.hu\/wp-content\/uploads\/2022\/11\/01-1024x683.jpg 1024w, https:\/\/marcali.plebania.hu\/wp-content\/uploads\/2022\/11\/01-300x200.jpg 300w, https:\/\/marcali.plebania.hu\/wp-content\/uploads\/2022\/11\/01-768x512.jpg 768w, https:\/\/marcali.plebania.hu\/wp-content\/uploads\/2022\/11\/01-1536x1024.jpg 1536w, https:\/\/marcali.plebania.hu\/wp-content\/uploads\/2022\/11\/01-2048x1365.jpg 2048w, https:\/\/marcali.plebania.hu\/wp-content\/uploads\/2022\/11\/01-405x270.jpg 405w\" sizes=\"auto, (max-width: 1024px) 100vw, 1024px\" \/><\/figure><\/li><li class=\"blocks-gallery-item\"><figure><img loading=\"lazy\" decoding=\"async\" width=\"1024\" height=\"683\" src=\"https:\/\/marcali.plebania.hu\/wp-content\/uploads\/2022\/11\/02-1024x683.jpg\" alt=\"\" data-id=\"4032\" data-link=\"https:\/\/marcali.plebania.hu\/?attachment_id=4032\" class=\"wp-image-4032\" srcset=\"https:\/\/marcali.plebania.hu\/wp-content\/uploads\/2022\/11\/02-1024x683.jpg 1024w, https:\/\/marcali.plebania.hu\/wp-content\/uploads\/2022\/11\/02-300x200.jpg 300w, https:\/\/marcali.plebania.hu\/wp-content\/uploads\/2022\/11\/02-768x512.jpg 768w, https:\/\/marcali.plebania.hu\/wp-content\/uploads\/2022\/11\/02-1536x1024.jpg 1536w, https:\/\/marcali.plebania.hu\/wp-content\/uploads\/2022\/11\/02-2048x1365.jpg 2048w, https:\/\/marcali.plebania.hu\/wp-content\/uploads\/2022\/11\/02-405x270.jpg 405w\" sizes=\"auto, (max-width: 1024px) 100vw, 1024px\" \/><\/figure><\/li><li class=\"blocks-gallery-item\"><figure><img loading=\"lazy\" decoding=\"async\" width=\"1024\" height=\"683\" src=\"https:\/\/marcali.plebania.hu\/wp-content\/uploads\/2022\/11\/06-1024x683.jpg\" alt=\"\" data-id=\"4033\" data-link=\"https:\/\/marcali.plebania.hu\/?attachment_id=4033\" class=\"wp-image-4033\" srcset=\"https:\/\/marcali.plebania.hu\/wp-content\/uploads\/2022\/11\/06-1024x683.jpg 1024w, https:\/\/marcali.plebania.hu\/wp-content\/uploads\/2022\/11\/06-300x200.jpg 300w, https:\/\/marcali.plebania.hu\/wp-content\/uploads\/2022\/11\/06-768x512.jpg 768w, https:\/\/marcali.plebania.hu\/wp-content\/uploads\/2022\/11\/06-1536x1024.jpg 1536w, https:\/\/marcali.plebania.hu\/wp-content\/uploads\/2022\/11\/06-2048x1365.jpg 2048w, https:\/\/marcali.plebania.hu\/wp-content\/uploads\/2022\/11\/06-405x270.jpg 405w\" sizes=\"auto, (max-width: 1024px) 100vw, 1024px\" \/><\/figure><\/li><li class=\"blocks-gallery-item\"><figure><img loading=\"lazy\" decoding=\"async\" width=\"1024\" height=\"683\" src=\"https:\/\/marcali.plebania.hu\/wp-content\/uploads\/2022\/11\/03-1024x683.jpg\" alt=\"\" data-id=\"4034\" data-full-url=\"https:\/\/marcali.plebania.hu\/wp-content\/uploads\/2022\/11\/03-scaled.jpg\" data-link=\"https:\/\/marcali.plebania.hu\/?attachment_id=4034\" class=\"wp-image-4034\" srcset=\"https:\/\/marcali.plebania.hu\/wp-content\/uploads\/2022\/11\/03-1024x683.jpg 1024w, https:\/\/marcali.plebania.hu\/wp-content\/uploads\/2022\/11\/03-300x200.jpg 300w, https:\/\/marcali.plebania.hu\/wp-content\/uploads\/2022\/11\/03-768x512.jpg 768w, https:\/\/marcali.plebania.hu\/wp-content\/uploads\/2022\/11\/03-1536x1024.jpg 1536w, https:\/\/marcali.plebania.hu\/wp-content\/uploads\/2022\/11\/03-2048x1365.jpg 2048w, https:\/\/marcali.plebania.hu\/wp-content\/uploads\/2022\/11\/03-405x270.jpg 405w\" sizes=\"auto, (max-width: 1024px) 100vw, 1024px\" \/><\/figure><\/li><\/ul><\/figure>\n\n\n\n<p>Kiss\nIv\u00e1n c. pr\u00e9post, pl\u00e9b\u00e1nos a ministr\u00e1ns gyermekek k\u00eds\u00e9ret\u00e9ben koron\u00e1val \u00e9s\nr\u00f3zs\u00e1kkal vonult be k\u00f6rmenetileg a templomba: Krisztus, a mindens\u00e9g kir\u00e1ly\u00e1ra,\nilletve a szeg\u00e9nyek v\u00e9d\u0151szentj\u00e9re eml\u00e9kezve.<\/p>\n\n\n\n<p>Az \u00fcnnepi istentiszteleten Krisztus Kir\u00e1lyr\u00f3l besz\u00e9lt \u00e9s Szent Erzs\u00e9bet p\u00e9ld\u00e1j\u00e1t id\u00e9zte fel szentbesz\u00e9d\u00e9ben a lelkip\u00e1sztor. Kiemelte a magyar kir\u00e1lyl\u00e1ny \u00f6nfel\u00e1ldoz\u00f3 \u00e9let\u00e9t, melyet a szeg\u00e9nyek, \u00e9s a r\u00e1szorul\u00f3k seg\u00edt\u00e9s\u00e9nek szentelte. Valamint felh\u00edv\u00e1st int\u00e9zett a marcali h\u00edvekhez, hogy k\u00f6vess\u00e9k p\u00e9ld\u00e1j\u00e1t a szeg\u00e9nyek megseg\u00edt\u00e9s\u00e9ben, hiszen ebben a z\u0171rzavaros vil\u00e1gban ma is vannak k\u00f6z\u00f6tt\u00fcnk r\u00e1szorul\u00f3k.<\/p>\n\n\n\n<figure class=\"wp-block-gallery columns-3 is-cropped wp-block-gallery-2 is-layout-flex wp-block-gallery-is-layout-flex\"><ul class=\"blocks-gallery-grid\"><li class=\"blocks-gallery-item\"><figure><img loading=\"lazy\" decoding=\"async\" width=\"1024\" height=\"683\" src=\"https:\/\/marcali.plebania.hu\/wp-content\/uploads\/2022\/11\/07-1024x683.jpg\" alt=\"\" data-id=\"4035\" data-full-url=\"https:\/\/marcali.plebania.hu\/wp-content\/uploads\/2022\/11\/07-scaled.jpg\" data-link=\"https:\/\/marcali.plebania.hu\/?attachment_id=4035\" class=\"wp-image-4035\" srcset=\"https:\/\/marcali.plebania.hu\/wp-content\/uploads\/2022\/11\/07-1024x683.jpg 1024w, https:\/\/marcali.plebania.hu\/wp-content\/uploads\/2022\/11\/07-300x200.jpg 300w, https:\/\/marcali.plebania.hu\/wp-content\/uploads\/2022\/11\/07-768x512.jpg 768w, https:\/\/marcali.plebania.hu\/wp-content\/uploads\/2022\/11\/07-1536x1024.jpg 1536w, https:\/\/marcali.plebania.hu\/wp-content\/uploads\/2022\/11\/07-2048x1365.jpg 2048w, https:\/\/marcali.plebania.hu\/wp-content\/uploads\/2022\/11\/07-405x270.jpg 405w\" sizes=\"auto, (max-width: 1024px) 100vw, 1024px\" \/><\/figure><\/li><li class=\"blocks-gallery-item\"><figure><img loading=\"lazy\" decoding=\"async\" width=\"1024\" height=\"683\" src=\"https:\/\/marcali.plebania.hu\/wp-content\/uploads\/2022\/11\/08-1024x683.jpg\" alt=\"\" data-id=\"4036\" data-full-url=\"https:\/\/marcali.plebania.hu\/wp-content\/uploads\/2022\/11\/08-scaled.jpg\" data-link=\"https:\/\/marcali.plebania.hu\/?attachment_id=4036\" class=\"wp-image-4036\" srcset=\"https:\/\/marcali.plebania.hu\/wp-content\/uploads\/2022\/11\/08-1024x683.jpg 1024w, https:\/\/marcali.plebania.hu\/wp-content\/uploads\/2022\/11\/08-300x200.jpg 300w, https:\/\/marcali.plebania.hu\/wp-content\/uploads\/2022\/11\/08-768x512.jpg 768w, https:\/\/marcali.plebania.hu\/wp-content\/uploads\/2022\/11\/08-1536x1024.jpg 1536w, https:\/\/marcali.plebania.hu\/wp-content\/uploads\/2022\/11\/08-2048x1365.jpg 2048w, https:\/\/marcali.plebania.hu\/wp-content\/uploads\/2022\/11\/08-405x270.jpg 405w\" sizes=\"auto, (max-width: 1024px) 100vw, 1024px\" \/><\/figure><\/li><li class=\"blocks-gallery-item\"><figure><img loading=\"lazy\" decoding=\"async\" width=\"1024\" height=\"683\" src=\"https:\/\/marcali.plebania.hu\/wp-content\/uploads\/2022\/11\/09-1024x683.jpg\" alt=\"\" data-id=\"4037\" data-full-url=\"https:\/\/marcali.plebania.hu\/wp-content\/uploads\/2022\/11\/09-scaled.jpg\" data-link=\"https:\/\/marcali.plebania.hu\/?attachment_id=4037\" class=\"wp-image-4037\" srcset=\"https:\/\/marcali.plebania.hu\/wp-content\/uploads\/2022\/11\/09-1024x683.jpg 1024w, https:\/\/marcali.plebania.hu\/wp-content\/uploads\/2022\/11\/09-300x200.jpg 300w, https:\/\/marcali.plebania.hu\/wp-content\/uploads\/2022\/11\/09-768x512.jpg 768w, https:\/\/marcali.plebania.hu\/wp-content\/uploads\/2022\/11\/09-1536x1024.jpg 1536w, https:\/\/marcali.plebania.hu\/wp-content\/uploads\/2022\/11\/09-2048x1365.jpg 2048w, https:\/\/marcali.plebania.hu\/wp-content\/uploads\/2022\/11\/09-405x270.jpg 405w\" sizes=\"auto, (max-width: 1024px) 100vw, 1024px\" \/><\/figure><\/li><li class=\"blocks-gallery-item\"><figure><img loading=\"lazy\" decoding=\"async\" width=\"1024\" height=\"683\" src=\"https:\/\/marcali.plebania.hu\/wp-content\/uploads\/2022\/11\/10-1024x683.jpg\" alt=\"\" data-id=\"4038\" data-full-url=\"https:\/\/marcali.plebania.hu\/wp-content\/uploads\/2022\/11\/10-scaled.jpg\" data-link=\"https:\/\/marcali.plebania.hu\/?attachment_id=4038\" class=\"wp-image-4038\" srcset=\"https:\/\/marcali.plebania.hu\/wp-content\/uploads\/2022\/11\/10-1024x683.jpg 1024w, https:\/\/marcali.plebania.hu\/wp-content\/uploads\/2022\/11\/10-300x200.jpg 300w, https:\/\/marcali.plebania.hu\/wp-content\/uploads\/2022\/11\/10-768x512.jpg 768w, https:\/\/marcali.plebania.hu\/wp-content\/uploads\/2022\/11\/10-1536x1024.jpg 1536w, https:\/\/marcali.plebania.hu\/wp-content\/uploads\/2022\/11\/10-2048x1365.jpg 2048w, https:\/\/marcali.plebania.hu\/wp-content\/uploads\/2022\/11\/10-405x270.jpg 405w\" sizes=\"auto, (max-width: 1024px) 100vw, 1024px\" \/><\/figure><\/li><\/ul><\/figure>\n\n\n\n<p>\u00c9ppen\nez\u00e9rt, ezen a napon az orsz\u00e1g valamennyi katolikus templom\u00e1ban \u2013 a kor\u00e1bbi \u00e9vekhez\nhasonl\u00f3an \u2013 a r\u00e1szorul\u00f3k jav\u00e1ra gy\u0171jtik az adom\u00e1nyokat a Karit\u00e1sz aktivist\u00e1k, amelyekb\u0151l\na kar\u00e1csonyi \u00fcnnepekre k\u00e9sz\u00edtenek majd aj\u00e1nd\u00e9kcsomagokat a szeg\u00e9nyeknek.<\/p>\n\n\n\n<p>A\nszentmis\u00e9n k\u00f6zrem\u0171k\u00f6d\u00f6tt a F\u00e9ny Gyermekei Katolikus Zenekar \u00e9s orgon\u00e1val Balogh\nB\u00e1lint k\u00e1ntor. S\u00edk S\u00e1ndor: J\u00e9zus Krisztus c\u00edm\u0171 verse pedig T\u00f3th Eszter \u00c1gnes\ngimnazista tolm\u00e1csol\u00e1s\u00e1ban hangzott el. <\/p>\n\n\n\n<p>A szentmise v\u00e9g\u00e9n Kir\u00e1ly Jen\u0151 templomaty\u00e1t n\u00e9vnapja alkalm\u00e1b\u00f3l is k\u00f6sz\u00f6nt\u00f6tt\u00e9k \u00e9s \u00e1roni \u00e1ld\u00e1ssal \u00e9s egy sz\u00e1l r\u00f3zs\u00e1val k\u00f6sz\u00f6nt\u00e9k meg \u00e1ldozatos munk\u00e1j\u00e1t, melyet a Marcali R\u00f3mai Katolikus Egyh\u00e1zk\u00f6zs\u00e9g \u00e9rdek\u00e9ben eg\u00e9sz \u00e9vben f\u00e1radhatatlanul v\u00e9gez.<\/p>\n\n\n\n<figure class=\"wp-block-gallery columns-3 is-cropped wp-block-gallery-3 is-layout-flex wp-block-gallery-is-layout-flex\"><ul class=\"blocks-gallery-grid\"><li class=\"blocks-gallery-item\"><figure><img loading=\"lazy\" decoding=\"async\" width=\"1024\" height=\"683\" src=\"https:\/\/marcali.plebania.hu\/wp-content\/uploads\/2022\/11\/13-1024x683.jpg\" alt=\"\" data-id=\"4039\" data-link=\"https:\/\/marcali.plebania.hu\/?attachment_id=4039\" class=\"wp-image-4039\" srcset=\"https:\/\/marcali.plebania.hu\/wp-content\/uploads\/2022\/11\/13-1024x683.jpg 1024w, https:\/\/marcali.plebania.hu\/wp-content\/uploads\/2022\/11\/13-300x200.jpg 300w, https:\/\/marcali.plebania.hu\/wp-content\/uploads\/2022\/11\/13-768x512.jpg 768w, https:\/\/marcali.plebania.hu\/wp-content\/uploads\/2022\/11\/13-1536x1024.jpg 1536w, https:\/\/marcali.plebania.hu\/wp-content\/uploads\/2022\/11\/13-2048x1365.jpg 2048w, https:\/\/marcali.plebania.hu\/wp-content\/uploads\/2022\/11\/13-405x270.jpg 405w\" sizes=\"auto, (max-width: 1024px) 100vw, 1024px\" \/><\/figure><\/li><li class=\"blocks-gallery-item\"><figure><img loading=\"lazy\" decoding=\"async\" width=\"1024\" height=\"683\" src=\"https:\/\/marcali.plebania.hu\/wp-content\/uploads\/2022\/11\/16-1024x683.jpg\" alt=\"\" data-id=\"4040\" data-full-url=\"https:\/\/marcali.plebania.hu\/wp-content\/uploads\/2022\/11\/16-scaled.jpg\" data-link=\"https:\/\/marcali.plebania.hu\/?attachment_id=4040\" class=\"wp-image-4040\" srcset=\"https:\/\/marcali.plebania.hu\/wp-content\/uploads\/2022\/11\/16-1024x683.jpg 1024w, https:\/\/marcali.plebania.hu\/wp-content\/uploads\/2022\/11\/16-300x200.jpg 300w, https:\/\/marcali.plebania.hu\/wp-content\/uploads\/2022\/11\/16-768x512.jpg 768w, https:\/\/marcali.plebania.hu\/wp-content\/uploads\/2022\/11\/16-1536x1024.jpg 1536w, https:\/\/marcali.plebania.hu\/wp-content\/uploads\/2022\/11\/16-2048x1365.jpg 2048w, https:\/\/marcali.plebania.hu\/wp-content\/uploads\/2022\/11\/16-405x270.jpg 405w\" sizes=\"auto, (max-width: 1024px) 100vw, 1024px\" \/><\/figure><\/li><li class=\"blocks-gallery-item\"><figure><img loading=\"lazy\" decoding=\"async\" width=\"1024\" height=\"683\" src=\"https:\/\/marcali.plebania.hu\/wp-content\/uploads\/2022\/11\/17-1024x683.jpg\" alt=\"\" data-id=\"4041\" data-full-url=\"https:\/\/marcali.plebania.hu\/wp-content\/uploads\/2022\/11\/17-scaled.jpg\" data-link=\"https:\/\/marcali.plebania.hu\/?attachment_id=4041\" class=\"wp-image-4041\" srcset=\"https:\/\/marcali.plebania.hu\/wp-content\/uploads\/2022\/11\/17-1024x683.jpg 1024w, https:\/\/marcali.plebania.hu\/wp-content\/uploads\/2022\/11\/17-300x200.jpg 300w, https:\/\/marcali.plebania.hu\/wp-content\/uploads\/2022\/11\/17-768x512.jpg 768w, https:\/\/marcali.plebania.hu\/wp-content\/uploads\/2022\/11\/17-1536x1024.jpg 1536w, https:\/\/marcali.plebania.hu\/wp-content\/uploads\/2022\/11\/17-2048x1365.jpg 2048w, https:\/\/marcali.plebania.hu\/wp-content\/uploads\/2022\/11\/17-405x270.jpg 405w\" sizes=\"auto, (max-width: 1024px) 100vw, 1024px\" \/><\/figure><\/li><li class=\"blocks-gallery-item\"><figure><img loading=\"lazy\" decoding=\"async\" width=\"1024\" height=\"683\" src=\"https:\/\/marcali.plebania.hu\/wp-content\/uploads\/2022\/11\/18-1024x683.jpg\" alt=\"\" data-id=\"4042\" data-full-url=\"https:\/\/marcali.plebania.hu\/wp-content\/uploads\/2022\/11\/18-scaled.jpg\" data-link=\"https:\/\/marcali.plebania.hu\/?attachment_id=4042\" class=\"wp-image-4042\" srcset=\"https:\/\/marcali.plebania.hu\/wp-content\/uploads\/2022\/11\/18-1024x683.jpg 1024w, https:\/\/marcali.plebania.hu\/wp-content\/uploads\/2022\/11\/18-300x200.jpg 300w, https:\/\/marcali.plebania.hu\/wp-content\/uploads\/2022\/11\/18-768x512.jpg 768w, https:\/\/marcali.plebania.hu\/wp-content\/uploads\/2022\/11\/18-1536x1024.jpg 1536w, https:\/\/marcali.plebania.hu\/wp-content\/uploads\/2022\/11\/18-2048x1365.jpg 2048w, https:\/\/marcali.plebania.hu\/wp-content\/uploads\/2022\/11\/18-405x270.jpg 405w\" sizes=\"auto, (max-width: 1024px) 100vw, 1024px\" \/><\/figure><\/li><\/ul><\/figure>\n\n\n\n<p>V\u00e9g\u00fcl Iv\u00e1n atya kihirdette m\u00e9g, hogy j\u00f6v\u0151 szombaton d\u00e9lel\u0151tt, 9 \u00f3rakor kezdik meg a szabadt\u00e9ri \u00e1dventi koszor\u00fa elk\u00e9sz\u00edt\u00e9s\u00e9t a pl\u00e9b\u00e1niatemplom el\u0151tt, melyhez seg\u00edts\u00e9get k\u00e9rt a f\u00e9rfi h\u00edvekt\u0151l. Csak\u00fagy a feny\u0151fa felaj\u00e1nl\u00e1sokat is sz\u00edvesen fogadj\u00e1k a k\u00fclt\u00e9ri \u00e1dventi koszor\u00fa, a betlehem, valamint a templomok d\u00edsz\u00edt\u00e9s\u00e9hez. Az \u00e1dventi gyertyagy\u00fajt\u00e1sokat pedig \u2013 az eddigi hagyom\u00e1nyok folyom\u00e1nyak\u00e9nt \u2013 szombat est\u00e9nk\u00e9nt 17 \u00f3rakor az \u00f3vod\u00e1sok \u00e9s iskol\u00e1sok k\u00f6zrem\u0171k\u00f6d\u00e9s\u00e9vel \u00e9s m\u0171sor\u00e1val tartj\u00e1k meg, majd szentmis\u00e9kkel z\u00e1rj\u00e1k az \u00fcnnepi alkalmakat. Az els\u0151 gyerty\u00e1t dr. S\u00fct\u0151 L\u00e1szl\u00f3 Marcali v\u00e1ros polg\u00e1rmestere fogja meggy\u00fajtani.<\/p>\n\n\n\n<figure class=\"wp-block-gallery columns-3 is-cropped wp-block-gallery-4 is-layout-flex wp-block-gallery-is-layout-flex\"><ul class=\"blocks-gallery-grid\"><li class=\"blocks-gallery-item\"><figure><img loading=\"lazy\" decoding=\"async\" width=\"1024\" height=\"683\" src=\"https:\/\/marcali.plebania.hu\/wp-content\/uploads\/2022\/11\/19-1024x683.jpg\" alt=\"\" data-id=\"4043\" data-link=\"https:\/\/marcali.plebania.hu\/?attachment_id=4043\" class=\"wp-image-4043\" srcset=\"https:\/\/marcali.plebania.hu\/wp-content\/uploads\/2022\/11\/19-1024x683.jpg 1024w, https:\/\/marcali.plebania.hu\/wp-content\/uploads\/2022\/11\/19-300x200.jpg 300w, https:\/\/marcali.plebania.hu\/wp-content\/uploads\/2022\/11\/19-768x512.jpg 768w, https:\/\/marcali.plebania.hu\/wp-content\/uploads\/2022\/11\/19-1536x1024.jpg 1536w, https:\/\/marcali.plebania.hu\/wp-content\/uploads\/2022\/11\/19-2048x1365.jpg 2048w, https:\/\/marcali.plebania.hu\/wp-content\/uploads\/2022\/11\/19-405x270.jpg 405w\" sizes=\"auto, (max-width: 1024px) 100vw, 1024px\" \/><\/figure><\/li><li class=\"blocks-gallery-item\"><figure><img loading=\"lazy\" decoding=\"async\" width=\"1024\" height=\"683\" src=\"https:\/\/marcali.plebania.hu\/wp-content\/uploads\/2022\/11\/20-1024x683.jpg\" alt=\"\" data-id=\"4044\" data-link=\"https:\/\/marcali.plebania.hu\/?attachment_id=4044\" class=\"wp-image-4044\" srcset=\"https:\/\/marcali.plebania.hu\/wp-content\/uploads\/2022\/11\/20-1024x683.jpg 1024w, https:\/\/marcali.plebania.hu\/wp-content\/uploads\/2022\/11\/20-300x200.jpg 300w, https:\/\/marcali.plebania.hu\/wp-content\/uploads\/2022\/11\/20-768x512.jpg 768w, https:\/\/marcali.plebania.hu\/wp-content\/uploads\/2022\/11\/20-1536x1024.jpg 1536w, https:\/\/marcali.plebania.hu\/wp-content\/uploads\/2022\/11\/20-2048x1365.jpg 2048w, https:\/\/marcali.plebania.hu\/wp-content\/uploads\/2022\/11\/20-405x270.jpg 405w\" sizes=\"auto, (max-width: 1024px) 100vw, 1024px\" \/><\/figure><\/li><li class=\"blocks-gallery-item\"><figure><img loading=\"lazy\" decoding=\"async\" width=\"1024\" height=\"683\" src=\"https:\/\/marcali.plebania.hu\/wp-content\/uploads\/2022\/11\/22-1024x683.jpg\" alt=\"\" data-id=\"4045\" data-full-url=\"https:\/\/marcali.plebania.hu\/wp-content\/uploads\/2022\/11\/22-scaled.jpg\" data-link=\"https:\/\/marcali.plebania.hu\/?attachment_id=4045\" class=\"wp-image-4045\" srcset=\"https:\/\/marcali.plebania.hu\/wp-content\/uploads\/2022\/11\/22-1024x683.jpg 1024w, https:\/\/marcali.plebania.hu\/wp-content\/uploads\/2022\/11\/22-300x200.jpg 300w, https:\/\/marcali.plebania.hu\/wp-content\/uploads\/2022\/11\/22-768x512.jpg 768w, https:\/\/marcali.plebania.hu\/wp-content\/uploads\/2022\/11\/22-1536x1024.jpg 1536w, https:\/\/marcali.plebania.hu\/wp-content\/uploads\/2022\/11\/22-2048x1365.jpg 2048w, https:\/\/marcali.plebania.hu\/wp-content\/uploads\/2022\/11\/22-405x270.jpg 405w\" sizes=\"auto, (max-width: 1024px) 100vw, 1024px\" \/><\/figure><\/li><li class=\"blocks-gallery-item\"><figure><img loading=\"lazy\" decoding=\"async\" width=\"1024\" height=\"683\" src=\"https:\/\/marcali.plebania.hu\/wp-content\/uploads\/2022\/11\/23-1024x683.jpg\" alt=\"\" data-id=\"4046\" data-full-url=\"https:\/\/marcali.plebania.hu\/wp-content\/uploads\/2022\/11\/23-scaled.jpg\" data-link=\"https:\/\/marcali.plebania.hu\/?attachment_id=4046\" class=\"wp-image-4046\" srcset=\"https:\/\/marcali.plebania.hu\/wp-content\/uploads\/2022\/11\/23-1024x683.jpg 1024w, https:\/\/marcali.plebania.hu\/wp-content\/uploads\/2022\/11\/23-300x200.jpg 300w, https:\/\/marcali.plebania.hu\/wp-content\/uploads\/2022\/11\/23-768x512.jpg 768w, https:\/\/marcali.plebania.hu\/wp-content\/uploads\/2022\/11\/23-1536x1024.jpg 1536w, https:\/\/marcali.plebania.hu\/wp-content\/uploads\/2022\/11\/23-2048x1365.jpg 2048w, https:\/\/marcali.plebania.hu\/wp-content\/uploads\/2022\/11\/23-405x270.jpg 405w\" sizes=\"auto, (max-width: 1024px) 100vw, 1024px\" \/><\/figure><\/li><\/ul><\/figure>\n\n\n\n<p>Ezekre\na gyertyagy\u00fajt\u00e1sokra mindenkit szeretettel h\u00edvnak \u00e9s v\u00e1rnak a szervez\u0151k!<\/p>\n\n\n\n<p><\/p>\n","protected":false},"excerpt":{"rendered":"<p>2022. november 20-\u00e1n, vas\u00e1rnap a 9 \u00f3r\u00e1s szentmis\u00e9n Krisztus Kir\u00e1ly \u00fcnnep\u00e9n Szent Erzs\u00e9betr\u0151l is megeml\u00e9keztek a Marcali Gy\u00fcm\u00f6lcsolt\u00f3 Boldogasszony pl\u00e9b\u00e1niatemplomban. Krisztus Kir\u00e1ly \u00fcnnepe egyben az egyh\u00e1zi \u00e9v utols\u00f3 vas\u00e1rnapja. A k\u00f6vetkez\u0151 vas\u00e1rnapt\u00f3l m\u00e1r megkezd\u0151dik az \u00e1dvent, a kar\u00e1csonyra val\u00f3 el\u0151k\u00e9sz\u00fclet id\u0151szaka. Kiss Iv\u00e1n c. pr\u00e9post, pl\u00e9b\u00e1nos a ministr\u00e1ns gyermekek k\u00eds\u00e9ret\u00e9ben koron\u00e1val \u00e9s r\u00f3zs\u00e1kkal vonult be k\u00f6rmenetileg a templomba: Krisztus, a mindens\u00e9g kir\u00e1ly\u00e1ra, illetve a szeg\u00e9nyek v\u00e9d\u0151szentj\u00e9re eml\u00e9kezve. Az \u00fcnnepi istentiszteleten Krisztus Kir\u00e1lyr\u00f3l besz\u00e9lt \u00e9s Szent Erzs\u00e9bet p\u00e9ld\u00e1j\u00e1t id\u00e9zte fel szentbesz\u00e9d\u00e9ben&#8230;<\/p>\n<p class=\"read-more\"><a class=\"btn btn-default\" href=\"https:\/\/marcali.plebania.hu\/?p=4030\"> Read More<span class=\"screen-reader-text\">  Read More<\/span><\/a><\/p>\n","protected":false},"author":2,"featured_media":0,"comment_status":"closed","ping_status":"open","sticky":false,"template":"","format":"standard","meta":{"footnotes":""},"categories":[1],"tags":[],"class_list":["post-4030","post","type-post","status-publish","format-standard","hentry","category-egyeb"],"_links":{"self":[{"href":"https:\/\/marcali.plebania.hu\/index.php?rest_route=\/wp\/v2\/posts\/4030","targetHints":{"allow":["GET"]}}],"collection":[{"href":"https:\/\/marcali.plebania.hu\/index.php?rest_route=\/wp\/v2\/posts"}],"about":[{"href":"https:\/\/marcali.plebania.hu\/index.php?rest_route=\/wp\/v2\/types\/post"}],"author":[{"embeddable":true,"href":"https:\/\/marcali.plebania.hu\/index.php?rest_route=\/wp\/v2\/users\/2"}],"replies":[{"embeddable":true,"href":"https:\/\/marcali.plebania.hu\/index.php?rest_route=%2Fwp%2Fv2%2Fcomments&post=4030"}],"version-history":[{"count":1,"href":"https:\/\/marcali.plebania.hu\/index.php?rest_route=\/wp\/v2\/posts\/4030\/revisions"}],"predecessor-version":[{"id":4047,"href":"https:\/\/marcali.plebania.hu\/index.php?rest_route=\/wp\/v2\/posts\/4030\/revisions\/4047"}],"wp:attachment":[{"href":"https:\/\/marcali.plebania.hu\/index.php?rest_route=%2Fwp%2Fv2%2Fmedia&parent=4030"}],"wp:term":[{"taxonomy":"category","embeddable":true,"href":"https:\/\/marcali.plebania.hu\/index.php?rest_route=%2Fwp%2Fv2%2Fcategories&post=4030"},{"taxonomy":"post_tag","embeddable":true,"href":"https:\/\/marcali.plebania.hu\/index.php?rest_route=%2Fwp%2Fv2%2Ftags&post=4030"}],"curies":[{"name":"wp","href":"https:\/\/api.w.org\/{rel}","templated":true}]}}