{"id":4048,"date":"2022-11-25T08:58:59","date_gmt":"2022-11-25T08:58:59","guid":{"rendered":"https:\/\/marcali.plebania.hu\/?p=4048"},"modified":"2022-11-25T08:58:59","modified_gmt":"2022-11-25T08:58:59","slug":"hirdetesek-2022-11-27","status":"publish","type":"post","link":"https:\/\/marcali.plebania.hu\/?p=4048","title":{"rendered":"Hirdet\u00e9sek, 2022. 11. 27."},"content":{"rendered":"\n<ol class=\"wp-block-list\"><li>Ma\n\u00e1dvent 1. vas\u00e1rnapja.<\/li><li>H\u00e9tf\u0151n\neste 18 \u00f3rakor p\u00fcsp\u00f6ki szentmise lesz a pl\u00e9b\u00e1niatemplomban (k\u00fcldet\u00e9si mise), a\nSzentl\u00e9lek szemin\u00e1rium lez\u00e1r\u00e1sak\u00e9nt. A szentmis\u00e9re a h\u00edveket is szeretettel\nv\u00e1rjuk.<\/li><li>Keddt\u0151l\naz esti szentmis\u00e9k 17 \u00f3rakor kezd\u0151dnek.<\/li><li>P\u00e9nteken\n16.30-kor szents\u00e9gim\u00e1d\u00e1s, 17\u00f3rakor szentmise.<\/li><li>Szombaton\n17 \u00f3rakor \u00e1dventi gyertyagy\u00fajt\u00e1s a pl\u00e9b\u00e1niatemplom el\u0151tti t\u00e9ren, melyen k\u00f6zrem\u0171k\u00f6dnek,\n\u00e9s a gyerty\u00e1kat meggy\u00fajtj\u00e1k a Miksz\u00e1th K\u00e1lm\u00e1n Utcai \u00c1ltal\u00e1nos Iskola tanul\u00f3i.<\/li><li>Az\n\u00e1dventi Lelki Nap december 17-\u00e9n, szombaton d\u00e9lut\u00e1n lesz, melyen a h\u00edvek\nelv\u00e9gezhetik kar\u00e1csonyi szentgy\u00f3n\u00e1sukat.<\/li><li>Kalend\u00e1rium,\nnapt\u00e1rak, Sz\u00edvem els\u0151 gondolata k\u00f6nyv a sekresty\u00e9ben kaphat\u00f3.<\/li><li>A\nkar\u00e1csonyi vir\u00e1gp\u00e9nzt a sekresty\u00e9snek k\u00e9rj\u00fck leadni.<\/li><\/ol>\n","protected":false},"excerpt":{"rendered":"<p>Ma \u00e1dvent 1. vas\u00e1rnapja. H\u00e9tf\u0151n este 18 \u00f3rakor p\u00fcsp\u00f6ki szentmise lesz a pl\u00e9b\u00e1niatemplomban (k\u00fcldet\u00e9si mise), a Szentl\u00e9lek szemin\u00e1rium lez\u00e1r\u00e1sak\u00e9nt. A szentmis\u00e9re a h\u00edveket is szeretettel v\u00e1rjuk. Keddt\u0151l az esti szentmis\u00e9k 17 \u00f3rakor kezd\u0151dnek. P\u00e9nteken 16.30-kor szents\u00e9gim\u00e1d\u00e1s, 17\u00f3rakor szentmise. Szombaton 17 \u00f3rakor \u00e1dventi gyertyagy\u00fajt\u00e1s a pl\u00e9b\u00e1niatemplom el\u0151tti t\u00e9ren, melyen k\u00f6zrem\u0171k\u00f6dnek, \u00e9s a gyerty\u00e1kat meggy\u00fajtj\u00e1k a Miksz\u00e1th K\u00e1lm\u00e1n Utcai \u00c1ltal\u00e1nos Iskola tanul\u00f3i. Az \u00e1dventi Lelki Nap december 17-\u00e9n, szombaton d\u00e9lut\u00e1n lesz, melyen a h\u00edvek elv\u00e9gezhetik kar\u00e1csonyi szentgy\u00f3n\u00e1sukat. Kalend\u00e1rium, napt\u00e1rak, Sz\u00edvem els\u0151 gondolata&#8230;<\/p>\n<p class=\"read-more\"><a class=\"btn btn-default\" href=\"https:\/\/marcali.plebania.hu\/?p=4048\"> Read More<span class=\"screen-reader-text\">  Read More<\/span><\/a><\/p>\n","protected":false},"author":2,"featured_media":0,"comment_status":"closed","ping_status":"open","sticky":false,"template":"","format":"standard","meta":{"footnotes":""},"categories":[1],"tags":[],"class_list":["post-4048","post","type-post","status-publish","format-standard","hentry","category-egyeb"],"_links":{"self":[{"href":"https:\/\/marcali.plebania.hu\/index.php?rest_route=\/wp\/v2\/posts\/4048","targetHints":{"allow":["GET"]}}],"collection":[{"href":"https:\/\/marcali.plebania.hu\/index.php?rest_route=\/wp\/v2\/posts"}],"about":[{"href":"https:\/\/marcali.plebania.hu\/index.php?rest_route=\/wp\/v2\/types\/post"}],"author":[{"embeddable":true,"href":"https:\/\/marcali.plebania.hu\/index.php?rest_route=\/wp\/v2\/users\/2"}],"replies":[{"embeddable":true,"href":"https:\/\/marcali.plebania.hu\/index.php?rest_route=%2Fwp%2Fv2%2Fcomments&post=4048"}],"version-history":[{"count":1,"href":"https:\/\/marcali.plebania.hu\/index.php?rest_route=\/wp\/v2\/posts\/4048\/revisions"}],"predecessor-version":[{"id":4049,"href":"https:\/\/marcali.plebania.hu\/index.php?rest_route=\/wp\/v2\/posts\/4048\/revisions\/4049"}],"wp:attachment":[{"href":"https:\/\/marcali.plebania.hu\/index.php?rest_route=%2Fwp%2Fv2%2Fmedia&parent=4048"}],"wp:term":[{"taxonomy":"category","embeddable":true,"href":"https:\/\/marcali.plebania.hu\/index.php?rest_route=%2Fwp%2Fv2%2Fcategories&post=4048"},{"taxonomy":"post_tag","embeddable":true,"href":"https:\/\/marcali.plebania.hu\/index.php?rest_route=%2Fwp%2Fv2%2Ftags&post=4048"}],"curies":[{"name":"wp","href":"https:\/\/api.w.org\/{rel}","templated":true}]}}