{"id":4050,"date":"2022-11-26T20:08:26","date_gmt":"2022-11-26T20:08:26","guid":{"rendered":"https:\/\/marcali.plebania.hu\/?p=4050"},"modified":"2022-11-26T20:08:26","modified_gmt":"2022-11-26T20:08:26","slug":"elso-teadelutanjat-tartotta-a-somogyvari-esperesi-kerulet-marcaliban","status":"publish","type":"post","link":"https:\/\/marcali.plebania.hu\/?p=4050","title":{"rendered":"Els\u0151 tead\u00e9lut\u00e1nj\u00e1t tartotta a Somogyv\u00e1ri Esperesi Ker\u00fclet Marcaliban"},"content":{"rendered":"\n<p>2022. november 24-\u00e9n, cs\u00fct\u00f6rt\u00f6k\u00f6n 15 \u00f3r\u00e1t\u00f3l Marcaliban, az egyh\u00e1zk\u00f6zs\u00e9g k\u00f6z\u00f6ss\u00e9gi h\u00e1z\u00e1ban (X-h\u00e1z) tartotta els\u0151 ker\u00fcleti tead\u00e9lut\u00e1nj\u00e1t a Somogyv\u00e1ri Esperesi Ker\u00fclet. Erre az alkalomra nemcsak a civil hitoktat\u00f3kat, hanem a pl\u00e9b\u00e1nos aty\u00e1kat is megh\u00edvt\u00e1k, akik \u00f3raad\u00f3k\u00e9nt szint\u00e9n jelen vannak a k\u00f6rny\u00e9k iskol\u00e1iban.<\/p>\n\n\n\n<figure class=\"wp-block-gallery columns-3 is-cropped wp-block-gallery-1 is-layout-flex wp-block-gallery-is-layout-flex\"><ul class=\"blocks-gallery-grid\"><li class=\"blocks-gallery-item\"><figure><img loading=\"lazy\" decoding=\"async\" width=\"1024\" height=\"683\" src=\"https:\/\/marcali.plebania.hu\/wp-content\/uploads\/2022\/11\/01-1-1024x683.jpg\" alt=\"\" data-id=\"4051\" data-full-url=\"https:\/\/marcali.plebania.hu\/wp-content\/uploads\/2022\/11\/01-1-scaled.jpg\" data-link=\"https:\/\/marcali.plebania.hu\/?attachment_id=4051\" class=\"wp-image-4051\" srcset=\"https:\/\/marcali.plebania.hu\/wp-content\/uploads\/2022\/11\/01-1-1024x683.jpg 1024w, https:\/\/marcali.plebania.hu\/wp-content\/uploads\/2022\/11\/01-1-300x200.jpg 300w, https:\/\/marcali.plebania.hu\/wp-content\/uploads\/2022\/11\/01-1-768x512.jpg 768w, https:\/\/marcali.plebania.hu\/wp-content\/uploads\/2022\/11\/01-1-1536x1024.jpg 1536w, https:\/\/marcali.plebania.hu\/wp-content\/uploads\/2022\/11\/01-1-2048x1365.jpg 2048w, https:\/\/marcali.plebania.hu\/wp-content\/uploads\/2022\/11\/01-1-405x270.jpg 405w\" sizes=\"auto, (max-width: 1024px) 100vw, 1024px\" \/><\/figure><\/li><li class=\"blocks-gallery-item\"><figure><img loading=\"lazy\" decoding=\"async\" width=\"1024\" height=\"683\" src=\"https:\/\/marcali.plebania.hu\/wp-content\/uploads\/2022\/11\/02-1-1024x683.jpg\" alt=\"\" data-id=\"4052\" data-full-url=\"https:\/\/marcali.plebania.hu\/wp-content\/uploads\/2022\/11\/02-1-scaled.jpg\" data-link=\"https:\/\/marcali.plebania.hu\/?attachment_id=4052\" class=\"wp-image-4052\" srcset=\"https:\/\/marcali.plebania.hu\/wp-content\/uploads\/2022\/11\/02-1-1024x683.jpg 1024w, https:\/\/marcali.plebania.hu\/wp-content\/uploads\/2022\/11\/02-1-300x200.jpg 300w, https:\/\/marcali.plebania.hu\/wp-content\/uploads\/2022\/11\/02-1-768x512.jpg 768w, https:\/\/marcali.plebania.hu\/wp-content\/uploads\/2022\/11\/02-1-1536x1024.jpg 1536w, https:\/\/marcali.plebania.hu\/wp-content\/uploads\/2022\/11\/02-1-2048x1365.jpg 2048w, https:\/\/marcali.plebania.hu\/wp-content\/uploads\/2022\/11\/02-1-405x270.jpg 405w\" sizes=\"auto, (max-width: 1024px) 100vw, 1024px\" \/><\/figure><\/li><li class=\"blocks-gallery-item\"><figure><img loading=\"lazy\" decoding=\"async\" width=\"1024\" height=\"683\" src=\"https:\/\/marcali.plebania.hu\/wp-content\/uploads\/2022\/11\/03-1-1024x683.jpg\" alt=\"\" data-id=\"4053\" data-full-url=\"https:\/\/marcali.plebania.hu\/wp-content\/uploads\/2022\/11\/03-1-scaled.jpg\" data-link=\"https:\/\/marcali.plebania.hu\/?attachment_id=4053\" class=\"wp-image-4053\" srcset=\"https:\/\/marcali.plebania.hu\/wp-content\/uploads\/2022\/11\/03-1-1024x683.jpg 1024w, https:\/\/marcali.plebania.hu\/wp-content\/uploads\/2022\/11\/03-1-300x200.jpg 300w, https:\/\/marcali.plebania.hu\/wp-content\/uploads\/2022\/11\/03-1-768x512.jpg 768w, https:\/\/marcali.plebania.hu\/wp-content\/uploads\/2022\/11\/03-1-1536x1024.jpg 1536w, https:\/\/marcali.plebania.hu\/wp-content\/uploads\/2022\/11\/03-1-2048x1365.jpg 2048w, https:\/\/marcali.plebania.hu\/wp-content\/uploads\/2022\/11\/03-1-405x270.jpg 405w\" sizes=\"auto, (max-width: 1024px) 100vw, 1024px\" \/><\/figure><\/li><li class=\"blocks-gallery-item\"><figure><img loading=\"lazy\" decoding=\"async\" width=\"1024\" height=\"683\" src=\"https:\/\/marcali.plebania.hu\/wp-content\/uploads\/2022\/11\/04-1024x683.jpg\" alt=\"\" data-id=\"4054\" data-full-url=\"https:\/\/marcali.plebania.hu\/wp-content\/uploads\/2022\/11\/04-scaled.jpg\" data-link=\"https:\/\/marcali.plebania.hu\/?attachment_id=4054\" class=\"wp-image-4054\" srcset=\"https:\/\/marcali.plebania.hu\/wp-content\/uploads\/2022\/11\/04-1024x683.jpg 1024w, https:\/\/marcali.plebania.hu\/wp-content\/uploads\/2022\/11\/04-300x200.jpg 300w, https:\/\/marcali.plebania.hu\/wp-content\/uploads\/2022\/11\/04-768x512.jpg 768w, https:\/\/marcali.plebania.hu\/wp-content\/uploads\/2022\/11\/04-1536x1024.jpg 1536w, https:\/\/marcali.plebania.hu\/wp-content\/uploads\/2022\/11\/04-2048x1365.jpg 2048w, https:\/\/marcali.plebania.hu\/wp-content\/uploads\/2022\/11\/04-405x270.jpg 405w\" sizes=\"auto, (max-width: 1024px) 100vw, 1024px\" \/><\/figure><\/li><\/ul><\/figure>\n\n\n\n<p>Az\nidei tan\u00e9vt\u0151l a Kaposv\u00e1ri Egyh\u00e1zmegy\u00e9ben bevezett\u00e9k ezt a csapater\u0151s\u00edt\u0151 \u00f6sszej\u00f6veteli\nform\u00e1t, k\u00fcl\u00f6n esperesi ker\u00fcletenk\u00e9nt, ahol a hitoktat\u00f3k egy-egy alkalommal \u2013\nk\u00fcl\u00f6nb\u00f6z\u0151 helysz\u00edneken \u2013 \u00f6sszegy\u0171lhetnek, tal\u00e1lkozhatnak egym\u00e1ssal, szakmailag\nis t\u00f6ltekezhetnek, tanulhatnak egym\u00e1st\u00f3l, illetve eszm\u00e9t cser\u00e9lhetnek a\nmunk\u00e1jukr\u00f3l, tapasztalataikr\u00f3l. Term\u00e9szetesen a legf\u0151bb t\u00e9ma az Advent, \u00e9s az\narra val\u00f3 el\u0151k\u00e9sz\u00fclet, r\u00e1hangol\u00f3d\u00e1s volt. Ezen k\u00edv\u00fcl k\u00e9zm\u0171ves \u00f6tleteket is\nv\u00e1rtak a szervez\u0151k a r\u00e9sztvev\u0151kt\u0151l.<\/p>\n\n\n\n<p>A\nmarcali tead\u00e9lut\u00e1non az els\u0151 alkalomra 16 lelkip\u00e1sztor \u00e9s hitoktat\u00f3 j\u00f6tt el. A megjelenteket\na h\u00e1zigazd\u00e1k nev\u00e9ben Kiss Iv\u00e1n c. pr\u00e9post, Marcali pl\u00e9b\u00e1nos \u00e9s Dr. Gyulain\u00e9\nDomj\u00e1n Zsuzsanna helyi hitoktat\u00f3n\u0151 k\u00f6sz\u00f6nt\u00f6tte. Majd Farkasn\u00e9 Magyar Anik\u00f3, Egyh\u00e1zmegyei\nhitoktat\u00e1s szakmai felel\u0151s besz\u00e9lt az \u00f6sszej\u00f6vetel c\u00e9lj\u00e1r\u00f3l.<\/p>\n\n\n\n<p>A\nk\u00f6rny\u00e9k lelkip\u00e1sztorai k\u00f6z\u00fcl N\u00e9meth J\u00f3zsef K\u00e9thelyr\u0151l, Galambos Ferenc\nMesztegny\u0151r\u0151l, Csatl\u00f3s Istv\u00e1n Ink\u00e9r\u0151l k\u00e9pviseltette mag\u00e1t \u00e9s telep\u00fcl\u00e9s\u00e9t, m\u00edg\nN\u00e9meth Endre diak\u00f3nus Cs\u00e1k\u00e1nyb\u00f3l \u00e9rkezet.<\/p>\n\n\n\n<p>A rendezv\u00e9ny egyenk\u00e9nti bemutatkoz\u00e1ssal kezd\u0151d\u00f6tt, ahol a r\u00e9sztvev\u0151k a csal\u00e1di \u00e1llapotukr\u00f3l \u00e9s a hitoktat\u00e1si tapasztalataikr\u00f3l besz\u00e9ltek, valamint elmondt\u00e1k, hogy honnan \u00e9rkeztek, mi\u00f3ta vannak a p\u00e1ly\u00e1n, esetleg mi a civil foglalkoz\u00e1suk a munk\u00e1juk mellett.<\/p>\n\n\n\n<figure class=\"wp-block-gallery columns-3 is-cropped wp-block-gallery-2 is-layout-flex wp-block-gallery-is-layout-flex\"><ul class=\"blocks-gallery-grid\"><li class=\"blocks-gallery-item\"><figure><img loading=\"lazy\" decoding=\"async\" width=\"1024\" height=\"683\" src=\"https:\/\/marcali.plebania.hu\/wp-content\/uploads\/2022\/11\/07-1-1024x683.jpg\" alt=\"\" data-id=\"4055\" data-link=\"https:\/\/marcali.plebania.hu\/?attachment_id=4055\" class=\"wp-image-4055\" srcset=\"https:\/\/marcali.plebania.hu\/wp-content\/uploads\/2022\/11\/07-1-1024x683.jpg 1024w, https:\/\/marcali.plebania.hu\/wp-content\/uploads\/2022\/11\/07-1-300x200.jpg 300w, https:\/\/marcali.plebania.hu\/wp-content\/uploads\/2022\/11\/07-1-768x512.jpg 768w, https:\/\/marcali.plebania.hu\/wp-content\/uploads\/2022\/11\/07-1-1536x1024.jpg 1536w, https:\/\/marcali.plebania.hu\/wp-content\/uploads\/2022\/11\/07-1-2048x1365.jpg 2048w, https:\/\/marcali.plebania.hu\/wp-content\/uploads\/2022\/11\/07-1-405x270.jpg 405w\" sizes=\"auto, (max-width: 1024px) 100vw, 1024px\" \/><\/figure><\/li><li class=\"blocks-gallery-item\"><figure><img loading=\"lazy\" decoding=\"async\" width=\"1024\" height=\"683\" src=\"https:\/\/marcali.plebania.hu\/wp-content\/uploads\/2022\/11\/08-1-1024x683.jpg\" alt=\"\" data-id=\"4056\" data-link=\"https:\/\/marcali.plebania.hu\/?attachment_id=4056\" class=\"wp-image-4056\" srcset=\"https:\/\/marcali.plebania.hu\/wp-content\/uploads\/2022\/11\/08-1-1024x683.jpg 1024w, https:\/\/marcali.plebania.hu\/wp-content\/uploads\/2022\/11\/08-1-300x200.jpg 300w, https:\/\/marcali.plebania.hu\/wp-content\/uploads\/2022\/11\/08-1-768x512.jpg 768w, https:\/\/marcali.plebania.hu\/wp-content\/uploads\/2022\/11\/08-1-1536x1024.jpg 1536w, https:\/\/marcali.plebania.hu\/wp-content\/uploads\/2022\/11\/08-1-2048x1365.jpg 2048w, https:\/\/marcali.plebania.hu\/wp-content\/uploads\/2022\/11\/08-1-405x270.jpg 405w\" sizes=\"auto, (max-width: 1024px) 100vw, 1024px\" \/><\/figure><\/li><li class=\"blocks-gallery-item\"><figure><img loading=\"lazy\" decoding=\"async\" width=\"1024\" height=\"683\" src=\"https:\/\/marcali.plebania.hu\/wp-content\/uploads\/2022\/11\/11-1024x683.jpg\" alt=\"\" data-id=\"4057\" data-link=\"https:\/\/marcali.plebania.hu\/?attachment_id=4057\" class=\"wp-image-4057\" srcset=\"https:\/\/marcali.plebania.hu\/wp-content\/uploads\/2022\/11\/11-1024x683.jpg 1024w, https:\/\/marcali.plebania.hu\/wp-content\/uploads\/2022\/11\/11-300x200.jpg 300w, https:\/\/marcali.plebania.hu\/wp-content\/uploads\/2022\/11\/11-768x512.jpg 768w, https:\/\/marcali.plebania.hu\/wp-content\/uploads\/2022\/11\/11-1536x1024.jpg 1536w, https:\/\/marcali.plebania.hu\/wp-content\/uploads\/2022\/11\/11-2048x1365.jpg 2048w, https:\/\/marcali.plebania.hu\/wp-content\/uploads\/2022\/11\/11-405x270.jpg 405w\" sizes=\"auto, (max-width: 1024px) 100vw, 1024px\" \/><\/figure><\/li><li class=\"blocks-gallery-item\"><figure><img loading=\"lazy\" decoding=\"async\" width=\"1024\" height=\"683\" src=\"https:\/\/marcali.plebania.hu\/wp-content\/uploads\/2022\/11\/10-1-1024x683.jpg\" alt=\"\" data-id=\"4058\" data-full-url=\"https:\/\/marcali.plebania.hu\/wp-content\/uploads\/2022\/11\/10-1-scaled.jpg\" data-link=\"https:\/\/marcali.plebania.hu\/?attachment_id=4058\" class=\"wp-image-4058\" srcset=\"https:\/\/marcali.plebania.hu\/wp-content\/uploads\/2022\/11\/10-1-1024x683.jpg 1024w, https:\/\/marcali.plebania.hu\/wp-content\/uploads\/2022\/11\/10-1-300x200.jpg 300w, https:\/\/marcali.plebania.hu\/wp-content\/uploads\/2022\/11\/10-1-768x512.jpg 768w, https:\/\/marcali.plebania.hu\/wp-content\/uploads\/2022\/11\/10-1-1536x1024.jpg 1536w, https:\/\/marcali.plebania.hu\/wp-content\/uploads\/2022\/11\/10-1-2048x1365.jpg 2048w, https:\/\/marcali.plebania.hu\/wp-content\/uploads\/2022\/11\/10-1-405x270.jpg 405w\" sizes=\"auto, (max-width: 1024px) 100vw, 1024px\" \/><\/figure><\/li><\/ul><\/figure>\n\n\n\n<p>Ezt\nk\u00f6vet\u0151en j\u00f3 hangulat\u00fa, k\u00f6tetlen besz\u00e9lget\u00e9ssel folytat\u00f3dott a program a hitoktat\u00e1s\nhelyzet\u00e9vel kapcsolatban. A Marcali hitoktat\u00f3k s\u00fctem\u00e9nyekkel, friss\u00edt\u0151kkel \u00e9s\nk\u00e1v\u00e9val vend\u00e9gelt\u00e9k meg koll\u00e9g\u00e1ikat a Somogyv\u00e1ri Esperesi Ker\u00fclet els\u0151\ntead\u00e9lut\u00e1nj\u00e1n, melynek j\u00f6v\u0151re lesz folytat\u00e1sa.<\/p>\n","protected":false},"excerpt":{"rendered":"<p>2022. november 24-\u00e9n, cs\u00fct\u00f6rt\u00f6k\u00f6n 15 \u00f3r\u00e1t\u00f3l Marcaliban, az egyh\u00e1zk\u00f6zs\u00e9g k\u00f6z\u00f6ss\u00e9gi h\u00e1z\u00e1ban (X-h\u00e1z) tartotta els\u0151 ker\u00fcleti tead\u00e9lut\u00e1nj\u00e1t a Somogyv\u00e1ri Esperesi Ker\u00fclet. Erre az alkalomra nemcsak a civil hitoktat\u00f3kat, hanem a pl\u00e9b\u00e1nos aty\u00e1kat is megh\u00edvt\u00e1k, akik \u00f3raad\u00f3k\u00e9nt szint\u00e9n jelen vannak a k\u00f6rny\u00e9k iskol\u00e1iban. Az idei tan\u00e9vt\u0151l a Kaposv\u00e1ri Egyh\u00e1zmegy\u00e9ben bevezett\u00e9k ezt a csapater\u0151s\u00edt\u0151 \u00f6sszej\u00f6veteli form\u00e1t, k\u00fcl\u00f6n esperesi ker\u00fcletenk\u00e9nt, ahol a hitoktat\u00f3k egy-egy alkalommal \u2013 k\u00fcl\u00f6nb\u00f6z\u0151 helysz\u00edneken \u2013 \u00f6sszegy\u0171lhetnek, tal\u00e1lkozhatnak egym\u00e1ssal, szakmailag is t\u00f6ltekezhetnek, tanulhatnak egym\u00e1st\u00f3l, illetve eszm\u00e9t cser\u00e9lhetnek a munk\u00e1jukr\u00f3l, tapasztalataikr\u00f3l. Term\u00e9szetesen&#8230;<\/p>\n<p class=\"read-more\"><a class=\"btn btn-default\" href=\"https:\/\/marcali.plebania.hu\/?p=4050\"> Read More<span class=\"screen-reader-text\">  Read More<\/span><\/a><\/p>\n","protected":false},"author":2,"featured_media":0,"comment_status":"closed","ping_status":"open","sticky":false,"template":"","format":"standard","meta":{"footnotes":""},"categories":[1],"tags":[],"class_list":["post-4050","post","type-post","status-publish","format-standard","hentry","category-egyeb"],"_links":{"self":[{"href":"https:\/\/marcali.plebania.hu\/index.php?rest_route=\/wp\/v2\/posts\/4050","targetHints":{"allow":["GET"]}}],"collection":[{"href":"https:\/\/marcali.plebania.hu\/index.php?rest_route=\/wp\/v2\/posts"}],"about":[{"href":"https:\/\/marcali.plebania.hu\/index.php?rest_route=\/wp\/v2\/types\/post"}],"author":[{"embeddable":true,"href":"https:\/\/marcali.plebania.hu\/index.php?rest_route=\/wp\/v2\/users\/2"}],"replies":[{"embeddable":true,"href":"https:\/\/marcali.plebania.hu\/index.php?rest_route=%2Fwp%2Fv2%2Fcomments&post=4050"}],"version-history":[{"count":1,"href":"https:\/\/marcali.plebania.hu\/index.php?rest_route=\/wp\/v2\/posts\/4050\/revisions"}],"predecessor-version":[{"id":4059,"href":"https:\/\/marcali.plebania.hu\/index.php?rest_route=\/wp\/v2\/posts\/4050\/revisions\/4059"}],"wp:attachment":[{"href":"https:\/\/marcali.plebania.hu\/index.php?rest_route=%2Fwp%2Fv2%2Fmedia&parent=4050"}],"wp:term":[{"taxonomy":"category","embeddable":true,"href":"https:\/\/marcali.plebania.hu\/index.php?rest_route=%2Fwp%2Fv2%2Fcategories&post=4050"},{"taxonomy":"post_tag","embeddable":true,"href":"https:\/\/marcali.plebania.hu\/index.php?rest_route=%2Fwp%2Fv2%2Ftags&post=4050"}],"curies":[{"name":"wp","href":"https:\/\/api.w.org\/{rel}","templated":true}]}}