{"id":406,"date":"2018-11-04T10:01:23","date_gmt":"2018-11-04T10:01:23","guid":{"rendered":"https:\/\/marcali.plebania.hu\/?p=406"},"modified":"2018-11-04T10:01:23","modified_gmt":"2018-11-04T10:01:23","slug":"hirdetesek-2018-11-04","status":"publish","type":"post","link":"https:\/\/marcali.plebania.hu\/?p=406","title":{"rendered":"Hirdet\u00e9sek 2018. 11. 04."},"content":{"rendered":"<ol>\n<li>Ma van az \u00e9vk\u00f6zi 31. vas\u00e1rnap.<\/li>\n<li>Szeretn\u00e9m megk\u00f6sz\u00f6nni a h\u00edveknek, hogy k\u00e9t hete olyan sz\u00e9p sz\u00e1mban elj\u00f6ttek a somogyv\u00e1ri esperesi Ker\u00fclet szentmis\u00e9j\u00e9re.<\/li>\n<li>K\u00f6sz\u00f6net az elm\u00falt vas\u00e1rnap a h\u00e1laad\u00f3 szermis\u00e9j\u00e9\u00e9rt. Az eg\u00e9sz Egyh\u00e1zk\u00f6zs\u00e9g elismer\u00e9s\u00e9t jelenti, hogy a v\u00e1rosban m\u0171k\u00f6d\u0151 \u00e9s megh\u00edvott int\u00e9zm\u00e9nyvezet\u0151k szinte kiv\u00e9tel n\u00e9lk\u00fcl elj\u00f6ttek, hogy egy\u00fctt \u00fcnnepeljenek vel\u00fcnk. Id\u00e9zet egy v\u00e1rosban \u00e9l\u0151 nem h\u00edv\u0151 e-mailben elk\u00fcld\u00f6tt level\u00e9b\u0151l: \u201eSokat tett a v\u00e1ros\u00e9rt, h\u00edvei\u00e9rt! Mint marcali polg\u00e1r k\u00f6sz\u00f6n\u00f6m \u00d6nnek! \u00c9n nem vagyok h\u00edv\u00f3 ember, de hiszem, hogy nem a vil\u00e1gn\u00e9zet az, ami alapj\u00e1n &#8222;szelekt\u00e1lni&#8221; hanem a k\u00f6zj\u00f3! Az \u00d6n egyh\u00e1za, a marcali Katolikus Egyh\u00e1zk\u00f6zs\u00e9g szeretett v\u00e1rosunk \u00e9rdek\u00e9ben cselekszik, \u00e9s csak ez sz\u00e1m\u00edt! K\u00f6sz\u00f6n\u00f6m a szolg\u00e1lat\u00e1t! M\u00e9g sok dolgos \u00e9vet k\u00edv\u00e1nok \u00d6nnek!<\/li>\n<li>A j\u00f6v\u0151 h\u00e9ten keddt\u0151l est\u00e9nk\u00e9nt 17 \u00f3rakor szentmise.<\/li>\n<li>J\u00f6v\u0151 vas\u00e1rnap, november 11-\u00e9n lesz az els\u0151 vil\u00e1gh\u00e1bor\u00fa lez\u00e1r\u00e1s\u00e1nak 100 \u00e9vfordul\u00f3ja. A 9 \u00f3r\u00e1s szentmis\u00e9n eml\u00e9kez\u00fcnk az \u00e1ldozatokr\u00f3l. Ut\u00e1na el\u0151ad\u00e1s az x h\u00e1zban, majd 11,11-kor a H\u0151s\u00f6k ter\u00e9n megeml\u00e9kez\u0151 gyertyagy\u00fajt\u00e1s.<\/li>\n<li>A Marcali Egyh\u00e1zk\u00f6zs\u00e9g K\u00e9pvisel\u0151 Test\u00fclet\u00e9nek mand\u00e1tuma lej\u00e1rt, az \u00faj tagokkal kieg\u00e9sz\u00edtett n\u00e9vsort a hirdet\u0151t\u00e1bl\u00e1ra kif\u00fcggesztett\u00fck. M\u00e9g javaslatokat lehet tenni a szem\u00e9lyeket illet\u0151en.<\/li>\n<li>Kalend\u00e1rium, napt\u00e1rak a sekresty\u00e9ben kaphat\u00f3k.<\/li>\n<\/ol>\n","protected":false},"excerpt":{"rendered":"<p>Ma van az \u00e9vk\u00f6zi 31. vas\u00e1rnap. Szeretn\u00e9m megk\u00f6sz\u00f6nni a h\u00edveknek, hogy k\u00e9t hete olyan sz\u00e9p sz\u00e1mban elj\u00f6ttek a somogyv\u00e1ri esperesi Ker\u00fclet szentmis\u00e9j\u00e9re. K\u00f6sz\u00f6net az elm\u00falt vas\u00e1rnap a h\u00e1laad\u00f3 szermis\u00e9j\u00e9\u00e9rt. Az eg\u00e9sz Egyh\u00e1zk\u00f6zs\u00e9g elismer\u00e9s\u00e9t jelenti, hogy a v\u00e1rosban m\u0171k\u00f6d\u0151 \u00e9s megh\u00edvott int\u00e9zm\u00e9nyvezet\u0151k szinte kiv\u00e9tel n\u00e9lk\u00fcl elj\u00f6ttek, hogy egy\u00fctt \u00fcnnepeljenek vel\u00fcnk. Id\u00e9zet egy v\u00e1rosban \u00e9l\u0151 nem h\u00edv\u0151 e-mailben elk\u00fcld\u00f6tt level\u00e9b\u0151l: \u201eSokat tett a v\u00e1ros\u00e9rt, h\u00edvei\u00e9rt! Mint marcali polg\u00e1r k\u00f6sz\u00f6n\u00f6m \u00d6nnek! \u00c9n nem vagyok h\u00edv\u00f3 ember, de hiszem, hogy nem a vil\u00e1gn\u00e9zet az,&#8230;<\/p>\n<p class=\"read-more\"><a class=\"btn btn-default\" href=\"https:\/\/marcali.plebania.hu\/?p=406\"> Read More<span class=\"screen-reader-text\">  Read More<\/span><\/a><\/p>\n","protected":false},"author":2,"featured_media":0,"comment_status":"closed","ping_status":"open","sticky":false,"template":"","format":"standard","meta":{"footnotes":""},"categories":[1],"tags":[],"class_list":["post-406","post","type-post","status-publish","format-standard","hentry","category-egyeb"],"_links":{"self":[{"href":"https:\/\/marcali.plebania.hu\/index.php?rest_route=\/wp\/v2\/posts\/406","targetHints":{"allow":["GET"]}}],"collection":[{"href":"https:\/\/marcali.plebania.hu\/index.php?rest_route=\/wp\/v2\/posts"}],"about":[{"href":"https:\/\/marcali.plebania.hu\/index.php?rest_route=\/wp\/v2\/types\/post"}],"author":[{"embeddable":true,"href":"https:\/\/marcali.plebania.hu\/index.php?rest_route=\/wp\/v2\/users\/2"}],"replies":[{"embeddable":true,"href":"https:\/\/marcali.plebania.hu\/index.php?rest_route=%2Fwp%2Fv2%2Fcomments&post=406"}],"version-history":[{"count":1,"href":"https:\/\/marcali.plebania.hu\/index.php?rest_route=\/wp\/v2\/posts\/406\/revisions"}],"predecessor-version":[{"id":407,"href":"https:\/\/marcali.plebania.hu\/index.php?rest_route=\/wp\/v2\/posts\/406\/revisions\/407"}],"wp:attachment":[{"href":"https:\/\/marcali.plebania.hu\/index.php?rest_route=%2Fwp%2Fv2%2Fmedia&parent=406"}],"wp:term":[{"taxonomy":"category","embeddable":true,"href":"https:\/\/marcali.plebania.hu\/index.php?rest_route=%2Fwp%2Fv2%2Fcategories&post=406"},{"taxonomy":"post_tag","embeddable":true,"href":"https:\/\/marcali.plebania.hu\/index.php?rest_route=%2Fwp%2Fv2%2Ftags&post=406"}],"curies":[{"name":"wp","href":"https:\/\/api.w.org\/{rel}","templated":true}]}}