{"id":4060,"date":"2022-11-26T20:13:13","date_gmt":"2022-11-26T20:13:13","guid":{"rendered":"https:\/\/marcali.plebania.hu\/?p=4060"},"modified":"2022-11-26T20:13:13","modified_gmt":"2022-11-26T20:13:13","slug":"keszen-van-a-szabadteri-adventi-koszoru-a-marcali-plebaniatemplom-elott","status":"publish","type":"post","link":"https:\/\/marcali.plebania.hu\/?p=4060","title":{"rendered":"K\u00e9szen van a szabadt\u00e9ri \u00e1dventi koszor\u00fa a Marcali pl\u00e9b\u00e1niatemplom el\u0151tt"},"content":{"rendered":"\n<p>2022. november 26-\u00e1n, szombaton, d\u00e9lel\u0151tt 9 \u00f3r\u00e1t\u00f3l kezd\u0151d\u00f6tt \u2013 az eddigi hagyom\u00e1nyokat k\u00f6vetve \u2013 a szabadt\u00e9ri, nagym\u00e9ret\u0171 \u00e1dventi koszor\u00fa \u00f6ssze\u00e1ll\u00edt\u00e1sa \u00e9s feld\u00edsz\u00edt\u00e9se Marcaliban, a Boldog II. J\u00e1nos P\u00e1l p\u00e1pa t\u00e9ren.<\/p>\n\n\n\n<figure class=\"wp-block-gallery columns-3 is-cropped wp-block-gallery-1 is-layout-flex wp-block-gallery-is-layout-flex\"><ul class=\"blocks-gallery-grid\"><li class=\"blocks-gallery-item\"><figure><img loading=\"lazy\" decoding=\"async\" width=\"1024\" height=\"683\" src=\"https:\/\/marcali.plebania.hu\/wp-content\/uploads\/2022\/11\/01-2-1024x683.jpg\" alt=\"\" data-id=\"4061\" data-full-url=\"https:\/\/marcali.plebania.hu\/wp-content\/uploads\/2022\/11\/01-2-scaled.jpg\" data-link=\"https:\/\/marcali.plebania.hu\/?attachment_id=4061\" class=\"wp-image-4061\" srcset=\"https:\/\/marcali.plebania.hu\/wp-content\/uploads\/2022\/11\/01-2-1024x683.jpg 1024w, https:\/\/marcali.plebania.hu\/wp-content\/uploads\/2022\/11\/01-2-300x200.jpg 300w, https:\/\/marcali.plebania.hu\/wp-content\/uploads\/2022\/11\/01-2-768x512.jpg 768w, https:\/\/marcali.plebania.hu\/wp-content\/uploads\/2022\/11\/01-2-1536x1024.jpg 1536w, https:\/\/marcali.plebania.hu\/wp-content\/uploads\/2022\/11\/01-2-2048x1365.jpg 2048w, https:\/\/marcali.plebania.hu\/wp-content\/uploads\/2022\/11\/01-2-405x270.jpg 405w\" sizes=\"auto, (max-width: 1024px) 100vw, 1024px\" \/><\/figure><\/li><li class=\"blocks-gallery-item\"><figure><img loading=\"lazy\" decoding=\"async\" width=\"1024\" height=\"683\" src=\"https:\/\/marcali.plebania.hu\/wp-content\/uploads\/2022\/11\/02-2-1024x683.jpg\" alt=\"\" data-id=\"4062\" data-full-url=\"https:\/\/marcali.plebania.hu\/wp-content\/uploads\/2022\/11\/02-2-scaled.jpg\" data-link=\"https:\/\/marcali.plebania.hu\/?attachment_id=4062\" class=\"wp-image-4062\" srcset=\"https:\/\/marcali.plebania.hu\/wp-content\/uploads\/2022\/11\/02-2-1024x683.jpg 1024w, https:\/\/marcali.plebania.hu\/wp-content\/uploads\/2022\/11\/02-2-300x200.jpg 300w, https:\/\/marcali.plebania.hu\/wp-content\/uploads\/2022\/11\/02-2-768x512.jpg 768w, https:\/\/marcali.plebania.hu\/wp-content\/uploads\/2022\/11\/02-2-1536x1024.jpg 1536w, https:\/\/marcali.plebania.hu\/wp-content\/uploads\/2022\/11\/02-2-2048x1365.jpg 2048w, https:\/\/marcali.plebania.hu\/wp-content\/uploads\/2022\/11\/02-2-405x270.jpg 405w\" sizes=\"auto, (max-width: 1024px) 100vw, 1024px\" \/><\/figure><\/li><li class=\"blocks-gallery-item\"><figure><img loading=\"lazy\" decoding=\"async\" width=\"1024\" height=\"683\" src=\"https:\/\/marcali.plebania.hu\/wp-content\/uploads\/2022\/11\/03-2-1024x683.jpg\" alt=\"\" data-id=\"4063\" data-full-url=\"https:\/\/marcali.plebania.hu\/wp-content\/uploads\/2022\/11\/03-2-scaled.jpg\" data-link=\"https:\/\/marcali.plebania.hu\/?attachment_id=4063\" class=\"wp-image-4063\" srcset=\"https:\/\/marcali.plebania.hu\/wp-content\/uploads\/2022\/11\/03-2-1024x683.jpg 1024w, https:\/\/marcali.plebania.hu\/wp-content\/uploads\/2022\/11\/03-2-300x200.jpg 300w, https:\/\/marcali.plebania.hu\/wp-content\/uploads\/2022\/11\/03-2-768x512.jpg 768w, https:\/\/marcali.plebania.hu\/wp-content\/uploads\/2022\/11\/03-2-1536x1024.jpg 1536w, https:\/\/marcali.plebania.hu\/wp-content\/uploads\/2022\/11\/03-2-2048x1365.jpg 2048w, https:\/\/marcali.plebania.hu\/wp-content\/uploads\/2022\/11\/03-2-405x270.jpg 405w\" sizes=\"auto, (max-width: 1024px) 100vw, 1024px\" \/><\/figure><\/li><li class=\"blocks-gallery-item\"><figure><img loading=\"lazy\" decoding=\"async\" width=\"1024\" height=\"683\" src=\"https:\/\/marcali.plebania.hu\/wp-content\/uploads\/2022\/11\/04-1-1024x683.jpg\" alt=\"\" data-id=\"4064\" data-full-url=\"https:\/\/marcali.plebania.hu\/wp-content\/uploads\/2022\/11\/04-1-scaled.jpg\" data-link=\"https:\/\/marcali.plebania.hu\/?attachment_id=4064\" class=\"wp-image-4064\" srcset=\"https:\/\/marcali.plebania.hu\/wp-content\/uploads\/2022\/11\/04-1-1024x683.jpg 1024w, https:\/\/marcali.plebania.hu\/wp-content\/uploads\/2022\/11\/04-1-300x200.jpg 300w, https:\/\/marcali.plebania.hu\/wp-content\/uploads\/2022\/11\/04-1-768x512.jpg 768w, https:\/\/marcali.plebania.hu\/wp-content\/uploads\/2022\/11\/04-1-1536x1024.jpg 1536w, https:\/\/marcali.plebania.hu\/wp-content\/uploads\/2022\/11\/04-1-2048x1365.jpg 2048w, https:\/\/marcali.plebania.hu\/wp-content\/uploads\/2022\/11\/04-1-405x270.jpg 405w\" sizes=\"auto, (max-width: 1024px) 100vw, 1024px\" \/><\/figure><\/li><\/ul><\/figure>\n\n\n\n<p>A munk\u00e1kat ez\u00fattal is Kir\u00e1ly Jen\u0151 templomatya \u00e9s Gelencs\u00e9r R\u00f3bert vil\u00e1gi eln\u00f6k ir\u00e1ny\u00edtott\u00e1k \u2013 a kor\u00e1bbi \u00e9vek rutinj\u00e1val \u2013 a Gy\u00fcm\u00f6lcsolt\u00f3 Boldogasszony pl\u00e9b\u00e1niatemplom el\u0151tt. A R\u00f3mai Katolikus Egyh\u00e1zk\u00f6zs\u00e9g 12 f\u0151s csapata els\u0151k\u00e9nt a f\u00e9m-v\u00e1z keretet \u00e1ll\u00edtotta \u00f6ssze, majd szakszer\u0171en r\u00f6gz\u00edtette. Ezt k\u00f6vet\u0151en, T\u00f3th P\u00e9ter gyakorlott vezet\u00e9s\u00e9vel k\u00f6vetkezett a koszor\u00fa feny\u0151-\u00e1gakkal val\u00f3 k\u00f6rbefon\u00e1sa \u00e9s d\u00edsz\u00edt\u00e9se. A munk\u00e1k, alig t\u00f6bb mint k\u00e9t \u00f3ra alatt, 11 \u00f3ra ut\u00e1n fejez\u0151dtek be.<\/p>\n\n\n\n<figure class=\"wp-block-gallery columns-3 is-cropped wp-block-gallery-2 is-layout-flex wp-block-gallery-is-layout-flex\"><ul class=\"blocks-gallery-grid\"><li class=\"blocks-gallery-item\"><figure><img loading=\"lazy\" decoding=\"async\" width=\"1024\" height=\"683\" src=\"https:\/\/marcali.plebania.hu\/wp-content\/uploads\/2022\/11\/05-1024x683.jpg\" alt=\"\" data-id=\"4065\" data-full-url=\"https:\/\/marcali.plebania.hu\/wp-content\/uploads\/2022\/11\/05-scaled.jpg\" data-link=\"https:\/\/marcali.plebania.hu\/?attachment_id=4065\" class=\"wp-image-4065\" srcset=\"https:\/\/marcali.plebania.hu\/wp-content\/uploads\/2022\/11\/05-1024x683.jpg 1024w, https:\/\/marcali.plebania.hu\/wp-content\/uploads\/2022\/11\/05-300x200.jpg 300w, https:\/\/marcali.plebania.hu\/wp-content\/uploads\/2022\/11\/05-768x512.jpg 768w, https:\/\/marcali.plebania.hu\/wp-content\/uploads\/2022\/11\/05-1536x1024.jpg 1536w, https:\/\/marcali.plebania.hu\/wp-content\/uploads\/2022\/11\/05-2048x1365.jpg 2048w, https:\/\/marcali.plebania.hu\/wp-content\/uploads\/2022\/11\/05-405x270.jpg 405w\" sizes=\"auto, (max-width: 1024px) 100vw, 1024px\" \/><\/figure><\/li><li class=\"blocks-gallery-item\"><figure><img loading=\"lazy\" decoding=\"async\" width=\"1024\" height=\"683\" src=\"https:\/\/marcali.plebania.hu\/wp-content\/uploads\/2022\/11\/06-1-1024x683.jpg\" alt=\"\" data-id=\"4066\" data-full-url=\"https:\/\/marcali.plebania.hu\/wp-content\/uploads\/2022\/11\/06-1-scaled.jpg\" data-link=\"https:\/\/marcali.plebania.hu\/?attachment_id=4066\" class=\"wp-image-4066\" srcset=\"https:\/\/marcali.plebania.hu\/wp-content\/uploads\/2022\/11\/06-1-1024x683.jpg 1024w, https:\/\/marcali.plebania.hu\/wp-content\/uploads\/2022\/11\/06-1-300x200.jpg 300w, https:\/\/marcali.plebania.hu\/wp-content\/uploads\/2022\/11\/06-1-768x512.jpg 768w, https:\/\/marcali.plebania.hu\/wp-content\/uploads\/2022\/11\/06-1-1536x1024.jpg 1536w, https:\/\/marcali.plebania.hu\/wp-content\/uploads\/2022\/11\/06-1-2048x1365.jpg 2048w, https:\/\/marcali.plebania.hu\/wp-content\/uploads\/2022\/11\/06-1-405x270.jpg 405w\" sizes=\"auto, (max-width: 1024px) 100vw, 1024px\" \/><\/figure><\/li><li class=\"blocks-gallery-item\"><figure><img loading=\"lazy\" decoding=\"async\" width=\"1024\" height=\"683\" src=\"https:\/\/marcali.plebania.hu\/wp-content\/uploads\/2022\/11\/07-2-1024x683.jpg\" alt=\"\" data-id=\"4067\" data-full-url=\"https:\/\/marcali.plebania.hu\/wp-content\/uploads\/2022\/11\/07-2-scaled.jpg\" data-link=\"https:\/\/marcali.plebania.hu\/?attachment_id=4067\" class=\"wp-image-4067\" srcset=\"https:\/\/marcali.plebania.hu\/wp-content\/uploads\/2022\/11\/07-2-1024x683.jpg 1024w, https:\/\/marcali.plebania.hu\/wp-content\/uploads\/2022\/11\/07-2-300x200.jpg 300w, https:\/\/marcali.plebania.hu\/wp-content\/uploads\/2022\/11\/07-2-768x512.jpg 768w, https:\/\/marcali.plebania.hu\/wp-content\/uploads\/2022\/11\/07-2-1536x1024.jpg 1536w, https:\/\/marcali.plebania.hu\/wp-content\/uploads\/2022\/11\/07-2-2048x1365.jpg 2048w, https:\/\/marcali.plebania.hu\/wp-content\/uploads\/2022\/11\/07-2-405x270.jpg 405w\" sizes=\"auto, (max-width: 1024px) 100vw, 1024px\" \/><\/figure><\/li><li class=\"blocks-gallery-item\"><figure><img loading=\"lazy\" decoding=\"async\" width=\"1024\" height=\"683\" src=\"https:\/\/marcali.plebania.hu\/wp-content\/uploads\/2022\/11\/08-2-1024x683.jpg\" alt=\"\" data-id=\"4068\" data-full-url=\"https:\/\/marcali.plebania.hu\/wp-content\/uploads\/2022\/11\/08-2-scaled.jpg\" data-link=\"https:\/\/marcali.plebania.hu\/?attachment_id=4068\" class=\"wp-image-4068\" srcset=\"https:\/\/marcali.plebania.hu\/wp-content\/uploads\/2022\/11\/08-2-1024x683.jpg 1024w, https:\/\/marcali.plebania.hu\/wp-content\/uploads\/2022\/11\/08-2-300x200.jpg 300w, https:\/\/marcali.plebania.hu\/wp-content\/uploads\/2022\/11\/08-2-768x512.jpg 768w, https:\/\/marcali.plebania.hu\/wp-content\/uploads\/2022\/11\/08-2-1536x1024.jpg 1536w, https:\/\/marcali.plebania.hu\/wp-content\/uploads\/2022\/11\/08-2-2048x1365.jpg 2048w, https:\/\/marcali.plebania.hu\/wp-content\/uploads\/2022\/11\/08-2-405x270.jpg 405w\" sizes=\"auto, (max-width: 1024px) 100vw, 1024px\" \/><\/figure><\/li><\/ul><\/figure>\n\n\n\n<p>Az els\u0151 \u00e1dventi gyertyagy\u00fajt\u00e1s ma este 17 \u00f3rakor a Mesepark \u00d3voda nagycsoportosainak m\u0171sor\u00e1val kezd\u0151dik, majd dr. S\u00fct\u0151 L\u00e1szl\u00f3 marcali polg\u00e1rmester gy\u00fajtja meg a gyerty\u00e1t.<\/p>\n\n\n\n<figure class=\"wp-block-gallery columns-3 is-cropped wp-block-gallery-3 is-layout-flex wp-block-gallery-is-layout-flex\"><ul class=\"blocks-gallery-grid\"><li class=\"blocks-gallery-item\"><figure><img loading=\"lazy\" decoding=\"async\" width=\"1024\" height=\"683\" src=\"https:\/\/marcali.plebania.hu\/wp-content\/uploads\/2022\/11\/11-1-1024x683.jpg\" alt=\"\" data-id=\"4069\" data-link=\"https:\/\/marcali.plebania.hu\/?attachment_id=4069\" class=\"wp-image-4069\" srcset=\"https:\/\/marcali.plebania.hu\/wp-content\/uploads\/2022\/11\/11-1-1024x683.jpg 1024w, https:\/\/marcali.plebania.hu\/wp-content\/uploads\/2022\/11\/11-1-300x200.jpg 300w, https:\/\/marcali.plebania.hu\/wp-content\/uploads\/2022\/11\/11-1-768x512.jpg 768w, https:\/\/marcali.plebania.hu\/wp-content\/uploads\/2022\/11\/11-1-1536x1024.jpg 1536w, https:\/\/marcali.plebania.hu\/wp-content\/uploads\/2022\/11\/11-1-2048x1365.jpg 2048w, https:\/\/marcali.plebania.hu\/wp-content\/uploads\/2022\/11\/11-1-405x270.jpg 405w\" sizes=\"auto, (max-width: 1024px) 100vw, 1024px\" \/><\/figure><\/li><li class=\"blocks-gallery-item\"><figure><img loading=\"lazy\" decoding=\"async\" width=\"1024\" height=\"683\" src=\"https:\/\/marcali.plebania.hu\/wp-content\/uploads\/2022\/11\/12-1024x683.jpg\" alt=\"\" data-id=\"4070\" data-link=\"https:\/\/marcali.plebania.hu\/?attachment_id=4070\" class=\"wp-image-4070\" srcset=\"https:\/\/marcali.plebania.hu\/wp-content\/uploads\/2022\/11\/12-1024x683.jpg 1024w, https:\/\/marcali.plebania.hu\/wp-content\/uploads\/2022\/11\/12-300x200.jpg 300w, https:\/\/marcali.plebania.hu\/wp-content\/uploads\/2022\/11\/12-768x512.jpg 768w, https:\/\/marcali.plebania.hu\/wp-content\/uploads\/2022\/11\/12-1536x1024.jpg 1536w, https:\/\/marcali.plebania.hu\/wp-content\/uploads\/2022\/11\/12-2048x1365.jpg 2048w, https:\/\/marcali.plebania.hu\/wp-content\/uploads\/2022\/11\/12-405x270.jpg 405w\" sizes=\"auto, (max-width: 1024px) 100vw, 1024px\" \/><\/figure><\/li><li class=\"blocks-gallery-item\"><figure><img loading=\"lazy\" decoding=\"async\" width=\"1024\" height=\"683\" src=\"https:\/\/marcali.plebania.hu\/wp-content\/uploads\/2022\/11\/13-1-1024x683.jpg\" alt=\"\" data-id=\"4071\" data-link=\"https:\/\/marcali.plebania.hu\/?attachment_id=4071\" class=\"wp-image-4071\" srcset=\"https:\/\/marcali.plebania.hu\/wp-content\/uploads\/2022\/11\/13-1-1024x683.jpg 1024w, https:\/\/marcali.plebania.hu\/wp-content\/uploads\/2022\/11\/13-1-300x200.jpg 300w, https:\/\/marcali.plebania.hu\/wp-content\/uploads\/2022\/11\/13-1-768x512.jpg 768w, https:\/\/marcali.plebania.hu\/wp-content\/uploads\/2022\/11\/13-1-1536x1024.jpg 1536w, https:\/\/marcali.plebania.hu\/wp-content\/uploads\/2022\/11\/13-1-2048x1365.jpg 2048w, https:\/\/marcali.plebania.hu\/wp-content\/uploads\/2022\/11\/13-1-405x270.jpg 405w\" sizes=\"auto, (max-width: 1024px) 100vw, 1024px\" \/><\/figure><\/li><li class=\"blocks-gallery-item\"><figure><img loading=\"lazy\" decoding=\"async\" width=\"1024\" height=\"683\" src=\"https:\/\/marcali.plebania.hu\/wp-content\/uploads\/2022\/11\/15-1024x683.jpg\" alt=\"\" data-id=\"4072\" data-full-url=\"https:\/\/marcali.plebania.hu\/wp-content\/uploads\/2022\/11\/15-scaled.jpg\" data-link=\"https:\/\/marcali.plebania.hu\/?attachment_id=4072\" class=\"wp-image-4072\" srcset=\"https:\/\/marcali.plebania.hu\/wp-content\/uploads\/2022\/11\/15-1024x683.jpg 1024w, https:\/\/marcali.plebania.hu\/wp-content\/uploads\/2022\/11\/15-300x200.jpg 300w, https:\/\/marcali.plebania.hu\/wp-content\/uploads\/2022\/11\/15-768x512.jpg 768w, https:\/\/marcali.plebania.hu\/wp-content\/uploads\/2022\/11\/15-1536x1024.jpg 1536w, https:\/\/marcali.plebania.hu\/wp-content\/uploads\/2022\/11\/15-2048x1365.jpg 2048w, https:\/\/marcali.plebania.hu\/wp-content\/uploads\/2022\/11\/15-405x270.jpg 405w\" sizes=\"auto, (max-width: 1024px) 100vw, 1024px\" \/><\/figure><\/li><\/ul><\/figure>\n\n\n\n<figure class=\"wp-block-gallery columns-1 is-cropped wp-block-gallery-4 is-layout-flex wp-block-gallery-is-layout-flex\"><ul class=\"blocks-gallery-grid\"><li class=\"blocks-gallery-item\"><figure><img loading=\"lazy\" decoding=\"async\" width=\"1024\" height=\"683\" src=\"https:\/\/marcali.plebania.hu\/wp-content\/uploads\/2022\/11\/21-1024x683.jpg\" alt=\"\" data-id=\"4073\" data-full-url=\"https:\/\/marcali.plebania.hu\/wp-content\/uploads\/2022\/11\/21-scaled.jpg\" data-link=\"https:\/\/marcali.plebania.hu\/?attachment_id=4073\" class=\"wp-image-4073\" srcset=\"https:\/\/marcali.plebania.hu\/wp-content\/uploads\/2022\/11\/21-1024x683.jpg 1024w, https:\/\/marcali.plebania.hu\/wp-content\/uploads\/2022\/11\/21-300x200.jpg 300w, https:\/\/marcali.plebania.hu\/wp-content\/uploads\/2022\/11\/21-768x512.jpg 768w, https:\/\/marcali.plebania.hu\/wp-content\/uploads\/2022\/11\/21-1536x1024.jpg 1536w, https:\/\/marcali.plebania.hu\/wp-content\/uploads\/2022\/11\/21-2048x1365.jpg 2048w, https:\/\/marcali.plebania.hu\/wp-content\/uploads\/2022\/11\/21-405x270.jpg 405w\" sizes=\"auto, (max-width: 1024px) 100vw, 1024px\" \/><\/figure><\/li><\/ul><\/figure>\n","protected":false},"excerpt":{"rendered":"<p>2022. november 26-\u00e1n, szombaton, d\u00e9lel\u0151tt 9 \u00f3r\u00e1t\u00f3l kezd\u0151d\u00f6tt \u2013 az eddigi hagyom\u00e1nyokat k\u00f6vetve \u2013 a szabadt\u00e9ri, nagym\u00e9ret\u0171 \u00e1dventi koszor\u00fa \u00f6ssze\u00e1ll\u00edt\u00e1sa \u00e9s feld\u00edsz\u00edt\u00e9se Marcaliban, a Boldog II. J\u00e1nos P\u00e1l p\u00e1pa t\u00e9ren. A munk\u00e1kat ez\u00fattal is Kir\u00e1ly Jen\u0151 templomatya \u00e9s Gelencs\u00e9r R\u00f3bert vil\u00e1gi eln\u00f6k ir\u00e1ny\u00edtott\u00e1k \u2013 a kor\u00e1bbi \u00e9vek rutinj\u00e1val \u2013 a Gy\u00fcm\u00f6lcsolt\u00f3 Boldogasszony pl\u00e9b\u00e1niatemplom el\u0151tt. A R\u00f3mai Katolikus Egyh\u00e1zk\u00f6zs\u00e9g 12 f\u0151s csapata els\u0151k\u00e9nt a f\u00e9m-v\u00e1z keretet \u00e1ll\u00edtotta \u00f6ssze, majd szakszer\u0171en r\u00f6gz\u00edtette. Ezt k\u00f6vet\u0151en, T\u00f3th P\u00e9ter gyakorlott vezet\u00e9s\u00e9vel k\u00f6vetkezett a koszor\u00fa feny\u0151-\u00e1gakkal&#8230;<\/p>\n<p class=\"read-more\"><a class=\"btn btn-default\" href=\"https:\/\/marcali.plebania.hu\/?p=4060\"> Read More<span class=\"screen-reader-text\">  Read More<\/span><\/a><\/p>\n","protected":false},"author":2,"featured_media":0,"comment_status":"closed","ping_status":"open","sticky":false,"template":"","format":"standard","meta":{"footnotes":""},"categories":[1],"tags":[],"class_list":["post-4060","post","type-post","status-publish","format-standard","hentry","category-egyeb"],"_links":{"self":[{"href":"https:\/\/marcali.plebania.hu\/index.php?rest_route=\/wp\/v2\/posts\/4060","targetHints":{"allow":["GET"]}}],"collection":[{"href":"https:\/\/marcali.plebania.hu\/index.php?rest_route=\/wp\/v2\/posts"}],"about":[{"href":"https:\/\/marcali.plebania.hu\/index.php?rest_route=\/wp\/v2\/types\/post"}],"author":[{"embeddable":true,"href":"https:\/\/marcali.plebania.hu\/index.php?rest_route=\/wp\/v2\/users\/2"}],"replies":[{"embeddable":true,"href":"https:\/\/marcali.plebania.hu\/index.php?rest_route=%2Fwp%2Fv2%2Fcomments&post=4060"}],"version-history":[{"count":1,"href":"https:\/\/marcali.plebania.hu\/index.php?rest_route=\/wp\/v2\/posts\/4060\/revisions"}],"predecessor-version":[{"id":4074,"href":"https:\/\/marcali.plebania.hu\/index.php?rest_route=\/wp\/v2\/posts\/4060\/revisions\/4074"}],"wp:attachment":[{"href":"https:\/\/marcali.plebania.hu\/index.php?rest_route=%2Fwp%2Fv2%2Fmedia&parent=4060"}],"wp:term":[{"taxonomy":"category","embeddable":true,"href":"https:\/\/marcali.plebania.hu\/index.php?rest_route=%2Fwp%2Fv2%2Fcategories&post=4060"},{"taxonomy":"post_tag","embeddable":true,"href":"https:\/\/marcali.plebania.hu\/index.php?rest_route=%2Fwp%2Fv2%2Ftags&post=4060"}],"curies":[{"name":"wp","href":"https:\/\/api.w.org\/{rel}","templated":true}]}}