{"id":4075,"date":"2022-11-26T20:21:26","date_gmt":"2022-11-26T20:21:26","guid":{"rendered":"https:\/\/marcali.plebania.hu\/?p=4075"},"modified":"2022-11-26T20:21:26","modified_gmt":"2022-11-26T20:21:26","slug":"megkezdodott-az-advent-felgyulladt-az-elso-adventi-gyertya-fenye-marcaliban","status":"publish","type":"post","link":"https:\/\/marcali.plebania.hu\/?p=4075","title":{"rendered":"Megkezd\u0151d\u00f6tt az \u00e1dvent. Felgyulladt az els\u0151 \u00e1dventi gyertya f\u00e9nye Marcaliban"},"content":{"rendered":"\n<p>2022. november 26-\u00e1n, \u00e1dvent els\u0151 szombatj\u00e1n \u2013 a kor\u00e1bbi \u00e9vek hagyom\u00e1nyait k\u00f6vetve \u2013 17 \u00f3rakor \u00fcnnepi m\u0171sor keret\u00e9ben gy\u00fajtott\u00e1k meg az els\u0151 gyerty\u00e1t Marcaliban, a Gy\u00fcm\u00f6lcsolt\u00f3 Boldogasszony pl\u00e9b\u00e1niatemplom el\u0151tti t\u00e9ren l\u00e9v\u0151 k\u00fclt\u00e9ri \u00e1dventi koszor\u00fan.<\/p>\n\n\n\n<figure class=\"wp-block-gallery columns-3 is-cropped wp-block-gallery-1 is-layout-flex wp-block-gallery-is-layout-flex\"><ul class=\"blocks-gallery-grid\"><li class=\"blocks-gallery-item\"><figure><img loading=\"lazy\" decoding=\"async\" width=\"1024\" height=\"683\" src=\"https:\/\/marcali.plebania.hu\/wp-content\/uploads\/2022\/11\/01-3-1024x683.jpg\" alt=\"\" data-id=\"4076\" data-link=\"https:\/\/marcali.plebania.hu\/?attachment_id=4076\" class=\"wp-image-4076\" srcset=\"https:\/\/marcali.plebania.hu\/wp-content\/uploads\/2022\/11\/01-3-1024x683.jpg 1024w, https:\/\/marcali.plebania.hu\/wp-content\/uploads\/2022\/11\/01-3-300x200.jpg 300w, https:\/\/marcali.plebania.hu\/wp-content\/uploads\/2022\/11\/01-3-768x512.jpg 768w, https:\/\/marcali.plebania.hu\/wp-content\/uploads\/2022\/11\/01-3-1536x1024.jpg 1536w, https:\/\/marcali.plebania.hu\/wp-content\/uploads\/2022\/11\/01-3-2048x1365.jpg 2048w, https:\/\/marcali.plebania.hu\/wp-content\/uploads\/2022\/11\/01-3-405x270.jpg 405w\" sizes=\"auto, (max-width: 1024px) 100vw, 1024px\" \/><\/figure><\/li><li class=\"blocks-gallery-item\"><figure><img loading=\"lazy\" decoding=\"async\" width=\"1024\" height=\"683\" src=\"https:\/\/marcali.plebania.hu\/wp-content\/uploads\/2022\/11\/02-3-1024x683.jpg\" alt=\"\" data-id=\"4077\" data-link=\"https:\/\/marcali.plebania.hu\/?attachment_id=4077\" class=\"wp-image-4077\" srcset=\"https:\/\/marcali.plebania.hu\/wp-content\/uploads\/2022\/11\/02-3-1024x683.jpg 1024w, https:\/\/marcali.plebania.hu\/wp-content\/uploads\/2022\/11\/02-3-300x200.jpg 300w, https:\/\/marcali.plebania.hu\/wp-content\/uploads\/2022\/11\/02-3-768x512.jpg 768w, https:\/\/marcali.plebania.hu\/wp-content\/uploads\/2022\/11\/02-3-1536x1024.jpg 1536w, https:\/\/marcali.plebania.hu\/wp-content\/uploads\/2022\/11\/02-3-2048x1365.jpg 2048w, https:\/\/marcali.plebania.hu\/wp-content\/uploads\/2022\/11\/02-3-405x270.jpg 405w\" sizes=\"auto, (max-width: 1024px) 100vw, 1024px\" \/><\/figure><\/li><li class=\"blocks-gallery-item\"><figure><img loading=\"lazy\" decoding=\"async\" width=\"1024\" height=\"683\" src=\"https:\/\/marcali.plebania.hu\/wp-content\/uploads\/2022\/11\/03-3-1024x683.jpg\" alt=\"\" data-id=\"4078\" data-link=\"https:\/\/marcali.plebania.hu\/?attachment_id=4078\" class=\"wp-image-4078\" srcset=\"https:\/\/marcali.plebania.hu\/wp-content\/uploads\/2022\/11\/03-3-1024x683.jpg 1024w, https:\/\/marcali.plebania.hu\/wp-content\/uploads\/2022\/11\/03-3-300x200.jpg 300w, https:\/\/marcali.plebania.hu\/wp-content\/uploads\/2022\/11\/03-3-768x512.jpg 768w, https:\/\/marcali.plebania.hu\/wp-content\/uploads\/2022\/11\/03-3-1536x1024.jpg 1536w, https:\/\/marcali.plebania.hu\/wp-content\/uploads\/2022\/11\/03-3-2048x1365.jpg 2048w, https:\/\/marcali.plebania.hu\/wp-content\/uploads\/2022\/11\/03-3-405x270.jpg 405w\" sizes=\"auto, (max-width: 1024px) 100vw, 1024px\" \/><\/figure><\/li><li class=\"blocks-gallery-item\"><figure><img loading=\"lazy\" decoding=\"async\" width=\"1024\" height=\"683\" src=\"https:\/\/marcali.plebania.hu\/wp-content\/uploads\/2022\/11\/06-2-1024x683.jpg\" alt=\"\" data-id=\"4079\" data-full-url=\"https:\/\/marcali.plebania.hu\/wp-content\/uploads\/2022\/11\/06-2-scaled.jpg\" data-link=\"https:\/\/marcali.plebania.hu\/?attachment_id=4079\" class=\"wp-image-4079\" srcset=\"https:\/\/marcali.plebania.hu\/wp-content\/uploads\/2022\/11\/06-2-1024x683.jpg 1024w, https:\/\/marcali.plebania.hu\/wp-content\/uploads\/2022\/11\/06-2-300x200.jpg 300w, https:\/\/marcali.plebania.hu\/wp-content\/uploads\/2022\/11\/06-2-768x512.jpg 768w, https:\/\/marcali.plebania.hu\/wp-content\/uploads\/2022\/11\/06-2-1536x1024.jpg 1536w, https:\/\/marcali.plebania.hu\/wp-content\/uploads\/2022\/11\/06-2-2048x1365.jpg 2048w, https:\/\/marcali.plebania.hu\/wp-content\/uploads\/2022\/11\/06-2-405x270.jpg 405w\" sizes=\"auto, (max-width: 1024px) 100vw, 1024px\" \/><\/figure><\/li><\/ul><\/figure>\n\n\n\n<p>Az egyh\u00e1zk\u00f6zs\u00e9g \u00e9s a v\u00e1ros k\u00f6z\u00f6s kar\u00e1csonyv\u00e1r\u00f3 \u00fcnneps\u00e9g\u00e9re nagy sz\u00e1mban elj\u00f6ttek fiatalok \u00e9s id\u0151sek egyar\u00e1nt. A megjelenteket Kiss Iv\u00e1n c. pr\u00e9post, pl\u00e9b\u00e1nos k\u00f6sz\u00f6nt\u00f6tte, majd r\u00f6viden sz\u00f3lt \u00e1dvent jelent\u0151s\u00e9g\u00e9r\u0151l. Ezut\u00e1n a Mesepark \u00d3voda Pillang\u00f3 Csoportj\u00e1nak 8 nagycsoportosa kar\u00e1csonyv\u00e1r\u00f3 verses-zen\u00e9s m\u0171sort adott el\u0151, melyet Kolozs Rita \u00e9s Jagadics Al\u00edz \u00f3v\u00f3pedag\u00f3gusok tan\u00edtottak be.<\/p>\n\n\n\n<figure class=\"wp-block-gallery columns-3 is-cropped wp-block-gallery-2 is-layout-flex wp-block-gallery-is-layout-flex\"><ul class=\"blocks-gallery-grid\"><li class=\"blocks-gallery-item\"><figure><img loading=\"lazy\" decoding=\"async\" width=\"1024\" height=\"683\" src=\"https:\/\/marcali.plebania.hu\/wp-content\/uploads\/2022\/11\/08-3-1024x683.jpg\" alt=\"\" data-id=\"4080\" data-link=\"https:\/\/marcali.plebania.hu\/?attachment_id=4080\" class=\"wp-image-4080\" srcset=\"https:\/\/marcali.plebania.hu\/wp-content\/uploads\/2022\/11\/08-3-1024x683.jpg 1024w, https:\/\/marcali.plebania.hu\/wp-content\/uploads\/2022\/11\/08-3-300x200.jpg 300w, https:\/\/marcali.plebania.hu\/wp-content\/uploads\/2022\/11\/08-3-768x512.jpg 768w, https:\/\/marcali.plebania.hu\/wp-content\/uploads\/2022\/11\/08-3-1536x1024.jpg 1536w, https:\/\/marcali.plebania.hu\/wp-content\/uploads\/2022\/11\/08-3-2048x1365.jpg 2048w, https:\/\/marcali.plebania.hu\/wp-content\/uploads\/2022\/11\/08-3-405x270.jpg 405w\" sizes=\"auto, (max-width: 1024px) 100vw, 1024px\" \/><\/figure><\/li><li class=\"blocks-gallery-item\"><figure><img loading=\"lazy\" decoding=\"async\" width=\"1024\" height=\"683\" src=\"https:\/\/marcali.plebania.hu\/wp-content\/uploads\/2022\/11\/09-1-1024x683.jpg\" alt=\"\" data-id=\"4081\" data-link=\"https:\/\/marcali.plebania.hu\/?attachment_id=4081\" class=\"wp-image-4081\" srcset=\"https:\/\/marcali.plebania.hu\/wp-content\/uploads\/2022\/11\/09-1-1024x683.jpg 1024w, https:\/\/marcali.plebania.hu\/wp-content\/uploads\/2022\/11\/09-1-300x200.jpg 300w, https:\/\/marcali.plebania.hu\/wp-content\/uploads\/2022\/11\/09-1-768x512.jpg 768w, https:\/\/marcali.plebania.hu\/wp-content\/uploads\/2022\/11\/09-1-1536x1024.jpg 1536w, https:\/\/marcali.plebania.hu\/wp-content\/uploads\/2022\/11\/09-1-2048x1365.jpg 2048w, https:\/\/marcali.plebania.hu\/wp-content\/uploads\/2022\/11\/09-1-405x270.jpg 405w\" sizes=\"auto, (max-width: 1024px) 100vw, 1024px\" \/><\/figure><\/li><li class=\"blocks-gallery-item\"><figure><img loading=\"lazy\" decoding=\"async\" width=\"1024\" height=\"683\" src=\"https:\/\/marcali.plebania.hu\/wp-content\/uploads\/2022\/11\/13-2-1024x683.jpg\" alt=\"\" data-id=\"4082\" data-link=\"https:\/\/marcali.plebania.hu\/?attachment_id=4082\" class=\"wp-image-4082\" srcset=\"https:\/\/marcali.plebania.hu\/wp-content\/uploads\/2022\/11\/13-2-1024x683.jpg 1024w, https:\/\/marcali.plebania.hu\/wp-content\/uploads\/2022\/11\/13-2-300x200.jpg 300w, https:\/\/marcali.plebania.hu\/wp-content\/uploads\/2022\/11\/13-2-768x512.jpg 768w, https:\/\/marcali.plebania.hu\/wp-content\/uploads\/2022\/11\/13-2-1536x1024.jpg 1536w, https:\/\/marcali.plebania.hu\/wp-content\/uploads\/2022\/11\/13-2-2048x1365.jpg 2048w, https:\/\/marcali.plebania.hu\/wp-content\/uploads\/2022\/11\/13-2-405x270.jpg 405w\" sizes=\"auto, (max-width: 1024px) 100vw, 1024px\" \/><\/figure><\/li><li class=\"blocks-gallery-item\"><figure><img loading=\"lazy\" decoding=\"async\" width=\"1024\" height=\"683\" src=\"https:\/\/marcali.plebania.hu\/wp-content\/uploads\/2022\/11\/15-1-1024x683.jpg\" alt=\"\" data-id=\"4083\" data-full-url=\"https:\/\/marcali.plebania.hu\/wp-content\/uploads\/2022\/11\/15-1-scaled.jpg\" data-link=\"https:\/\/marcali.plebania.hu\/?attachment_id=4083\" class=\"wp-image-4083\" srcset=\"https:\/\/marcali.plebania.hu\/wp-content\/uploads\/2022\/11\/15-1-1024x683.jpg 1024w, https:\/\/marcali.plebania.hu\/wp-content\/uploads\/2022\/11\/15-1-300x200.jpg 300w, https:\/\/marcali.plebania.hu\/wp-content\/uploads\/2022\/11\/15-1-768x512.jpg 768w, https:\/\/marcali.plebania.hu\/wp-content\/uploads\/2022\/11\/15-1-1536x1024.jpg 1536w, https:\/\/marcali.plebania.hu\/wp-content\/uploads\/2022\/11\/15-1-2048x1365.jpg 2048w, https:\/\/marcali.plebania.hu\/wp-content\/uploads\/2022\/11\/15-1-405x270.jpg 405w\" sizes=\"auto, (max-width: 1024px) 100vw, 1024px\" \/><\/figure><\/li><\/ul><\/figure>\n\n\n\n<p>Ezt k\u00f6vet\u0151en dr. S\u00fct\u0151 L\u00e1szl\u00f3 Marcali v\u00e1ros polg\u00e1rmestere meggy\u00fajtotta meg az els\u0151, lila sz\u00edn\u0171 \u00e1dventi gyerty\u00e1t a k\u00fclt\u00e9ri koszor\u00fan. Az \u00fcnneps\u00e9g szentmis\u00e9vel z\u00e1rult a pl\u00e9b\u00e1niatemplomban.<\/p>\n\n\n\n<figure class=\"wp-block-gallery columns-3 is-cropped wp-block-gallery-3 is-layout-flex wp-block-gallery-is-layout-flex\"><ul class=\"blocks-gallery-grid\"><li class=\"blocks-gallery-item\"><figure><img loading=\"lazy\" decoding=\"async\" width=\"1024\" height=\"683\" src=\"https:\/\/marcali.plebania.hu\/wp-content\/uploads\/2022\/11\/18-1-1024x683.jpg\" alt=\"\" data-id=\"4084\" data-link=\"https:\/\/marcali.plebania.hu\/?attachment_id=4084\" class=\"wp-image-4084\" srcset=\"https:\/\/marcali.plebania.hu\/wp-content\/uploads\/2022\/11\/18-1-1024x683.jpg 1024w, https:\/\/marcali.plebania.hu\/wp-content\/uploads\/2022\/11\/18-1-300x200.jpg 300w, https:\/\/marcali.plebania.hu\/wp-content\/uploads\/2022\/11\/18-1-768x512.jpg 768w, https:\/\/marcali.plebania.hu\/wp-content\/uploads\/2022\/11\/18-1-1536x1024.jpg 1536w, https:\/\/marcali.plebania.hu\/wp-content\/uploads\/2022\/11\/18-1-2048x1365.jpg 2048w, https:\/\/marcali.plebania.hu\/wp-content\/uploads\/2022\/11\/18-1-405x270.jpg 405w\" sizes=\"auto, (max-width: 1024px) 100vw, 1024px\" \/><\/figure><\/li><li class=\"blocks-gallery-item\"><figure><img loading=\"lazy\" decoding=\"async\" width=\"1024\" height=\"683\" src=\"https:\/\/marcali.plebania.hu\/wp-content\/uploads\/2022\/11\/20-1-1024x683.jpg\" alt=\"\" data-id=\"4086\" data-link=\"https:\/\/marcali.plebania.hu\/?attachment_id=4086\" class=\"wp-image-4086\" srcset=\"https:\/\/marcali.plebania.hu\/wp-content\/uploads\/2022\/11\/20-1-1024x683.jpg 1024w, https:\/\/marcali.plebania.hu\/wp-content\/uploads\/2022\/11\/20-1-300x200.jpg 300w, https:\/\/marcali.plebania.hu\/wp-content\/uploads\/2022\/11\/20-1-768x512.jpg 768w, https:\/\/marcali.plebania.hu\/wp-content\/uploads\/2022\/11\/20-1-1536x1024.jpg 1536w, https:\/\/marcali.plebania.hu\/wp-content\/uploads\/2022\/11\/20-1-2048x1365.jpg 2048w, https:\/\/marcali.plebania.hu\/wp-content\/uploads\/2022\/11\/20-1-405x270.jpg 405w\" sizes=\"auto, (max-width: 1024px) 100vw, 1024px\" \/><\/figure><\/li><li class=\"blocks-gallery-item\"><figure><img loading=\"lazy\" decoding=\"async\" width=\"1024\" height=\"683\" src=\"https:\/\/marcali.plebania.hu\/wp-content\/uploads\/2022\/11\/23-1-1024x683.jpg\" alt=\"\" data-id=\"4087\" data-link=\"https:\/\/marcali.plebania.hu\/?attachment_id=4087\" class=\"wp-image-4087\" srcset=\"https:\/\/marcali.plebania.hu\/wp-content\/uploads\/2022\/11\/23-1-1024x683.jpg 1024w, https:\/\/marcali.plebania.hu\/wp-content\/uploads\/2022\/11\/23-1-300x200.jpg 300w, https:\/\/marcali.plebania.hu\/wp-content\/uploads\/2022\/11\/23-1-768x512.jpg 768w, https:\/\/marcali.plebania.hu\/wp-content\/uploads\/2022\/11\/23-1-1536x1024.jpg 1536w, https:\/\/marcali.plebania.hu\/wp-content\/uploads\/2022\/11\/23-1-2048x1365.jpg 2048w, https:\/\/marcali.plebania.hu\/wp-content\/uploads\/2022\/11\/23-1-405x270.jpg 405w\" sizes=\"auto, (max-width: 1024px) 100vw, 1024px\" \/><\/figure><\/li><li class=\"blocks-gallery-item\"><figure><img loading=\"lazy\" decoding=\"async\" width=\"1024\" height=\"683\" src=\"https:\/\/marcali.plebania.hu\/wp-content\/uploads\/2022\/11\/28-1024x683.jpg\" alt=\"\" data-id=\"4088\" data-full-url=\"https:\/\/marcali.plebania.hu\/wp-content\/uploads\/2022\/11\/28-scaled.jpg\" data-link=\"https:\/\/marcali.plebania.hu\/?attachment_id=4088\" class=\"wp-image-4088\" srcset=\"https:\/\/marcali.plebania.hu\/wp-content\/uploads\/2022\/11\/28-1024x683.jpg 1024w, https:\/\/marcali.plebania.hu\/wp-content\/uploads\/2022\/11\/28-300x200.jpg 300w, https:\/\/marcali.plebania.hu\/wp-content\/uploads\/2022\/11\/28-768x512.jpg 768w, https:\/\/marcali.plebania.hu\/wp-content\/uploads\/2022\/11\/28-1536x1024.jpg 1536w, https:\/\/marcali.plebania.hu\/wp-content\/uploads\/2022\/11\/28-2048x1365.jpg 2048w, https:\/\/marcali.plebania.hu\/wp-content\/uploads\/2022\/11\/28-405x270.jpg 405w\" sizes=\"auto, (max-width: 1024px) 100vw, 1024px\" \/><\/figure><\/li><\/ul><\/figure>\n\n\n\n<p>A k\u00f6vetkez\u0151 gyertyagy\u00fajt\u00e1s egy h\u00e9t m\u00falva ugyanitt, ugyanebben az id\u0151ben lesz a Miksz\u00e1th iskola di\u00e1kjainak m\u0171sor\u00e1val.<\/p>\n\n\n\n<figure class=\"wp-block-gallery columns-3 is-cropped wp-block-gallery-4 is-layout-flex wp-block-gallery-is-layout-flex\"><ul class=\"blocks-gallery-grid\"><li class=\"blocks-gallery-item\"><figure><img loading=\"lazy\" decoding=\"async\" width=\"1024\" height=\"683\" src=\"https:\/\/marcali.plebania.hu\/wp-content\/uploads\/2022\/11\/14-1024x683.jpg\" alt=\"\" data-id=\"4089\" data-link=\"https:\/\/marcali.plebania.hu\/?attachment_id=4089\" class=\"wp-image-4089\" srcset=\"https:\/\/marcali.plebania.hu\/wp-content\/uploads\/2022\/11\/14-1024x683.jpg 1024w, https:\/\/marcali.plebania.hu\/wp-content\/uploads\/2022\/11\/14-300x200.jpg 300w, https:\/\/marcali.plebania.hu\/wp-content\/uploads\/2022\/11\/14-768x512.jpg 768w, https:\/\/marcali.plebania.hu\/wp-content\/uploads\/2022\/11\/14-1536x1024.jpg 1536w, https:\/\/marcali.plebania.hu\/wp-content\/uploads\/2022\/11\/14-2048x1365.jpg 2048w, https:\/\/marcali.plebania.hu\/wp-content\/uploads\/2022\/11\/14-405x270.jpg 405w\" sizes=\"auto, (max-width: 1024px) 100vw, 1024px\" \/><\/figure><\/li><li class=\"blocks-gallery-item\"><figure><img loading=\"lazy\" decoding=\"async\" width=\"1024\" height=\"683\" src=\"https:\/\/marcali.plebania.hu\/wp-content\/uploads\/2022\/11\/27-1-1024x683.jpg\" alt=\"\" data-id=\"4090\" data-link=\"https:\/\/marcali.plebania.hu\/?attachment_id=4090\" class=\"wp-image-4090\" srcset=\"https:\/\/marcali.plebania.hu\/wp-content\/uploads\/2022\/11\/27-1-1024x683.jpg 1024w, https:\/\/marcali.plebania.hu\/wp-content\/uploads\/2022\/11\/27-1-300x200.jpg 300w, https:\/\/marcali.plebania.hu\/wp-content\/uploads\/2022\/11\/27-1-768x512.jpg 768w, https:\/\/marcali.plebania.hu\/wp-content\/uploads\/2022\/11\/27-1-1536x1024.jpg 1536w, https:\/\/marcali.plebania.hu\/wp-content\/uploads\/2022\/11\/27-1-2048x1365.jpg 2048w, https:\/\/marcali.plebania.hu\/wp-content\/uploads\/2022\/11\/27-1-405x270.jpg 405w\" sizes=\"auto, (max-width: 1024px) 100vw, 1024px\" \/><\/figure><\/li><li class=\"blocks-gallery-item\"><figure><img loading=\"lazy\" decoding=\"async\" width=\"1024\" height=\"683\" src=\"https:\/\/marcali.plebania.hu\/wp-content\/uploads\/2022\/11\/19-1-1024x683.jpg\" alt=\"\" data-id=\"4091\" data-link=\"https:\/\/marcali.plebania.hu\/?attachment_id=4091\" class=\"wp-image-4091\" srcset=\"https:\/\/marcali.plebania.hu\/wp-content\/uploads\/2022\/11\/19-1-1024x683.jpg 1024w, https:\/\/marcali.plebania.hu\/wp-content\/uploads\/2022\/11\/19-1-300x200.jpg 300w, https:\/\/marcali.plebania.hu\/wp-content\/uploads\/2022\/11\/19-1-768x512.jpg 768w, https:\/\/marcali.plebania.hu\/wp-content\/uploads\/2022\/11\/19-1-1536x1024.jpg 1536w, https:\/\/marcali.plebania.hu\/wp-content\/uploads\/2022\/11\/19-1-2048x1365.jpg 2048w, https:\/\/marcali.plebania.hu\/wp-content\/uploads\/2022\/11\/19-1-405x270.jpg 405w\" sizes=\"auto, (max-width: 1024px) 100vw, 1024px\" \/><\/figure><\/li><li class=\"blocks-gallery-item\"><figure><img loading=\"lazy\" decoding=\"async\" width=\"1024\" height=\"683\" src=\"https:\/\/marcali.plebania.hu\/wp-content\/uploads\/2022\/11\/16-1-1024x683.jpg\" alt=\"\" data-id=\"4092\" data-full-url=\"https:\/\/marcali.plebania.hu\/wp-content\/uploads\/2022\/11\/16-1-scaled.jpg\" data-link=\"https:\/\/marcali.plebania.hu\/?attachment_id=4092\" class=\"wp-image-4092\" srcset=\"https:\/\/marcali.plebania.hu\/wp-content\/uploads\/2022\/11\/16-1-1024x683.jpg 1024w, https:\/\/marcali.plebania.hu\/wp-content\/uploads\/2022\/11\/16-1-300x200.jpg 300w, https:\/\/marcali.plebania.hu\/wp-content\/uploads\/2022\/11\/16-1-768x512.jpg 768w, https:\/\/marcali.plebania.hu\/wp-content\/uploads\/2022\/11\/16-1-1536x1024.jpg 1536w, https:\/\/marcali.plebania.hu\/wp-content\/uploads\/2022\/11\/16-1-2048x1365.jpg 2048w, https:\/\/marcali.plebania.hu\/wp-content\/uploads\/2022\/11\/16-1-405x270.jpg 405w\" sizes=\"auto, (max-width: 1024px) 100vw, 1024px\" \/><\/figure><\/li><\/ul><\/figure>\n","protected":false},"excerpt":{"rendered":"<p>2022. november 26-\u00e1n, \u00e1dvent els\u0151 szombatj\u00e1n \u2013 a kor\u00e1bbi \u00e9vek hagyom\u00e1nyait k\u00f6vetve \u2013 17 \u00f3rakor \u00fcnnepi m\u0171sor keret\u00e9ben gy\u00fajtott\u00e1k meg az els\u0151 gyerty\u00e1t Marcaliban, a Gy\u00fcm\u00f6lcsolt\u00f3 Boldogasszony pl\u00e9b\u00e1niatemplom el\u0151tti t\u00e9ren l\u00e9v\u0151 k\u00fclt\u00e9ri \u00e1dventi koszor\u00fan. Az egyh\u00e1zk\u00f6zs\u00e9g \u00e9s a v\u00e1ros k\u00f6z\u00f6s kar\u00e1csonyv\u00e1r\u00f3 \u00fcnneps\u00e9g\u00e9re nagy sz\u00e1mban elj\u00f6ttek fiatalok \u00e9s id\u0151sek egyar\u00e1nt. A megjelenteket Kiss Iv\u00e1n c. pr\u00e9post, pl\u00e9b\u00e1nos k\u00f6sz\u00f6nt\u00f6tte, majd r\u00f6viden sz\u00f3lt \u00e1dvent jelent\u0151s\u00e9g\u00e9r\u0151l. Ezut\u00e1n a Mesepark \u00d3voda Pillang\u00f3 Csoportj\u00e1nak 8 nagycsoportosa kar\u00e1csonyv\u00e1r\u00f3 verses-zen\u00e9s m\u0171sort adott el\u0151, melyet Kolozs Rita \u00e9s Jagadics&#8230;<\/p>\n<p class=\"read-more\"><a class=\"btn btn-default\" href=\"https:\/\/marcali.plebania.hu\/?p=4075\"> Read More<span class=\"screen-reader-text\">  Read More<\/span><\/a><\/p>\n","protected":false},"author":2,"featured_media":0,"comment_status":"closed","ping_status":"open","sticky":false,"template":"","format":"standard","meta":{"footnotes":""},"categories":[1],"tags":[],"class_list":["post-4075","post","type-post","status-publish","format-standard","hentry","category-egyeb"],"_links":{"self":[{"href":"https:\/\/marcali.plebania.hu\/index.php?rest_route=\/wp\/v2\/posts\/4075","targetHints":{"allow":["GET"]}}],"collection":[{"href":"https:\/\/marcali.plebania.hu\/index.php?rest_route=\/wp\/v2\/posts"}],"about":[{"href":"https:\/\/marcali.plebania.hu\/index.php?rest_route=\/wp\/v2\/types\/post"}],"author":[{"embeddable":true,"href":"https:\/\/marcali.plebania.hu\/index.php?rest_route=\/wp\/v2\/users\/2"}],"replies":[{"embeddable":true,"href":"https:\/\/marcali.plebania.hu\/index.php?rest_route=%2Fwp%2Fv2%2Fcomments&post=4075"}],"version-history":[{"count":1,"href":"https:\/\/marcali.plebania.hu\/index.php?rest_route=\/wp\/v2\/posts\/4075\/revisions"}],"predecessor-version":[{"id":4093,"href":"https:\/\/marcali.plebania.hu\/index.php?rest_route=\/wp\/v2\/posts\/4075\/revisions\/4093"}],"wp:attachment":[{"href":"https:\/\/marcali.plebania.hu\/index.php?rest_route=%2Fwp%2Fv2%2Fmedia&parent=4075"}],"wp:term":[{"taxonomy":"category","embeddable":true,"href":"https:\/\/marcali.plebania.hu\/index.php?rest_route=%2Fwp%2Fv2%2Fcategories&post=4075"},{"taxonomy":"post_tag","embeddable":true,"href":"https:\/\/marcali.plebania.hu\/index.php?rest_route=%2Fwp%2Fv2%2Ftags&post=4075"}],"curies":[{"name":"wp","href":"https:\/\/api.w.org\/{rel}","templated":true}]}}