{"id":409,"date":"2018-11-09T08:43:51","date_gmt":"2018-11-09T08:43:51","guid":{"rendered":"https:\/\/marcali.plebania.hu\/?p=409"},"modified":"2018-11-09T08:43:51","modified_gmt":"2018-11-09T08:43:51","slug":"hirdetesek-2018-11-11","status":"publish","type":"post","link":"https:\/\/marcali.plebania.hu\/?p=409","title":{"rendered":"Hirdet\u00e9sek, 2018. 11. 11."},"content":{"rendered":"<ol>\n<li>Ma van az \u00e9vk\u00f6zi 32. vas\u00e1rnap.<\/li>\n<li>A j\u00f6v\u0151 h\u00e9ten, kedden, november 13-\u00e1n 16 \u00f3rakor farimai \u00e1jtatoss\u00e1got tartunk, 17 \u00f3rakor szentmise.<\/li>\n<li>Szerd\u00e1n 17.30-kor az X-h\u00e1z nagyterm\u00e9ben a K\u00c9SZ-rendez\u00e9s\u00e9ben Huszti G\u00e1bor a Kl\u00edmav\u00e1ltoz\u00e1s \u00e9s hat\u00e1sai c\u00edmmel tart el\u0151ad\u00e1st, melyre a h\u00edveket is szeretettel h\u00edvj\u00e1k \u00e9s v\u00e1rj\u00e1k a szervez\u0151k.<\/li>\n<li>\u00d6r\u00f6mmel \u00e9rtes\u00fclt\u00fcnk, hogy az MKPK szakmai zs\u0171rije Feh\u00e9r Veronika 6. oszt\u00e1lyos hittanosunk rajz\u00e1t \u00e9rt\u00e9kelte \u00e9s beh\u00edvta a november 17-i eredm\u00e9nyhirdet\u00e9sre. A Noszlopy iskola igazgat\u00f3ja meg\u00edg\u00e9rte, hogy az \u00f6sszes helyezett tanul\u00f3iknak a j\u00f6v\u0151 keddi hirdet\u00e9skor adj\u00e1k \u00e1t a d\u00edjakat \u00e9s az igazgat\u00f3i dics\u00e9reteket. A Miksz\u00e1th iskol\u00e1ban mindez m\u00e1r megt\u00f6rt\u00e9nt.<\/li>\n<li>Napt\u00e1rak, kalend\u00e1riumok a sekresty\u00e9ben kaphat\u00f3k.<\/li>\n<\/ol>\n","protected":false},"excerpt":{"rendered":"<p>Ma van az \u00e9vk\u00f6zi 32. vas\u00e1rnap. A j\u00f6v\u0151 h\u00e9ten, kedden, november 13-\u00e1n 16 \u00f3rakor farimai \u00e1jtatoss\u00e1got tartunk, 17 \u00f3rakor szentmise. Szerd\u00e1n 17.30-kor az X-h\u00e1z nagyterm\u00e9ben a K\u00c9SZ-rendez\u00e9s\u00e9ben Huszti G\u00e1bor a Kl\u00edmav\u00e1ltoz\u00e1s \u00e9s hat\u00e1sai c\u00edmmel tart el\u0151ad\u00e1st, melyre a h\u00edveket is szeretettel h\u00edvj\u00e1k \u00e9s v\u00e1rj\u00e1k a szervez\u0151k. \u00d6r\u00f6mmel \u00e9rtes\u00fclt\u00fcnk, hogy az MKPK szakmai zs\u0171rije Feh\u00e9r Veronika 6. oszt\u00e1lyos hittanosunk rajz\u00e1t \u00e9rt\u00e9kelte \u00e9s beh\u00edvta a november 17-i eredm\u00e9nyhirdet\u00e9sre. A Noszlopy iskola igazgat\u00f3ja meg\u00edg\u00e9rte, hogy az \u00f6sszes helyezett tanul\u00f3iknak a j\u00f6v\u0151 keddi hirdet\u00e9skor&#8230;<\/p>\n<p class=\"read-more\"><a class=\"btn btn-default\" href=\"https:\/\/marcali.plebania.hu\/?p=409\"> Read More<span class=\"screen-reader-text\">  Read More<\/span><\/a><\/p>\n","protected":false},"author":2,"featured_media":0,"comment_status":"closed","ping_status":"open","sticky":false,"template":"","format":"standard","meta":{"footnotes":""},"categories":[1],"tags":[],"class_list":["post-409","post","type-post","status-publish","format-standard","hentry","category-egyeb"],"_links":{"self":[{"href":"https:\/\/marcali.plebania.hu\/index.php?rest_route=\/wp\/v2\/posts\/409","targetHints":{"allow":["GET"]}}],"collection":[{"href":"https:\/\/marcali.plebania.hu\/index.php?rest_route=\/wp\/v2\/posts"}],"about":[{"href":"https:\/\/marcali.plebania.hu\/index.php?rest_route=\/wp\/v2\/types\/post"}],"author":[{"embeddable":true,"href":"https:\/\/marcali.plebania.hu\/index.php?rest_route=\/wp\/v2\/users\/2"}],"replies":[{"embeddable":true,"href":"https:\/\/marcali.plebania.hu\/index.php?rest_route=%2Fwp%2Fv2%2Fcomments&post=409"}],"version-history":[{"count":1,"href":"https:\/\/marcali.plebania.hu\/index.php?rest_route=\/wp\/v2\/posts\/409\/revisions"}],"predecessor-version":[{"id":410,"href":"https:\/\/marcali.plebania.hu\/index.php?rest_route=\/wp\/v2\/posts\/409\/revisions\/410"}],"wp:attachment":[{"href":"https:\/\/marcali.plebania.hu\/index.php?rest_route=%2Fwp%2Fv2%2Fmedia&parent=409"}],"wp:term":[{"taxonomy":"category","embeddable":true,"href":"https:\/\/marcali.plebania.hu\/index.php?rest_route=%2Fwp%2Fv2%2Fcategories&post=409"},{"taxonomy":"post_tag","embeddable":true,"href":"https:\/\/marcali.plebania.hu\/index.php?rest_route=%2Fwp%2Fv2%2Ftags&post=409"}],"curies":[{"name":"wp","href":"https:\/\/api.w.org\/{rel}","templated":true}]}}