{"id":4095,"date":"2022-12-01T15:41:28","date_gmt":"2022-12-01T15:41:28","guid":{"rendered":"https:\/\/marcali.plebania.hu\/?p=4095"},"modified":"2022-12-01T15:41:28","modified_gmt":"2022-12-01T15:41:28","slug":"kuldetesi-szentmisevel-es-puspoki-aldassal-zarult-az-elet-a-lelekben-szeminarium-marcaliban","status":"publish","type":"post","link":"https:\/\/marcali.plebania.hu\/?p=4095","title":{"rendered":"K\u00fcldet\u00e9si szentmis\u00e9vel \u00e9s p\u00fcsp\u00f6ki \u00e1ld\u00e1ssal z\u00e1rult az \u00c9let a L\u00e9lekben Szemin\u00e1rium Marcaliban"},"content":{"rendered":"\n<p>November 28-\u00e1n, h\u00e9tf\u0151n este 18 \u00f3rakor p\u00fcsp\u00f6ki szentmis\u00e9vel z\u00e1rult az &#8222;\u00c9let a L\u00e9lekben Szemin\u00e1rium&#8221; Marcaliban, a Gy\u00fcm\u00f6lcsolt\u00f3 Boldogasszony Pl\u00e9b\u00e1niatemplomban.<\/p>\n\n\n\n<figure class=\"wp-block-gallery columns-3 is-cropped wp-block-gallery-1 is-layout-flex wp-block-gallery-is-layout-flex\"><ul class=\"blocks-gallery-grid\"><li class=\"blocks-gallery-item\"><figure><img loading=\"lazy\" decoding=\"async\" width=\"1024\" height=\"683\" src=\"https:\/\/marcali.plebania.hu\/wp-content\/uploads\/2022\/12\/02-1024x683.jpg\" alt=\"\" data-id=\"4096\" data-link=\"https:\/\/marcali.plebania.hu\/?attachment_id=4096\" class=\"wp-image-4096\" srcset=\"https:\/\/marcali.plebania.hu\/wp-content\/uploads\/2022\/12\/02-1024x683.jpg 1024w, https:\/\/marcali.plebania.hu\/wp-content\/uploads\/2022\/12\/02-300x200.jpg 300w, https:\/\/marcali.plebania.hu\/wp-content\/uploads\/2022\/12\/02-768x512.jpg 768w, https:\/\/marcali.plebania.hu\/wp-content\/uploads\/2022\/12\/02-1536x1024.jpg 1536w, https:\/\/marcali.plebania.hu\/wp-content\/uploads\/2022\/12\/02-2048x1365.jpg 2048w, https:\/\/marcali.plebania.hu\/wp-content\/uploads\/2022\/12\/02-405x270.jpg 405w\" sizes=\"auto, (max-width: 1024px) 100vw, 1024px\" \/><\/figure><\/li><li class=\"blocks-gallery-item\"><figure><img loading=\"lazy\" decoding=\"async\" width=\"1024\" height=\"683\" src=\"https:\/\/marcali.plebania.hu\/wp-content\/uploads\/2022\/12\/03-1024x683.jpg\" alt=\"\" data-id=\"4097\" data-link=\"https:\/\/marcali.plebania.hu\/?attachment_id=4097\" class=\"wp-image-4097\" srcset=\"https:\/\/marcali.plebania.hu\/wp-content\/uploads\/2022\/12\/03-1024x683.jpg 1024w, https:\/\/marcali.plebania.hu\/wp-content\/uploads\/2022\/12\/03-300x200.jpg 300w, https:\/\/marcali.plebania.hu\/wp-content\/uploads\/2022\/12\/03-768x512.jpg 768w, https:\/\/marcali.plebania.hu\/wp-content\/uploads\/2022\/12\/03-1536x1024.jpg 1536w, https:\/\/marcali.plebania.hu\/wp-content\/uploads\/2022\/12\/03-2048x1365.jpg 2048w, https:\/\/marcali.plebania.hu\/wp-content\/uploads\/2022\/12\/03-405x270.jpg 405w\" sizes=\"auto, (max-width: 1024px) 100vw, 1024px\" \/><\/figure><\/li><li class=\"blocks-gallery-item\"><figure><img loading=\"lazy\" decoding=\"async\" width=\"1024\" height=\"683\" src=\"https:\/\/marcali.plebania.hu\/wp-content\/uploads\/2022\/12\/04-1024x683.jpg\" alt=\"\" data-id=\"4098\" data-link=\"https:\/\/marcali.plebania.hu\/?attachment_id=4098\" class=\"wp-image-4098\" srcset=\"https:\/\/marcali.plebania.hu\/wp-content\/uploads\/2022\/12\/04-1024x683.jpg 1024w, https:\/\/marcali.plebania.hu\/wp-content\/uploads\/2022\/12\/04-300x200.jpg 300w, https:\/\/marcali.plebania.hu\/wp-content\/uploads\/2022\/12\/04-768x512.jpg 768w, https:\/\/marcali.plebania.hu\/wp-content\/uploads\/2022\/12\/04-1536x1024.jpg 1536w, https:\/\/marcali.plebania.hu\/wp-content\/uploads\/2022\/12\/04-2048x1365.jpg 2048w, https:\/\/marcali.plebania.hu\/wp-content\/uploads\/2022\/12\/04-405x270.jpg 405w\" sizes=\"auto, (max-width: 1024px) 100vw, 1024px\" \/><\/figure><\/li><li class=\"blocks-gallery-item\"><figure><img loading=\"lazy\" decoding=\"async\" width=\"1024\" height=\"683\" src=\"https:\/\/marcali.plebania.hu\/wp-content\/uploads\/2022\/12\/01-1024x683.jpg\" alt=\"\" data-id=\"4099\" data-full-url=\"https:\/\/marcali.plebania.hu\/wp-content\/uploads\/2022\/12\/01-scaled.jpg\" data-link=\"https:\/\/marcali.plebania.hu\/?attachment_id=4099\" class=\"wp-image-4099\" srcset=\"https:\/\/marcali.plebania.hu\/wp-content\/uploads\/2022\/12\/01-1024x683.jpg 1024w, https:\/\/marcali.plebania.hu\/wp-content\/uploads\/2022\/12\/01-300x200.jpg 300w, https:\/\/marcali.plebania.hu\/wp-content\/uploads\/2022\/12\/01-768x512.jpg 768w, https:\/\/marcali.plebania.hu\/wp-content\/uploads\/2022\/12\/01-1536x1024.jpg 1536w, https:\/\/marcali.plebania.hu\/wp-content\/uploads\/2022\/12\/01-2048x1365.jpg 2048w, https:\/\/marcali.plebania.hu\/wp-content\/uploads\/2022\/12\/01-405x270.jpg 405w\" sizes=\"auto, (max-width: 1024px) 100vw, 1024px\" \/><\/figure><\/li><\/ul><\/figure>\n\n\n\n<p>Az istentiszteletet Varga L\u00e1szl\u00f3 kaposv\u00e1ri megy\u00e9sp\u00fcsp\u00f6k celebr\u00e1lta, Kiss Iv\u00e1n c. pr\u00e9post, pl\u00e9b\u00e1nos \u00e9s Udvardy M\u00e1rton p\u00fcsp\u00f6ki szertart\u00f3, \u00e1lland\u00f3 diak\u00f3nus k\u00f6zrem\u0171k\u00f6d\u00e9s\u00e9vel. Ezt az \u00fcnnepi alkalmat azoknak a f\u00e9rfiak szervezt\u00e9k, akik r\u00e9szt vettek az okt\u00f3ber 3. \u2013 november 28. k\u00f6z\u00f6tt, h\u00e9tf\u0151nk\u00e9nt megtartott kurzuson az egyh\u00e1zk\u00f6zs\u00e9g k\u00f6z\u00f6ss\u00e9gi h\u00e1z\u00e1ban (X-h\u00e1z).<\/p>\n\n\n\n<figure class=\"wp-block-gallery columns-3 is-cropped wp-block-gallery-2 is-layout-flex wp-block-gallery-is-layout-flex\"><ul class=\"blocks-gallery-grid\"><li class=\"blocks-gallery-item\"><figure><img loading=\"lazy\" decoding=\"async\" width=\"1024\" height=\"683\" src=\"https:\/\/marcali.plebania.hu\/wp-content\/uploads\/2022\/12\/07-1024x683.jpg\" alt=\"\" data-id=\"4100\" data-link=\"https:\/\/marcali.plebania.hu\/?attachment_id=4100\" class=\"wp-image-4100\" srcset=\"https:\/\/marcali.plebania.hu\/wp-content\/uploads\/2022\/12\/07-1024x683.jpg 1024w, https:\/\/marcali.plebania.hu\/wp-content\/uploads\/2022\/12\/07-300x200.jpg 300w, https:\/\/marcali.plebania.hu\/wp-content\/uploads\/2022\/12\/07-768x512.jpg 768w, https:\/\/marcali.plebania.hu\/wp-content\/uploads\/2022\/12\/07-1536x1024.jpg 1536w, https:\/\/marcali.plebania.hu\/wp-content\/uploads\/2022\/12\/07-2048x1365.jpg 2048w, https:\/\/marcali.plebania.hu\/wp-content\/uploads\/2022\/12\/07-405x270.jpg 405w\" sizes=\"auto, (max-width: 1024px) 100vw, 1024px\" \/><\/figure><\/li><li class=\"blocks-gallery-item\"><figure><img loading=\"lazy\" decoding=\"async\" width=\"1024\" height=\"683\" src=\"https:\/\/marcali.plebania.hu\/wp-content\/uploads\/2022\/12\/08-1024x683.jpg\" alt=\"\" data-id=\"4101\" data-link=\"https:\/\/marcali.plebania.hu\/?attachment_id=4101\" class=\"wp-image-4101\" srcset=\"https:\/\/marcali.plebania.hu\/wp-content\/uploads\/2022\/12\/08-1024x683.jpg 1024w, https:\/\/marcali.plebania.hu\/wp-content\/uploads\/2022\/12\/08-300x200.jpg 300w, https:\/\/marcali.plebania.hu\/wp-content\/uploads\/2022\/12\/08-768x512.jpg 768w, https:\/\/marcali.plebania.hu\/wp-content\/uploads\/2022\/12\/08-1536x1024.jpg 1536w, https:\/\/marcali.plebania.hu\/wp-content\/uploads\/2022\/12\/08-2048x1365.jpg 2048w, https:\/\/marcali.plebania.hu\/wp-content\/uploads\/2022\/12\/08-405x270.jpg 405w\" sizes=\"auto, (max-width: 1024px) 100vw, 1024px\" \/><\/figure><\/li><li class=\"blocks-gallery-item\"><figure><img loading=\"lazy\" decoding=\"async\" width=\"1024\" height=\"683\" src=\"https:\/\/marcali.plebania.hu\/wp-content\/uploads\/2022\/12\/10-1024x683.jpg\" alt=\"\" data-id=\"4102\" data-link=\"https:\/\/marcali.plebania.hu\/?attachment_id=4102\" class=\"wp-image-4102\" srcset=\"https:\/\/marcali.plebania.hu\/wp-content\/uploads\/2022\/12\/10-1024x683.jpg 1024w, https:\/\/marcali.plebania.hu\/wp-content\/uploads\/2022\/12\/10-300x200.jpg 300w, https:\/\/marcali.plebania.hu\/wp-content\/uploads\/2022\/12\/10-768x512.jpg 768w, https:\/\/marcali.plebania.hu\/wp-content\/uploads\/2022\/12\/10-1536x1024.jpg 1536w, https:\/\/marcali.plebania.hu\/wp-content\/uploads\/2022\/12\/10-2048x1365.jpg 2048w, https:\/\/marcali.plebania.hu\/wp-content\/uploads\/2022\/12\/10-405x270.jpg 405w\" sizes=\"auto, (max-width: 1024px) 100vw, 1024px\" \/><\/figure><\/li><li class=\"blocks-gallery-item\"><figure><img loading=\"lazy\" decoding=\"async\" width=\"1024\" height=\"683\" src=\"https:\/\/marcali.plebania.hu\/wp-content\/uploads\/2022\/12\/06-1024x683.jpg\" alt=\"\" data-id=\"4103\" data-full-url=\"https:\/\/marcali.plebania.hu\/wp-content\/uploads\/2022\/12\/06-scaled.jpg\" data-link=\"https:\/\/marcali.plebania.hu\/?attachment_id=4103\" class=\"wp-image-4103\" srcset=\"https:\/\/marcali.plebania.hu\/wp-content\/uploads\/2022\/12\/06-1024x683.jpg 1024w, https:\/\/marcali.plebania.hu\/wp-content\/uploads\/2022\/12\/06-300x200.jpg 300w, https:\/\/marcali.plebania.hu\/wp-content\/uploads\/2022\/12\/06-768x512.jpg 768w, https:\/\/marcali.plebania.hu\/wp-content\/uploads\/2022\/12\/06-1536x1024.jpg 1536w, https:\/\/marcali.plebania.hu\/wp-content\/uploads\/2022\/12\/06-2048x1365.jpg 2048w, https:\/\/marcali.plebania.hu\/wp-content\/uploads\/2022\/12\/06-405x270.jpg 405w\" sizes=\"auto, (max-width: 1024px) 100vw, 1024px\" \/><\/figure><\/li><\/ul><\/figure>\n\n\n\n<p>A Jopp\u00e9 Evangeliz\u00e1ci\u00f3s K\u00f6zpont szervez\u00e9s\u00e9ben az \u00c9let a L\u00e9lekben Szemin\u00e1riumot Udvardy M\u00e1rton vezette, munkat\u00e1rsai Daxner G\u00e1bor \u00e9s Szab\u00f3 Istv\u00e1n voltak. Az el\u0151ad\u00e1ssorozaton a r\u00e9sztvev\u0151k a hitr\u0151l, Isten szeretet\u00e9r\u0151l, a Szentl\u00e9lekr\u0151l, a J\u00e9zussal \u00e9s m\u00e1s embert\u00e1rsaikkal val\u00f3 szem\u00e9lyes kapcsolataikr\u00f3l volt els\u0151sorban sz\u00f3. Ezen k\u00edv\u00fcl megoszthatt\u00e1k m\u00e9g egym\u00e1ssal a fenti t\u00e9m\u00e1khoz kapcsol\u00f3d\u00f3 tapasztalataikat, esetleges k\u00e9rd\u00e9seiket is. V\u00e9g\u00fcl az eg\u00e9sz eddigi \u00e9let\u00fckre kiterjed\u0151 \u00e9letgy\u00f3n\u00e1sban is r\u00e9sz\u00fck volt. A program c\u00e9lja: az evangeliz\u00e1ci\u00f3, az egyh\u00e1zi tan\u00edt\u00e1s sz\u00e9lesebb k\u00f6r\u0171 megismertet\u00e9se a k\u00fclvil\u00e1ggal, olyan feln\u0151tt f\u00e9rfiak r\u00e9v\u00e9n, akik kell\u0151 hitbeli ismeretek birtok\u00e1ban alkalmasak erre a megb\u00edzat\u00e1sra.<\/p>\n\n\n\n<figure class=\"wp-block-gallery columns-3 is-cropped wp-block-gallery-3 is-layout-flex wp-block-gallery-is-layout-flex\"><ul class=\"blocks-gallery-grid\"><li class=\"blocks-gallery-item\"><figure><img loading=\"lazy\" decoding=\"async\" width=\"1024\" height=\"683\" src=\"https:\/\/marcali.plebania.hu\/wp-content\/uploads\/2022\/12\/14-1024x683.jpg\" alt=\"\" data-id=\"4104\" data-link=\"https:\/\/marcali.plebania.hu\/?attachment_id=4104\" class=\"wp-image-4104\" srcset=\"https:\/\/marcali.plebania.hu\/wp-content\/uploads\/2022\/12\/14-1024x683.jpg 1024w, https:\/\/marcali.plebania.hu\/wp-content\/uploads\/2022\/12\/14-300x200.jpg 300w, https:\/\/marcali.plebania.hu\/wp-content\/uploads\/2022\/12\/14-768x512.jpg 768w, https:\/\/marcali.plebania.hu\/wp-content\/uploads\/2022\/12\/14-1536x1024.jpg 1536w, https:\/\/marcali.plebania.hu\/wp-content\/uploads\/2022\/12\/14-2048x1365.jpg 2048w, https:\/\/marcali.plebania.hu\/wp-content\/uploads\/2022\/12\/14-405x270.jpg 405w\" sizes=\"auto, (max-width: 1024px) 100vw, 1024px\" \/><\/figure><\/li><li class=\"blocks-gallery-item\"><figure><img loading=\"lazy\" decoding=\"async\" width=\"1024\" height=\"683\" src=\"https:\/\/marcali.plebania.hu\/wp-content\/uploads\/2022\/12\/16-1024x683.jpg\" alt=\"\" data-id=\"4105\" data-link=\"https:\/\/marcali.plebania.hu\/?attachment_id=4105\" class=\"wp-image-4105\" srcset=\"https:\/\/marcali.plebania.hu\/wp-content\/uploads\/2022\/12\/16-1024x683.jpg 1024w, https:\/\/marcali.plebania.hu\/wp-content\/uploads\/2022\/12\/16-300x200.jpg 300w, https:\/\/marcali.plebania.hu\/wp-content\/uploads\/2022\/12\/16-768x512.jpg 768w, https:\/\/marcali.plebania.hu\/wp-content\/uploads\/2022\/12\/16-1536x1024.jpg 1536w, https:\/\/marcali.plebania.hu\/wp-content\/uploads\/2022\/12\/16-2048x1365.jpg 2048w, https:\/\/marcali.plebania.hu\/wp-content\/uploads\/2022\/12\/16-405x270.jpg 405w\" sizes=\"auto, (max-width: 1024px) 100vw, 1024px\" \/><\/figure><\/li><li class=\"blocks-gallery-item\"><figure><img loading=\"lazy\" decoding=\"async\" width=\"1024\" height=\"683\" src=\"https:\/\/marcali.plebania.hu\/wp-content\/uploads\/2022\/12\/18-1024x683.jpg\" alt=\"\" data-id=\"4106\" data-link=\"https:\/\/marcali.plebania.hu\/?attachment_id=4106\" class=\"wp-image-4106\" srcset=\"https:\/\/marcali.plebania.hu\/wp-content\/uploads\/2022\/12\/18-1024x683.jpg 1024w, https:\/\/marcali.plebania.hu\/wp-content\/uploads\/2022\/12\/18-300x200.jpg 300w, https:\/\/marcali.plebania.hu\/wp-content\/uploads\/2022\/12\/18-768x512.jpg 768w, https:\/\/marcali.plebania.hu\/wp-content\/uploads\/2022\/12\/18-1536x1024.jpg 1536w, https:\/\/marcali.plebania.hu\/wp-content\/uploads\/2022\/12\/18-2048x1365.jpg 2048w, https:\/\/marcali.plebania.hu\/wp-content\/uploads\/2022\/12\/18-405x270.jpg 405w\" sizes=\"auto, (max-width: 1024px) 100vw, 1024px\" \/><\/figure><\/li><li class=\"blocks-gallery-item\"><figure><img loading=\"lazy\" decoding=\"async\" width=\"1024\" height=\"683\" src=\"https:\/\/marcali.plebania.hu\/wp-content\/uploads\/2022\/12\/23-1024x683.jpg\" alt=\"\" data-id=\"4107\" data-full-url=\"https:\/\/marcali.plebania.hu\/wp-content\/uploads\/2022\/12\/23-scaled.jpg\" data-link=\"https:\/\/marcali.plebania.hu\/?attachment_id=4107\" class=\"wp-image-4107\" srcset=\"https:\/\/marcali.plebania.hu\/wp-content\/uploads\/2022\/12\/23-1024x683.jpg 1024w, https:\/\/marcali.plebania.hu\/wp-content\/uploads\/2022\/12\/23-300x200.jpg 300w, https:\/\/marcali.plebania.hu\/wp-content\/uploads\/2022\/12\/23-768x512.jpg 768w, https:\/\/marcali.plebania.hu\/wp-content\/uploads\/2022\/12\/23-1536x1024.jpg 1536w, https:\/\/marcali.plebania.hu\/wp-content\/uploads\/2022\/12\/23-2048x1365.jpg 2048w, https:\/\/marcali.plebania.hu\/wp-content\/uploads\/2022\/12\/23-405x270.jpg 405w\" sizes=\"auto, (max-width: 1024px) 100vw, 1024px\" \/><\/figure><\/li><\/ul><\/figure>\n\n\n\n<p>A\nz\u00e1r\u00f3 szentmis\u00e9n Varga L\u00e1szl\u00f3 megy\u00e9sf\u0151p\u00e1sztor szentbesz\u00e9d\u00e9ben \u00f6r\u00f6m\u00e9t fejezte ki,\nhogy Marcali is helyt adott a kezdem\u00e9nyez\u00e9snek, ami az egyh\u00e1zmegy\u00e9ben elindult,\na helyi F\u00e9rfi K\u00f6r tagjainak pedig \u00fatraval\u00f3ul a k\u00f6vetkez\u0151ket hangs\u00falyozta ki:<\/p>\n\n\n\n<p>\u201eLegyetek vil\u00e1goss\u00e1g, legyetek a f\u00f6ld s\u00f3ja, legyetek kov\u00e1sz, legyetek apostolok ebben a vil\u00e1gban\u201d \u2013 utalt a k\u00fcldet\u00e9s\u00fckre. Majd ezeket a gondolatokat r\u00e9szletesebben is kifejtette: \u201eIsten ir\u00e1ntunk val\u00f3 szenved\u00e9lyes szeretete, l\u00e1ngol\u00f3 t\u0171z, olyan, amelyik k\u00e9pes l\u00e1ngot gy\u00fajtani a mai emberek sz\u00edv\u00e9ben\u201d. Pr\u00e9dik\u00e1ci\u00f3j\u00e1t a k\u00f6vetkez\u0151kkel folytatta: \u201eA Szentl\u00e9lek Isten szenved\u00e9lyes szeretet\u00e9nek a lelke kell, hogy l\u00e1ngra gy\u00fajtsa a sz\u00edv\u00fcnket, hogy vil\u00e1g\u00edtson az \u00e9let\u00fcnk.\u201d J\u00e9zus azt mondja tan\u00edtv\u00e1nyainak: \u201eLegyetek a f\u00f6ld s\u00f3ja \u00e9s a vil\u00e1g vil\u00e1goss\u00e1ga. A s\u00f3 legszebb tulajdons\u00e1ga, hogy kibontja az \u00edzeket az \u00e9telben. J\u00e9zus a szeretet \u00e1ltal bontja ki az \u00edzeket: a szeretet, a hit, a rem\u00e9ny \u00edz\u00e9t\u201d \u2013 utalt az egyh\u00e1z tan\u00edt\u00e1s\u00e1ra. \u201eIsten orsz\u00e1ga k\u00f6ztetek van. \u00dagy k\u00fcld\u00fcnk benneteket, hogy legyetek a t\u00f6bbiek sz\u00e1m\u00e1ra kov\u00e1sz. Isten szeretet orsz\u00e1g\u00e1nak a kov\u00e1sza. Legyetek Krisztus tan\u00edtv\u00e1nyai.\u201d \u2013 fejezte be gondolat\u00e1t a megy\u00e9sp\u00fcsp\u00f6k.<\/p>\n\n\n\n<figure class=\"wp-block-gallery columns-3 is-cropped wp-block-gallery-4 is-layout-flex wp-block-gallery-is-layout-flex\"><ul class=\"blocks-gallery-grid\"><li class=\"blocks-gallery-item\"><figure><img loading=\"lazy\" decoding=\"async\" width=\"1024\" height=\"683\" src=\"https:\/\/marcali.plebania.hu\/wp-content\/uploads\/2022\/12\/24-1024x683.jpg\" alt=\"\" data-id=\"4108\" data-link=\"https:\/\/marcali.plebania.hu\/?attachment_id=4108\" class=\"wp-image-4108\" srcset=\"https:\/\/marcali.plebania.hu\/wp-content\/uploads\/2022\/12\/24-1024x683.jpg 1024w, https:\/\/marcali.plebania.hu\/wp-content\/uploads\/2022\/12\/24-300x200.jpg 300w, https:\/\/marcali.plebania.hu\/wp-content\/uploads\/2022\/12\/24-768x512.jpg 768w, https:\/\/marcali.plebania.hu\/wp-content\/uploads\/2022\/12\/24-1536x1024.jpg 1536w, https:\/\/marcali.plebania.hu\/wp-content\/uploads\/2022\/12\/24-2048x1365.jpg 2048w, https:\/\/marcali.plebania.hu\/wp-content\/uploads\/2022\/12\/24-405x270.jpg 405w\" sizes=\"auto, (max-width: 1024px) 100vw, 1024px\" \/><\/figure><\/li><li class=\"blocks-gallery-item\"><figure><img loading=\"lazy\" decoding=\"async\" width=\"1024\" height=\"683\" src=\"https:\/\/marcali.plebania.hu\/wp-content\/uploads\/2022\/12\/30-1024x683.jpg\" alt=\"\" data-id=\"4109\" data-link=\"https:\/\/marcali.plebania.hu\/?attachment_id=4109\" class=\"wp-image-4109\" srcset=\"https:\/\/marcali.plebania.hu\/wp-content\/uploads\/2022\/12\/30-1024x683.jpg 1024w, https:\/\/marcali.plebania.hu\/wp-content\/uploads\/2022\/12\/30-300x200.jpg 300w, https:\/\/marcali.plebania.hu\/wp-content\/uploads\/2022\/12\/30-768x512.jpg 768w, https:\/\/marcali.plebania.hu\/wp-content\/uploads\/2022\/12\/30-1536x1024.jpg 1536w, https:\/\/marcali.plebania.hu\/wp-content\/uploads\/2022\/12\/30-2048x1365.jpg 2048w, https:\/\/marcali.plebania.hu\/wp-content\/uploads\/2022\/12\/30-405x270.jpg 405w\" sizes=\"auto, (max-width: 1024px) 100vw, 1024px\" \/><\/figure><\/li><li class=\"blocks-gallery-item\"><figure><img loading=\"lazy\" decoding=\"async\" width=\"1024\" height=\"683\" src=\"https:\/\/marcali.plebania.hu\/wp-content\/uploads\/2022\/12\/32-1024x683.jpg\" alt=\"\" data-id=\"4110\" data-link=\"https:\/\/marcali.plebania.hu\/?attachment_id=4110\" class=\"wp-image-4110\" srcset=\"https:\/\/marcali.plebania.hu\/wp-content\/uploads\/2022\/12\/32-1024x683.jpg 1024w, https:\/\/marcali.plebania.hu\/wp-content\/uploads\/2022\/12\/32-300x200.jpg 300w, https:\/\/marcali.plebania.hu\/wp-content\/uploads\/2022\/12\/32-768x512.jpg 768w, https:\/\/marcali.plebania.hu\/wp-content\/uploads\/2022\/12\/32-1536x1024.jpg 1536w, https:\/\/marcali.plebania.hu\/wp-content\/uploads\/2022\/12\/32-2048x1365.jpg 2048w, https:\/\/marcali.plebania.hu\/wp-content\/uploads\/2022\/12\/32-405x270.jpg 405w\" sizes=\"auto, (max-width: 1024px) 100vw, 1024px\" \/><\/figure><\/li><li class=\"blocks-gallery-item\"><figure><img loading=\"lazy\" decoding=\"async\" width=\"1024\" height=\"683\" src=\"https:\/\/marcali.plebania.hu\/wp-content\/uploads\/2022\/12\/33-1024x683.jpg\" alt=\"\" data-id=\"4111\" data-full-url=\"https:\/\/marcali.plebania.hu\/wp-content\/uploads\/2022\/12\/33-scaled.jpg\" data-link=\"https:\/\/marcali.plebania.hu\/?attachment_id=4111\" class=\"wp-image-4111\" srcset=\"https:\/\/marcali.plebania.hu\/wp-content\/uploads\/2022\/12\/33-1024x683.jpg 1024w, https:\/\/marcali.plebania.hu\/wp-content\/uploads\/2022\/12\/33-300x200.jpg 300w, https:\/\/marcali.plebania.hu\/wp-content\/uploads\/2022\/12\/33-768x512.jpg 768w, https:\/\/marcali.plebania.hu\/wp-content\/uploads\/2022\/12\/33-1536x1024.jpg 1536w, https:\/\/marcali.plebania.hu\/wp-content\/uploads\/2022\/12\/33-2048x1365.jpg 2048w, https:\/\/marcali.plebania.hu\/wp-content\/uploads\/2022\/12\/33-405x270.jpg 405w\" sizes=\"auto, (max-width: 1024px) 100vw, 1024px\" \/><\/figure><\/li><\/ul><\/figure>\n\n\n\n<p>Ezut\u00e1n k\u00f6vetkezett a k\u00fcldet\u00e9si szertart\u00e1s: a szemin\u00e1rium r\u00e9sztvev\u0151i, a Szentl\u00e9lek k\u00f6zbenj\u00e1r\u00e1st k\u00e9rve, k\u00f6z\u00f6s meger\u0151s\u00edt\u0151 im\u00e1ds\u00e1got mondtak el. Majd a p\u00fcsp\u00f6k egyes\u00e9vel elv\u00e9gezte a k\u00fcldet\u00e9si szertart\u00e1st, valamint meg\u00e1ldotta \u0151ket. Aj\u00e1nd\u00e9kba mindenki egy m\u00e9csest, egy 2023-as igeliturgikus \u00fatmutat\u00f3t \u00e9s egy t\u00e9gely meg\u00e1ldott s\u00f3t kapott \u2013 jelezve a k\u00fcldet\u00e9s\u00fck legfontosabb c\u00e9ljait.<\/p>\n\n\n\n<figure class=\"wp-block-gallery columns-3 is-cropped wp-block-gallery-5 is-layout-flex wp-block-gallery-is-layout-flex\"><ul class=\"blocks-gallery-grid\"><li class=\"blocks-gallery-item\"><figure><img loading=\"lazy\" decoding=\"async\" width=\"1024\" height=\"683\" src=\"https:\/\/marcali.plebania.hu\/wp-content\/uploads\/2022\/12\/40-1024x683.jpg\" alt=\"\" data-id=\"4112\" data-link=\"https:\/\/marcali.plebania.hu\/?attachment_id=4112\" class=\"wp-image-4112\" srcset=\"https:\/\/marcali.plebania.hu\/wp-content\/uploads\/2022\/12\/40-1024x683.jpg 1024w, https:\/\/marcali.plebania.hu\/wp-content\/uploads\/2022\/12\/40-300x200.jpg 300w, https:\/\/marcali.plebania.hu\/wp-content\/uploads\/2022\/12\/40-768x512.jpg 768w, https:\/\/marcali.plebania.hu\/wp-content\/uploads\/2022\/12\/40-1536x1024.jpg 1536w, https:\/\/marcali.plebania.hu\/wp-content\/uploads\/2022\/12\/40-2048x1365.jpg 2048w, https:\/\/marcali.plebania.hu\/wp-content\/uploads\/2022\/12\/40-405x270.jpg 405w\" sizes=\"auto, (max-width: 1024px) 100vw, 1024px\" \/><\/figure><\/li><li class=\"blocks-gallery-item\"><figure><img loading=\"lazy\" decoding=\"async\" width=\"1024\" height=\"683\" src=\"https:\/\/marcali.plebania.hu\/wp-content\/uploads\/2022\/12\/42-1024x683.jpg\" alt=\"\" data-id=\"4113\" data-link=\"https:\/\/marcali.plebania.hu\/?attachment_id=4113\" class=\"wp-image-4113\" srcset=\"https:\/\/marcali.plebania.hu\/wp-content\/uploads\/2022\/12\/42-1024x683.jpg 1024w, https:\/\/marcali.plebania.hu\/wp-content\/uploads\/2022\/12\/42-300x200.jpg 300w, https:\/\/marcali.plebania.hu\/wp-content\/uploads\/2022\/12\/42-768x512.jpg 768w, https:\/\/marcali.plebania.hu\/wp-content\/uploads\/2022\/12\/42-1536x1024.jpg 1536w, https:\/\/marcali.plebania.hu\/wp-content\/uploads\/2022\/12\/42-2048x1365.jpg 2048w, https:\/\/marcali.plebania.hu\/wp-content\/uploads\/2022\/12\/42-405x270.jpg 405w\" sizes=\"auto, (max-width: 1024px) 100vw, 1024px\" \/><\/figure><\/li><li class=\"blocks-gallery-item\"><figure><img loading=\"lazy\" decoding=\"async\" width=\"1024\" height=\"683\" src=\"https:\/\/marcali.plebania.hu\/wp-content\/uploads\/2022\/12\/44-1024x683.jpg\" alt=\"\" data-id=\"4114\" data-link=\"https:\/\/marcali.plebania.hu\/?attachment_id=4114\" class=\"wp-image-4114\" srcset=\"https:\/\/marcali.plebania.hu\/wp-content\/uploads\/2022\/12\/44-1024x683.jpg 1024w, https:\/\/marcali.plebania.hu\/wp-content\/uploads\/2022\/12\/44-300x200.jpg 300w, https:\/\/marcali.plebania.hu\/wp-content\/uploads\/2022\/12\/44-768x512.jpg 768w, https:\/\/marcali.plebania.hu\/wp-content\/uploads\/2022\/12\/44-1536x1024.jpg 1536w, https:\/\/marcali.plebania.hu\/wp-content\/uploads\/2022\/12\/44-2048x1365.jpg 2048w, https:\/\/marcali.plebania.hu\/wp-content\/uploads\/2022\/12\/44-405x270.jpg 405w\" sizes=\"auto, (max-width: 1024px) 100vw, 1024px\" \/><\/figure><\/li><li class=\"blocks-gallery-item\"><figure><img loading=\"lazy\" decoding=\"async\" width=\"1024\" height=\"683\" src=\"https:\/\/marcali.plebania.hu\/wp-content\/uploads\/2022\/12\/46-1024x683.jpg\" alt=\"\" data-id=\"4115\" data-full-url=\"https:\/\/marcali.plebania.hu\/wp-content\/uploads\/2022\/12\/46-scaled.jpg\" data-link=\"https:\/\/marcali.plebania.hu\/?attachment_id=4115\" class=\"wp-image-4115\" srcset=\"https:\/\/marcali.plebania.hu\/wp-content\/uploads\/2022\/12\/46-1024x683.jpg 1024w, https:\/\/marcali.plebania.hu\/wp-content\/uploads\/2022\/12\/46-300x200.jpg 300w, https:\/\/marcali.plebania.hu\/wp-content\/uploads\/2022\/12\/46-768x512.jpg 768w, https:\/\/marcali.plebania.hu\/wp-content\/uploads\/2022\/12\/46-1536x1024.jpg 1536w, https:\/\/marcali.plebania.hu\/wp-content\/uploads\/2022\/12\/46-2048x1365.jpg 2048w, https:\/\/marcali.plebania.hu\/wp-content\/uploads\/2022\/12\/46-405x270.jpg 405w\" sizes=\"auto, (max-width: 1024px) 100vw, 1024px\" \/><\/figure><\/li><\/ul><\/figure>\n\n\n\n<p>A szentmis\u00e9t k\u00f6vet\u0151en a r\u00e9sztvev\u0151ket szeretetvend\u00e9gs\u00e9gre \u00e9s k\u00f6tetlen bar\u00e1ti besz\u00e9lget\u00e9sre h\u00edvt\u00e1k az X-h\u00e1zba a lelki rendezv\u00e9nysorozat z\u00e1r\u00e1sak\u00e9nt. A szeretetvend\u00e9gs\u00e9gen, a r\u00e9sztvev\u0151 f\u00e9rfiak elhat\u00e1rozt\u00e1k, hogy k\u00f6z\u00f6ss\u00e9gk\u00e9nt folytatj\u00e1k a megkezdett munk\u00e1t \u00f6nmagukon \u00e9s k\u00f6rnyezet\u00fckben is.<\/p>\n\n\n\n<figure class=\"wp-block-gallery columns-3 is-cropped wp-block-gallery-6 is-layout-flex wp-block-gallery-is-layout-flex\"><ul class=\"blocks-gallery-grid\"><li class=\"blocks-gallery-item\"><figure><img loading=\"lazy\" decoding=\"async\" width=\"1024\" height=\"683\" src=\"https:\/\/marcali.plebania.hu\/wp-content\/uploads\/2022\/12\/49-1024x683.jpg\" alt=\"\" data-id=\"4116\" data-link=\"https:\/\/marcali.plebania.hu\/?attachment_id=4116\" class=\"wp-image-4116\" srcset=\"https:\/\/marcali.plebania.hu\/wp-content\/uploads\/2022\/12\/49-1024x683.jpg 1024w, https:\/\/marcali.plebania.hu\/wp-content\/uploads\/2022\/12\/49-300x200.jpg 300w, https:\/\/marcali.plebania.hu\/wp-content\/uploads\/2022\/12\/49-768x512.jpg 768w, https:\/\/marcali.plebania.hu\/wp-content\/uploads\/2022\/12\/49-1536x1024.jpg 1536w, https:\/\/marcali.plebania.hu\/wp-content\/uploads\/2022\/12\/49-2048x1365.jpg 2048w, https:\/\/marcali.plebania.hu\/wp-content\/uploads\/2022\/12\/49-405x270.jpg 405w\" sizes=\"auto, (max-width: 1024px) 100vw, 1024px\" \/><\/figure><\/li><li class=\"blocks-gallery-item\"><figure><img loading=\"lazy\" decoding=\"async\" width=\"1024\" height=\"683\" src=\"https:\/\/marcali.plebania.hu\/wp-content\/uploads\/2022\/12\/50-1024x683.jpg\" alt=\"\" data-id=\"4117\" data-link=\"https:\/\/marcali.plebania.hu\/?attachment_id=4117\" class=\"wp-image-4117\" srcset=\"https:\/\/marcali.plebania.hu\/wp-content\/uploads\/2022\/12\/50-1024x683.jpg 1024w, https:\/\/marcali.plebania.hu\/wp-content\/uploads\/2022\/12\/50-300x200.jpg 300w, https:\/\/marcali.plebania.hu\/wp-content\/uploads\/2022\/12\/50-768x512.jpg 768w, https:\/\/marcali.plebania.hu\/wp-content\/uploads\/2022\/12\/50-1536x1024.jpg 1536w, https:\/\/marcali.plebania.hu\/wp-content\/uploads\/2022\/12\/50-2048x1365.jpg 2048w, https:\/\/marcali.plebania.hu\/wp-content\/uploads\/2022\/12\/50-405x270.jpg 405w\" sizes=\"auto, (max-width: 1024px) 100vw, 1024px\" \/><\/figure><\/li><li class=\"blocks-gallery-item\"><figure><img loading=\"lazy\" decoding=\"async\" width=\"1024\" height=\"683\" src=\"https:\/\/marcali.plebania.hu\/wp-content\/uploads\/2022\/12\/51-1024x683.jpg\" alt=\"\" data-id=\"4118\" data-link=\"https:\/\/marcali.plebania.hu\/?attachment_id=4118\" class=\"wp-image-4118\" srcset=\"https:\/\/marcali.plebania.hu\/wp-content\/uploads\/2022\/12\/51-1024x683.jpg 1024w, https:\/\/marcali.plebania.hu\/wp-content\/uploads\/2022\/12\/51-300x200.jpg 300w, https:\/\/marcali.plebania.hu\/wp-content\/uploads\/2022\/12\/51-768x512.jpg 768w, https:\/\/marcali.plebania.hu\/wp-content\/uploads\/2022\/12\/51-1536x1024.jpg 1536w, https:\/\/marcali.plebania.hu\/wp-content\/uploads\/2022\/12\/51-2048x1365.jpg 2048w, https:\/\/marcali.plebania.hu\/wp-content\/uploads\/2022\/12\/51-405x270.jpg 405w\" sizes=\"auto, (max-width: 1024px) 100vw, 1024px\" \/><\/figure><\/li><li class=\"blocks-gallery-item\"><figure><img loading=\"lazy\" decoding=\"async\" width=\"1024\" height=\"683\" src=\"https:\/\/marcali.plebania.hu\/wp-content\/uploads\/2022\/12\/20-1024x683.jpg\" alt=\"\" data-id=\"4119\" data-full-url=\"https:\/\/marcali.plebania.hu\/wp-content\/uploads\/2022\/12\/20-scaled.jpg\" data-link=\"https:\/\/marcali.plebania.hu\/?attachment_id=4119\" class=\"wp-image-4119\" srcset=\"https:\/\/marcali.plebania.hu\/wp-content\/uploads\/2022\/12\/20-1024x683.jpg 1024w, https:\/\/marcali.plebania.hu\/wp-content\/uploads\/2022\/12\/20-300x200.jpg 300w, https:\/\/marcali.plebania.hu\/wp-content\/uploads\/2022\/12\/20-768x512.jpg 768w, https:\/\/marcali.plebania.hu\/wp-content\/uploads\/2022\/12\/20-1536x1024.jpg 1536w, https:\/\/marcali.plebania.hu\/wp-content\/uploads\/2022\/12\/20-2048x1365.jpg 2048w, https:\/\/marcali.plebania.hu\/wp-content\/uploads\/2022\/12\/20-405x270.jpg 405w\" sizes=\"auto, (max-width: 1024px) 100vw, 1024px\" \/><\/figure><\/li><\/ul><\/figure>\n\n\n\n<p>Forr\u00e1s: Jopp\u00e9 Evangeliz\u00e1ci\u00f3s K\u00f6zpont<\/p>\n\n\n\n<p><\/p>\n","protected":false},"excerpt":{"rendered":"<p>November 28-\u00e1n, h\u00e9tf\u0151n este 18 \u00f3rakor p\u00fcsp\u00f6ki szentmis\u00e9vel z\u00e1rult az &#8222;\u00c9let a L\u00e9lekben Szemin\u00e1rium&#8221; Marcaliban, a Gy\u00fcm\u00f6lcsolt\u00f3 Boldogasszony Pl\u00e9b\u00e1niatemplomban. Az istentiszteletet Varga L\u00e1szl\u00f3 kaposv\u00e1ri megy\u00e9sp\u00fcsp\u00f6k celebr\u00e1lta, Kiss Iv\u00e1n c. pr\u00e9post, pl\u00e9b\u00e1nos \u00e9s Udvardy M\u00e1rton p\u00fcsp\u00f6ki szertart\u00f3, \u00e1lland\u00f3 diak\u00f3nus k\u00f6zrem\u0171k\u00f6d\u00e9s\u00e9vel. Ezt az \u00fcnnepi alkalmat azoknak a f\u00e9rfiak szervezt\u00e9k, akik r\u00e9szt vettek az okt\u00f3ber 3. \u2013 november 28. k\u00f6z\u00f6tt, h\u00e9tf\u0151nk\u00e9nt megtartott kurzuson az egyh\u00e1zk\u00f6zs\u00e9g k\u00f6z\u00f6ss\u00e9gi h\u00e1z\u00e1ban (X-h\u00e1z). A Jopp\u00e9 Evangeliz\u00e1ci\u00f3s K\u00f6zpont szervez\u00e9s\u00e9ben az \u00c9let a L\u00e9lekben Szemin\u00e1riumot Udvardy M\u00e1rton vezette, munkat\u00e1rsai Daxner&#8230;<\/p>\n<p class=\"read-more\"><a class=\"btn btn-default\" href=\"https:\/\/marcali.plebania.hu\/?p=4095\"> Read More<span class=\"screen-reader-text\">  Read More<\/span><\/a><\/p>\n","protected":false},"author":2,"featured_media":0,"comment_status":"closed","ping_status":"open","sticky":false,"template":"","format":"standard","meta":{"footnotes":""},"categories":[1],"tags":[],"class_list":["post-4095","post","type-post","status-publish","format-standard","hentry","category-egyeb"],"_links":{"self":[{"href":"https:\/\/marcali.plebania.hu\/index.php?rest_route=\/wp\/v2\/posts\/4095","targetHints":{"allow":["GET"]}}],"collection":[{"href":"https:\/\/marcali.plebania.hu\/index.php?rest_route=\/wp\/v2\/posts"}],"about":[{"href":"https:\/\/marcali.plebania.hu\/index.php?rest_route=\/wp\/v2\/types\/post"}],"author":[{"embeddable":true,"href":"https:\/\/marcali.plebania.hu\/index.php?rest_route=\/wp\/v2\/users\/2"}],"replies":[{"embeddable":true,"href":"https:\/\/marcali.plebania.hu\/index.php?rest_route=%2Fwp%2Fv2%2Fcomments&post=4095"}],"version-history":[{"count":1,"href":"https:\/\/marcali.plebania.hu\/index.php?rest_route=\/wp\/v2\/posts\/4095\/revisions"}],"predecessor-version":[{"id":4120,"href":"https:\/\/marcali.plebania.hu\/index.php?rest_route=\/wp\/v2\/posts\/4095\/revisions\/4120"}],"wp:attachment":[{"href":"https:\/\/marcali.plebania.hu\/index.php?rest_route=%2Fwp%2Fv2%2Fmedia&parent=4095"}],"wp:term":[{"taxonomy":"category","embeddable":true,"href":"https:\/\/marcali.plebania.hu\/index.php?rest_route=%2Fwp%2Fv2%2Fcategories&post=4095"},{"taxonomy":"post_tag","embeddable":true,"href":"https:\/\/marcali.plebania.hu\/index.php?rest_route=%2Fwp%2Fv2%2Ftags&post=4095"}],"curies":[{"name":"wp","href":"https:\/\/api.w.org\/{rel}","templated":true}]}}