{"id":411,"date":"2018-11-14T09:05:42","date_gmt":"2018-11-14T09:05:42","guid":{"rendered":"https:\/\/marcali.plebania.hu\/?p=411"},"modified":"2018-11-14T09:05:42","modified_gmt":"2018-11-14T09:05:42","slug":"adventi-programok-marcaliban","status":"publish","type":"post","link":"https:\/\/marcali.plebania.hu\/?p=411","title":{"rendered":"\u00c1dventi programok Marcaliban"},"content":{"rendered":"<p><strong>\u00a0<\/strong><strong><u>December 1. 9 \u00f3r\u00e1t\u00f3l<\/u><\/strong><strong>: a k\u00fclt\u00e9ri \u00e1dventi koszor\u00fa fel\u00e1ll\u00edt\u00e1sa a Boldog II. J\u00e1nos P\u00e1l p\u00e1pa t\u00e9ren<\/strong><\/p>\n<p><strong><u>December 1. 17 \u00f3ra<\/u><\/strong><strong>: \u00c1dventi gyertyagy\u00fajt\u00e1s a Boldog II. J\u00e1nos P\u00e1l p\u00e1pa t\u00e9ren<\/strong><\/p>\n<p><strong><u>December 2. 14 \u00f3ra<\/u><\/strong><strong>: a marcaliak k\u00f6z\u00f6s zar\u00e1ndoklata a v\u00f6rsi betlehemhez<\/strong><\/p>\n<p><strong><u>December 8. 10 \u00f3r\u00e1t\u00f3l<\/u><\/strong><strong>: eg\u00e9sz napos szents\u00e9gim\u00e1d\u00e1s Marcaliban<\/strong><\/p>\n<p><strong><u>December 8. 17 \u00f3ra<\/u><\/strong><strong>: \u00c1dventi gyertyagy\u00fajt\u00e1s a Boldog II. J\u00e1nos P\u00e1l p\u00e1pa t\u00e9ren<\/strong><\/p>\n<p><strong><u>December 9. 10 \u00f3r\u00e1t\u00f3l 12-ig<\/u><\/strong><strong>: \u00c1dventi v\u00e1s\u00e1r az X-h\u00e1zban<\/strong><\/p>\n<p><strong><u>December 15. 13 \u00f3r\u00e1t\u00f3l<\/u><\/strong><strong>: \u00c1dventi lelki nap az X-h\u00e1zban \u00e9s a pl\u00e9b\u00e1niatemplomban<\/strong><\/p>\n<p><strong><u>December 15. 17 \u00f3ra<\/u><\/strong><strong>: \u00c1dventi gyertyagy\u00fajt\u00e1s a Boldog II. J\u00e1nos P\u00e1l p\u00e1pa t\u00e9ren<\/strong><\/p>\n<p><strong><u>December 20. 15 \u00f3ra<\/u><\/strong><strong>: k\u00f3rh\u00e1zkar\u00e1csony<\/strong><\/p>\n<p><strong><u>December 22. 9 \u00f3r\u00e1t\u00f3l<\/u><\/strong><strong>: szabadt\u00e9ri betlehem fel\u00e1ll\u00edt\u00e1sa a Boldog II. J\u00e1nos P\u00e1l p\u00e1pa t\u00e9ren (<em>janu\u00e1r 2-ig l\u00e1togathat\u00f3<\/em>)<\/strong><\/p>\n<p><strong><u>December 22. 17 \u00f3ra<\/u><\/strong><strong>: \u00c1dventi gyertyagy\u00fajt\u00e1s a Boldog II. J\u00e1nos P\u00e1l p\u00e1pa t\u00e9ren<\/strong><\/p>\n","protected":false},"excerpt":{"rendered":"<p>\u00a0December 1. 9 \u00f3r\u00e1t\u00f3l: a k\u00fclt\u00e9ri \u00e1dventi koszor\u00fa fel\u00e1ll\u00edt\u00e1sa a Boldog II. J\u00e1nos P\u00e1l p\u00e1pa t\u00e9ren December 1. 17 \u00f3ra: \u00c1dventi gyertyagy\u00fajt\u00e1s a Boldog II. J\u00e1nos P\u00e1l p\u00e1pa t\u00e9ren December 2. 14 \u00f3ra: a marcaliak k\u00f6z\u00f6s zar\u00e1ndoklata a v\u00f6rsi betlehemhez December 8. 10 \u00f3r\u00e1t\u00f3l: eg\u00e9sz napos szents\u00e9gim\u00e1d\u00e1s Marcaliban December 8. 17 \u00f3ra: \u00c1dventi gyertyagy\u00fajt\u00e1s a Boldog II. J\u00e1nos P\u00e1l p\u00e1pa t\u00e9ren December 9. 10 \u00f3r\u00e1t\u00f3l 12-ig: \u00c1dventi v\u00e1s\u00e1r az X-h\u00e1zban December 15. 13 \u00f3r\u00e1t\u00f3l: \u00c1dventi lelki nap az X-h\u00e1zban \u00e9s&#8230;<\/p>\n<p class=\"read-more\"><a class=\"btn btn-default\" href=\"https:\/\/marcali.plebania.hu\/?p=411\"> Read More<span class=\"screen-reader-text\">  Read More<\/span><\/a><\/p>\n","protected":false},"author":2,"featured_media":0,"comment_status":"closed","ping_status":"open","sticky":false,"template":"","format":"standard","meta":{"footnotes":""},"categories":[1],"tags":[],"class_list":["post-411","post","type-post","status-publish","format-standard","hentry","category-egyeb"],"_links":{"self":[{"href":"https:\/\/marcali.plebania.hu\/index.php?rest_route=\/wp\/v2\/posts\/411","targetHints":{"allow":["GET"]}}],"collection":[{"href":"https:\/\/marcali.plebania.hu\/index.php?rest_route=\/wp\/v2\/posts"}],"about":[{"href":"https:\/\/marcali.plebania.hu\/index.php?rest_route=\/wp\/v2\/types\/post"}],"author":[{"embeddable":true,"href":"https:\/\/marcali.plebania.hu\/index.php?rest_route=\/wp\/v2\/users\/2"}],"replies":[{"embeddable":true,"href":"https:\/\/marcali.plebania.hu\/index.php?rest_route=%2Fwp%2Fv2%2Fcomments&post=411"}],"version-history":[{"count":1,"href":"https:\/\/marcali.plebania.hu\/index.php?rest_route=\/wp\/v2\/posts\/411\/revisions"}],"predecessor-version":[{"id":412,"href":"https:\/\/marcali.plebania.hu\/index.php?rest_route=\/wp\/v2\/posts\/411\/revisions\/412"}],"wp:attachment":[{"href":"https:\/\/marcali.plebania.hu\/index.php?rest_route=%2Fwp%2Fv2%2Fmedia&parent=411"}],"wp:term":[{"taxonomy":"category","embeddable":true,"href":"https:\/\/marcali.plebania.hu\/index.php?rest_route=%2Fwp%2Fv2%2Fcategories&post=411"},{"taxonomy":"post_tag","embeddable":true,"href":"https:\/\/marcali.plebania.hu\/index.php?rest_route=%2Fwp%2Fv2%2Ftags&post=411"}],"curies":[{"name":"wp","href":"https:\/\/api.w.org\/{rel}","templated":true}]}}