{"id":413,"date":"2018-11-16T07:59:11","date_gmt":"2018-11-16T07:59:11","guid":{"rendered":"https:\/\/marcali.plebania.hu\/?p=413"},"modified":"2018-11-16T07:59:11","modified_gmt":"2018-11-16T07:59:11","slug":"hirdetesek-2018-11-18","status":"publish","type":"post","link":"https:\/\/marcali.plebania.hu\/?p=413","title":{"rendered":"Hirdet\u00e9sek, 2018. 11. 18."},"content":{"rendered":"<ol>\n<li>Ma van az \u00e9vk\u00f6zi 33. vas\u00e1rnap.<\/li>\n<li>A j\u00f6v\u0151 h\u00e9ten, szerd\u00e1n 17.30-ra \u00f6sszeh\u00edvom az Egyh\u00e1zk\u00f6zs\u00e9g K\u00e9pvisel\u0151 Test\u00fclet\u00e9t az X-h\u00e1z nagyterm\u00e9be.<\/li>\n<li>Szombaton orsz\u00e1gos szents\u00e9gim\u00e1d\u00e1s lesz, mely az Eukarisztikus Kongresszusra val\u00f3 el\u0151k\u00e9sz\u00fclet. A szents\u00e9gim\u00e1d\u00e1shoz mi is csatlakozunk: szombaton 17 \u00f3rakor szents\u00e9gim\u00e1d\u00e1s a pl\u00e9b\u00e1niatemplomban, ut\u00e1na szentmise.<\/li>\n<li>J\u00f6v\u0151 vas\u00e1rnap, Krisztus Kir\u00e1ly vas\u00e1rnapja. A Kaposv\u00e1ri Egyh\u00e1zmegy\u00e9ben minden pl\u00e9b\u00e1ni\u00e1n esk\u00fct tesznek az \u00faj k\u00e9pvisel\u0151 test\u00fcletek. Egyben Karit\u00e1sz vas\u00e1rnap is lesz, amikor korona, keny\u00e9r, r\u00f3zs\u00e1val eml\u00e9kez\u00fcnk \u00c1rp\u00e1d-h\u00e1zi szent Erzs\u00e9betre. Az orsz\u00e1g valamennyi katolikus templom\u00e1ban, \u00edgy n\u00e1lunk is a templomi perselygy\u0171jt\u00e9s a Karit\u00e1sz jav\u00e1ra lesz.<\/li>\n<li>El\u0151re hirdetj\u00fck, hogy december 2-\u00e1n, \u00e1dvent 1. vas\u00e1rnapj\u00e1n d\u00e9lut\u00e1n 14 \u00f3r\u00e1ra zar\u00e1ndokolni megy\u00fcnk a v\u00f6rsi betlehemhez. Aut\u00f3buszt is ind\u00edtunk. Jelentkezni a pl\u00e9b\u00e1ni\u00e1n lehet.<\/li>\n<li>Napt\u00e1rak, kalend\u00e1rium kaphat\u00f3 a sekresty\u00e9ben.<\/li>\n<\/ol>\n","protected":false},"excerpt":{"rendered":"<p>Ma van az \u00e9vk\u00f6zi 33. vas\u00e1rnap. A j\u00f6v\u0151 h\u00e9ten, szerd\u00e1n 17.30-ra \u00f6sszeh\u00edvom az Egyh\u00e1zk\u00f6zs\u00e9g K\u00e9pvisel\u0151 Test\u00fclet\u00e9t az X-h\u00e1z nagyterm\u00e9be. Szombaton orsz\u00e1gos szents\u00e9gim\u00e1d\u00e1s lesz, mely az Eukarisztikus Kongresszusra val\u00f3 el\u0151k\u00e9sz\u00fclet. A szents\u00e9gim\u00e1d\u00e1shoz mi is csatlakozunk: szombaton 17 \u00f3rakor szents\u00e9gim\u00e1d\u00e1s a pl\u00e9b\u00e1niatemplomban, ut\u00e1na szentmise. J\u00f6v\u0151 vas\u00e1rnap, Krisztus Kir\u00e1ly vas\u00e1rnapja. A Kaposv\u00e1ri Egyh\u00e1zmegy\u00e9ben minden pl\u00e9b\u00e1ni\u00e1n esk\u00fct tesznek az \u00faj k\u00e9pvisel\u0151 test\u00fcletek. Egyben Karit\u00e1sz vas\u00e1rnap is lesz, amikor korona, keny\u00e9r, r\u00f3zs\u00e1val eml\u00e9kez\u00fcnk \u00c1rp\u00e1d-h\u00e1zi szent Erzs\u00e9betre. Az orsz\u00e1g valamennyi katolikus templom\u00e1ban, \u00edgy n\u00e1lunk is a&#8230;<\/p>\n<p class=\"read-more\"><a class=\"btn btn-default\" href=\"https:\/\/marcali.plebania.hu\/?p=413\"> Read More<span class=\"screen-reader-text\">  Read More<\/span><\/a><\/p>\n","protected":false},"author":2,"featured_media":0,"comment_status":"closed","ping_status":"open","sticky":false,"template":"","format":"standard","meta":{"footnotes":""},"categories":[1],"tags":[],"class_list":["post-413","post","type-post","status-publish","format-standard","hentry","category-egyeb"],"_links":{"self":[{"href":"https:\/\/marcali.plebania.hu\/index.php?rest_route=\/wp\/v2\/posts\/413","targetHints":{"allow":["GET"]}}],"collection":[{"href":"https:\/\/marcali.plebania.hu\/index.php?rest_route=\/wp\/v2\/posts"}],"about":[{"href":"https:\/\/marcali.plebania.hu\/index.php?rest_route=\/wp\/v2\/types\/post"}],"author":[{"embeddable":true,"href":"https:\/\/marcali.plebania.hu\/index.php?rest_route=\/wp\/v2\/users\/2"}],"replies":[{"embeddable":true,"href":"https:\/\/marcali.plebania.hu\/index.php?rest_route=%2Fwp%2Fv2%2Fcomments&post=413"}],"version-history":[{"count":1,"href":"https:\/\/marcali.plebania.hu\/index.php?rest_route=\/wp\/v2\/posts\/413\/revisions"}],"predecessor-version":[{"id":414,"href":"https:\/\/marcali.plebania.hu\/index.php?rest_route=\/wp\/v2\/posts\/413\/revisions\/414"}],"wp:attachment":[{"href":"https:\/\/marcali.plebania.hu\/index.php?rest_route=%2Fwp%2Fv2%2Fmedia&parent=413"}],"wp:term":[{"taxonomy":"category","embeddable":true,"href":"https:\/\/marcali.plebania.hu\/index.php?rest_route=%2Fwp%2Fv2%2Fcategories&post=413"},{"taxonomy":"post_tag","embeddable":true,"href":"https:\/\/marcali.plebania.hu\/index.php?rest_route=%2Fwp%2Fv2%2Ftags&post=413"}],"curies":[{"name":"wp","href":"https:\/\/api.w.org\/{rel}","templated":true}]}}