{"id":4132,"date":"2022-12-02T09:06:15","date_gmt":"2022-12-02T09:06:15","guid":{"rendered":"https:\/\/marcali.plebania.hu\/?p=4132"},"modified":"2022-12-02T09:06:15","modified_gmt":"2022-12-02T09:06:15","slug":"hirdetesek-2022-12-04","status":"publish","type":"post","link":"https:\/\/marcali.plebania.hu\/?p=4132","title":{"rendered":"Hirdet\u00e9sek, 2022. 12. 04."},"content":{"rendered":"\n<ol class=\"wp-block-list\"><li>Ma\nvan \u00c1dvent 2. vas\u00e1rnapja.<\/li><li>A\nh\u00e9ten, cs\u00fct\u00f6rt\u00f6k\u00f6n, december 8-\u00e1n Szepl\u0151telen fogantat\u00e1s \u00fcnnepe, a Marcaliak\nfogadott szents\u00e9gim\u00e1d\u00e1si napja. A pl\u00e9b\u00e1niatemplomban 12 \u00f3rakor szents\u00e9gkit\u00e9tel,\nut\u00e1na szents\u00e9gim\u00e1d\u00e1s a beosztott rend szerint. 17 \u00f3rakor szents\u00e9gelt\u00e9tel, ut\u00e1na\nszentmise Szepl\u0151telen fogantat\u00e1sr\u00f3l.<\/li><li>Szombaton\n17 \u00f3rakor \u00e1dventi gyertyagy\u00fajt\u00e1s a pl\u00e9b\u00e1niatemplom el\u0151tti t\u00e9ren, melyen\nk\u00f6zrem\u0171k\u00f6dnek, \u00e9s a gyerty\u00e1kat meggy\u00fajtj\u00e1k a Berzsenyi D\u00e1niel Gimn\u00e1zium\ntanul\u00f3i. Ut\u00e1na szentmise.<\/li><li>J\u00f6v\u0151\nvas\u00e1rnap, december 11-\u00e9n, \u00e1dvent 3. vas\u00e1rnapj\u00e1n 14 \u00f3rakor V\u00f6rs\u00f6n lesz \u00fcnnepi\nszentmise, melyet Kiss Iv\u00e1n c. pr\u00e9post, pl\u00e9b\u00e1nos celebr\u00e1l. Ut\u00e1na b\u00e1bt\u00e1ncoltat\u00f3k\nhagyom\u00e1nyos m\u0171sora lesz.<\/li><li>Az\n\u00e1dventi Lelki Nap december 17-\u00e9n, szombaton d\u00e9lut\u00e1n lesz, melyen a h\u00edvek\nelv\u00e9gezhetik kar\u00e1csonyi szentgy\u00f3n\u00e1sukat.<\/li><li>Kalend\u00e1rium,\nnapt\u00e1rak, Sz\u00edvem els\u0151 gondolata k\u00f6nyv a sekresty\u00e9ben kaphat\u00f3.<\/li><li>A\nkar\u00e1csonyi vir\u00e1gp\u00e9nzt a sekresty\u00e9snek k\u00e9rj\u00fck leadni.<\/li><\/ol>\n","protected":false},"excerpt":{"rendered":"<p>Ma van \u00c1dvent 2. vas\u00e1rnapja. A h\u00e9ten, cs\u00fct\u00f6rt\u00f6k\u00f6n, december 8-\u00e1n Szepl\u0151telen fogantat\u00e1s \u00fcnnepe, a Marcaliak fogadott szents\u00e9gim\u00e1d\u00e1si napja. A pl\u00e9b\u00e1niatemplomban 12 \u00f3rakor szents\u00e9gkit\u00e9tel, ut\u00e1na szents\u00e9gim\u00e1d\u00e1s a beosztott rend szerint. 17 \u00f3rakor szents\u00e9gelt\u00e9tel, ut\u00e1na szentmise Szepl\u0151telen fogantat\u00e1sr\u00f3l. Szombaton 17 \u00f3rakor \u00e1dventi gyertyagy\u00fajt\u00e1s a pl\u00e9b\u00e1niatemplom el\u0151tti t\u00e9ren, melyen k\u00f6zrem\u0171k\u00f6dnek, \u00e9s a gyerty\u00e1kat meggy\u00fajtj\u00e1k a Berzsenyi D\u00e1niel Gimn\u00e1zium tanul\u00f3i. Ut\u00e1na szentmise. J\u00f6v\u0151 vas\u00e1rnap, december 11-\u00e9n, \u00e1dvent 3. vas\u00e1rnapj\u00e1n 14 \u00f3rakor V\u00f6rs\u00f6n lesz \u00fcnnepi szentmise, melyet Kiss Iv\u00e1n c. pr\u00e9post, pl\u00e9b\u00e1nos celebr\u00e1l. Ut\u00e1na b\u00e1bt\u00e1ncoltat\u00f3k&#8230;<\/p>\n<p class=\"read-more\"><a class=\"btn btn-default\" href=\"https:\/\/marcali.plebania.hu\/?p=4132\"> Read More<span class=\"screen-reader-text\">  Read More<\/span><\/a><\/p>\n","protected":false},"author":2,"featured_media":0,"comment_status":"closed","ping_status":"open","sticky":false,"template":"","format":"standard","meta":{"footnotes":""},"categories":[1],"tags":[],"class_list":["post-4132","post","type-post","status-publish","format-standard","hentry","category-egyeb"],"_links":{"self":[{"href":"https:\/\/marcali.plebania.hu\/index.php?rest_route=\/wp\/v2\/posts\/4132","targetHints":{"allow":["GET"]}}],"collection":[{"href":"https:\/\/marcali.plebania.hu\/index.php?rest_route=\/wp\/v2\/posts"}],"about":[{"href":"https:\/\/marcali.plebania.hu\/index.php?rest_route=\/wp\/v2\/types\/post"}],"author":[{"embeddable":true,"href":"https:\/\/marcali.plebania.hu\/index.php?rest_route=\/wp\/v2\/users\/2"}],"replies":[{"embeddable":true,"href":"https:\/\/marcali.plebania.hu\/index.php?rest_route=%2Fwp%2Fv2%2Fcomments&post=4132"}],"version-history":[{"count":1,"href":"https:\/\/marcali.plebania.hu\/index.php?rest_route=\/wp\/v2\/posts\/4132\/revisions"}],"predecessor-version":[{"id":4133,"href":"https:\/\/marcali.plebania.hu\/index.php?rest_route=\/wp\/v2\/posts\/4132\/revisions\/4133"}],"wp:attachment":[{"href":"https:\/\/marcali.plebania.hu\/index.php?rest_route=%2Fwp%2Fv2%2Fmedia&parent=4132"}],"wp:term":[{"taxonomy":"category","embeddable":true,"href":"https:\/\/marcali.plebania.hu\/index.php?rest_route=%2Fwp%2Fv2%2Fcategories&post=4132"},{"taxonomy":"post_tag","embeddable":true,"href":"https:\/\/marcali.plebania.hu\/index.php?rest_route=%2Fwp%2Fv2%2Ftags&post=4132"}],"curies":[{"name":"wp","href":"https:\/\/api.w.org\/{rel}","templated":true}]}}