{"id":4134,"date":"2022-12-05T10:40:42","date_gmt":"2022-12-05T10:40:42","guid":{"rendered":"https:\/\/marcali.plebania.hu\/?p=4134"},"modified":"2022-12-05T10:40:42","modified_gmt":"2022-12-05T10:40:42","slug":"felgyulladt-a-masodik-adventi-gyertya-fenye-marcaliban","status":"publish","type":"post","link":"https:\/\/marcali.plebania.hu\/?p=4134","title":{"rendered":"Felgyulladt a m\u00e1sodik \u00e1dventi gyertya f\u00e9nye Marcaliban"},"content":{"rendered":"\n<p>2022. december 3-\u00e1n, szombaton este 17 \u00f3rakor, a pl\u00e9b\u00e1niatemplom el\u0151tti Boldog II. J\u00e1nos P\u00e1l p\u00e1pa t\u00e9ren \u00e1ll\u00f3 k\u00fclt\u00e9ri \u00e1dventi koszor\u00fan felgyulladt a m\u00e1sodik gyertya f\u00e9nye is.<\/p>\n\n\n\n<figure class=\"wp-block-gallery columns-3 is-cropped wp-block-gallery-1 is-layout-flex wp-block-gallery-is-layout-flex\"><ul class=\"blocks-gallery-grid\"><li class=\"blocks-gallery-item\"><figure><img loading=\"lazy\" decoding=\"async\" width=\"1024\" height=\"683\" src=\"https:\/\/marcali.plebania.hu\/wp-content\/uploads\/2022\/12\/01-1-1024x683.jpg\" alt=\"\" data-id=\"4136\" data-link=\"https:\/\/marcali.plebania.hu\/?attachment_id=4136\" class=\"wp-image-4136\" srcset=\"https:\/\/marcali.plebania.hu\/wp-content\/uploads\/2022\/12\/01-1-1024x683.jpg 1024w, https:\/\/marcali.plebania.hu\/wp-content\/uploads\/2022\/12\/01-1-300x200.jpg 300w, https:\/\/marcali.plebania.hu\/wp-content\/uploads\/2022\/12\/01-1-768x512.jpg 768w, https:\/\/marcali.plebania.hu\/wp-content\/uploads\/2022\/12\/01-1-1536x1024.jpg 1536w, https:\/\/marcali.plebania.hu\/wp-content\/uploads\/2022\/12\/01-1-2048x1365.jpg 2048w, https:\/\/marcali.plebania.hu\/wp-content\/uploads\/2022\/12\/01-1-405x270.jpg 405w\" sizes=\"auto, (max-width: 1024px) 100vw, 1024px\" \/><\/figure><\/li><li class=\"blocks-gallery-item\"><figure><img loading=\"lazy\" decoding=\"async\" width=\"1024\" height=\"683\" src=\"https:\/\/marcali.plebania.hu\/wp-content\/uploads\/2022\/12\/02-1-1024x683.jpg\" alt=\"\" data-id=\"4137\" data-link=\"https:\/\/marcali.plebania.hu\/?attachment_id=4137\" class=\"wp-image-4137\" srcset=\"https:\/\/marcali.plebania.hu\/wp-content\/uploads\/2022\/12\/02-1-1024x683.jpg 1024w, https:\/\/marcali.plebania.hu\/wp-content\/uploads\/2022\/12\/02-1-300x200.jpg 300w, https:\/\/marcali.plebania.hu\/wp-content\/uploads\/2022\/12\/02-1-768x512.jpg 768w, https:\/\/marcali.plebania.hu\/wp-content\/uploads\/2022\/12\/02-1-1536x1024.jpg 1536w, https:\/\/marcali.plebania.hu\/wp-content\/uploads\/2022\/12\/02-1-2048x1365.jpg 2048w, https:\/\/marcali.plebania.hu\/wp-content\/uploads\/2022\/12\/02-1-405x270.jpg 405w\" sizes=\"auto, (max-width: 1024px) 100vw, 1024px\" \/><\/figure><\/li><li class=\"blocks-gallery-item\"><figure><img loading=\"lazy\" decoding=\"async\" width=\"1024\" height=\"683\" src=\"https:\/\/marcali.plebania.hu\/wp-content\/uploads\/2022\/12\/03-1-1024x683.jpg\" alt=\"\" data-id=\"4138\" data-link=\"https:\/\/marcali.plebania.hu\/?attachment_id=4138\" class=\"wp-image-4138\" srcset=\"https:\/\/marcali.plebania.hu\/wp-content\/uploads\/2022\/12\/03-1-1024x683.jpg 1024w, https:\/\/marcali.plebania.hu\/wp-content\/uploads\/2022\/12\/03-1-300x200.jpg 300w, https:\/\/marcali.plebania.hu\/wp-content\/uploads\/2022\/12\/03-1-768x512.jpg 768w, https:\/\/marcali.plebania.hu\/wp-content\/uploads\/2022\/12\/03-1-1536x1024.jpg 1536w, https:\/\/marcali.plebania.hu\/wp-content\/uploads\/2022\/12\/03-1-2048x1365.jpg 2048w, https:\/\/marcali.plebania.hu\/wp-content\/uploads\/2022\/12\/03-1-405x270.jpg 405w\" sizes=\"auto, (max-width: 1024px) 100vw, 1024px\" \/><\/figure><\/li><li class=\"blocks-gallery-item\"><figure><img loading=\"lazy\" decoding=\"async\" width=\"1024\" height=\"683\" src=\"https:\/\/marcali.plebania.hu\/wp-content\/uploads\/2022\/12\/06-2-1024x683.jpg\" alt=\"\" data-id=\"4139\" data-full-url=\"https:\/\/marcali.plebania.hu\/wp-content\/uploads\/2022\/12\/06-2-scaled.jpg\" data-link=\"https:\/\/marcali.plebania.hu\/?attachment_id=4139\" class=\"wp-image-4139\" srcset=\"https:\/\/marcali.plebania.hu\/wp-content\/uploads\/2022\/12\/06-2-1024x683.jpg 1024w, https:\/\/marcali.plebania.hu\/wp-content\/uploads\/2022\/12\/06-2-300x200.jpg 300w, https:\/\/marcali.plebania.hu\/wp-content\/uploads\/2022\/12\/06-2-768x512.jpg 768w, https:\/\/marcali.plebania.hu\/wp-content\/uploads\/2022\/12\/06-2-1536x1024.jpg 1536w, https:\/\/marcali.plebania.hu\/wp-content\/uploads\/2022\/12\/06-2-2048x1365.jpg 2048w, https:\/\/marcali.plebania.hu\/wp-content\/uploads\/2022\/12\/06-2-405x270.jpg 405w\" sizes=\"auto, (max-width: 1024px) 100vw, 1024px\" \/><\/figure><\/li><\/ul><\/figure>\n\n\n\n<p>A megjelenteket Kiss Iv\u00e1n c. pr\u00e9post, pl\u00e9b\u00e1nos k\u00f6sz\u00f6nt\u00f6tte, majd bevezet\u0151 gondolatai ut\u00e1n a Miksz\u00e1th K\u00e1lm\u00e1n \u00c1ltal\u00e1nos Iskola 8 tanul\u00f3ja adott el\u0151 egy verses m\u0171sort, melyet Nikl-Schillinger L\u00edvia pedag\u00f3gus tan\u00edtott be a di\u00e1koknak.<\/p>\n\n\n\n<figure class=\"wp-block-gallery columns-3 is-cropped wp-block-gallery-2 is-layout-flex wp-block-gallery-is-layout-flex\"><ul class=\"blocks-gallery-grid\"><li class=\"blocks-gallery-item\"><figure><img loading=\"lazy\" decoding=\"async\" width=\"1024\" height=\"683\" src=\"https:\/\/marcali.plebania.hu\/wp-content\/uploads\/2022\/12\/04-1-1024x683.jpg\" alt=\"\" data-id=\"4140\" data-link=\"https:\/\/marcali.plebania.hu\/?attachment_id=4140\" class=\"wp-image-4140\" srcset=\"https:\/\/marcali.plebania.hu\/wp-content\/uploads\/2022\/12\/04-1-1024x683.jpg 1024w, https:\/\/marcali.plebania.hu\/wp-content\/uploads\/2022\/12\/04-1-300x200.jpg 300w, https:\/\/marcali.plebania.hu\/wp-content\/uploads\/2022\/12\/04-1-768x512.jpg 768w, https:\/\/marcali.plebania.hu\/wp-content\/uploads\/2022\/12\/04-1-1536x1024.jpg 1536w, https:\/\/marcali.plebania.hu\/wp-content\/uploads\/2022\/12\/04-1-2048x1365.jpg 2048w, https:\/\/marcali.plebania.hu\/wp-content\/uploads\/2022\/12\/04-1-405x270.jpg 405w\" sizes=\"auto, (max-width: 1024px) 100vw, 1024px\" \/><\/figure><\/li><li class=\"blocks-gallery-item\"><figure><img loading=\"lazy\" decoding=\"async\" width=\"1024\" height=\"683\" src=\"https:\/\/marcali.plebania.hu\/wp-content\/uploads\/2022\/12\/07-1-1024x683.jpg\" alt=\"\" data-id=\"4141\" data-full-url=\"https:\/\/marcali.plebania.hu\/wp-content\/uploads\/2022\/12\/07-1-scaled.jpg\" data-link=\"https:\/\/marcali.plebania.hu\/?attachment_id=4141\" class=\"wp-image-4141\" srcset=\"https:\/\/marcali.plebania.hu\/wp-content\/uploads\/2022\/12\/07-1-1024x683.jpg 1024w, https:\/\/marcali.plebania.hu\/wp-content\/uploads\/2022\/12\/07-1-300x200.jpg 300w, https:\/\/marcali.plebania.hu\/wp-content\/uploads\/2022\/12\/07-1-768x512.jpg 768w, https:\/\/marcali.plebania.hu\/wp-content\/uploads\/2022\/12\/07-1-1536x1024.jpg 1536w, https:\/\/marcali.plebania.hu\/wp-content\/uploads\/2022\/12\/07-1-2048x1365.jpg 2048w, https:\/\/marcali.plebania.hu\/wp-content\/uploads\/2022\/12\/07-1-405x270.jpg 405w\" sizes=\"auto, (max-width: 1024px) 100vw, 1024px\" \/><\/figure><\/li><li class=\"blocks-gallery-item\"><figure><img loading=\"lazy\" decoding=\"async\" width=\"1024\" height=\"683\" src=\"https:\/\/marcali.plebania.hu\/wp-content\/uploads\/2022\/12\/08-1-1024x683.jpg\" alt=\"\" data-id=\"4142\" data-full-url=\"https:\/\/marcali.plebania.hu\/wp-content\/uploads\/2022\/12\/08-1-scaled.jpg\" data-link=\"https:\/\/marcali.plebania.hu\/?attachment_id=4142\" class=\"wp-image-4142\" srcset=\"https:\/\/marcali.plebania.hu\/wp-content\/uploads\/2022\/12\/08-1-1024x683.jpg 1024w, https:\/\/marcali.plebania.hu\/wp-content\/uploads\/2022\/12\/08-1-300x200.jpg 300w, https:\/\/marcali.plebania.hu\/wp-content\/uploads\/2022\/12\/08-1-768x512.jpg 768w, https:\/\/marcali.plebania.hu\/wp-content\/uploads\/2022\/12\/08-1-1536x1024.jpg 1536w, https:\/\/marcali.plebania.hu\/wp-content\/uploads\/2022\/12\/08-1-2048x1365.jpg 2048w, https:\/\/marcali.plebania.hu\/wp-content\/uploads\/2022\/12\/08-1-405x270.jpg 405w\" sizes=\"auto, (max-width: 1024px) 100vw, 1024px\" \/><\/figure><\/li><li class=\"blocks-gallery-item\"><figure><img loading=\"lazy\" decoding=\"async\" width=\"1024\" height=\"683\" src=\"https:\/\/marcali.plebania.hu\/wp-content\/uploads\/2022\/12\/09-1024x683.jpg\" alt=\"\" data-id=\"4143\" data-full-url=\"https:\/\/marcali.plebania.hu\/wp-content\/uploads\/2022\/12\/09-scaled.jpg\" data-link=\"https:\/\/marcali.plebania.hu\/?attachment_id=4143\" class=\"wp-image-4143\" srcset=\"https:\/\/marcali.plebania.hu\/wp-content\/uploads\/2022\/12\/09-1024x683.jpg 1024w, https:\/\/marcali.plebania.hu\/wp-content\/uploads\/2022\/12\/09-300x200.jpg 300w, https:\/\/marcali.plebania.hu\/wp-content\/uploads\/2022\/12\/09-768x512.jpg 768w, https:\/\/marcali.plebania.hu\/wp-content\/uploads\/2022\/12\/09-1536x1024.jpg 1536w, https:\/\/marcali.plebania.hu\/wp-content\/uploads\/2022\/12\/09-2048x1365.jpg 2048w, https:\/\/marcali.plebania.hu\/wp-content\/uploads\/2022\/12\/09-405x270.jpg 405w\" sizes=\"auto, (max-width: 1024px) 100vw, 1024px\" \/><\/figure><\/li><\/ul><\/figure>\n\n\n\n<p>A kar\u00e1csonyra val\u00f3 felk\u00e9sz\u00fcl\u00e9s r\u00e9szek\u00e9nt a m\u00e1sodik lila sz\u00edn\u0171 \u00e1dventi gyerty\u00e1t \u2013 Iv\u00e1n atya k\u00eds\u00e9ret\u00e9ben \u2013 az iskola egyik di\u00e1kja gy\u00fajtotta meg \u00e9s helyezte el a koszor\u00fan. Az \u00fcnneps\u00e9g szentmis\u00e9vel z\u00e1rult a pl\u00e9b\u00e1niatemplomban.<\/p>\n\n\n\n<figure class=\"wp-block-gallery columns-3 is-cropped wp-block-gallery-3 is-layout-flex wp-block-gallery-is-layout-flex\"><ul class=\"blocks-gallery-grid\"><li class=\"blocks-gallery-item\"><figure><img loading=\"lazy\" decoding=\"async\" width=\"1024\" height=\"683\" src=\"https:\/\/marcali.plebania.hu\/wp-content\/uploads\/2022\/12\/16-1-1024x683.jpg\" alt=\"\" data-id=\"4144\" data-link=\"https:\/\/marcali.plebania.hu\/?attachment_id=4144\" class=\"wp-image-4144\" srcset=\"https:\/\/marcali.plebania.hu\/wp-content\/uploads\/2022\/12\/16-1-1024x683.jpg 1024w, https:\/\/marcali.plebania.hu\/wp-content\/uploads\/2022\/12\/16-1-300x200.jpg 300w, https:\/\/marcali.plebania.hu\/wp-content\/uploads\/2022\/12\/16-1-768x512.jpg 768w, https:\/\/marcali.plebania.hu\/wp-content\/uploads\/2022\/12\/16-1-1536x1024.jpg 1536w, https:\/\/marcali.plebania.hu\/wp-content\/uploads\/2022\/12\/16-1-2048x1365.jpg 2048w, https:\/\/marcali.plebania.hu\/wp-content\/uploads\/2022\/12\/16-1-405x270.jpg 405w\" sizes=\"auto, (max-width: 1024px) 100vw, 1024px\" \/><\/figure><\/li><li class=\"blocks-gallery-item\"><figure><img loading=\"lazy\" decoding=\"async\" width=\"1024\" height=\"683\" src=\"https:\/\/marcali.plebania.hu\/wp-content\/uploads\/2022\/12\/17-1024x683.jpg\" alt=\"\" data-id=\"4145\" data-link=\"https:\/\/marcali.plebania.hu\/?attachment_id=4145\" class=\"wp-image-4145\" srcset=\"https:\/\/marcali.plebania.hu\/wp-content\/uploads\/2022\/12\/17-1024x683.jpg 1024w, https:\/\/marcali.plebania.hu\/wp-content\/uploads\/2022\/12\/17-300x200.jpg 300w, https:\/\/marcali.plebania.hu\/wp-content\/uploads\/2022\/12\/17-768x512.jpg 768w, https:\/\/marcali.plebania.hu\/wp-content\/uploads\/2022\/12\/17-1536x1024.jpg 1536w, https:\/\/marcali.plebania.hu\/wp-content\/uploads\/2022\/12\/17-2048x1365.jpg 2048w, https:\/\/marcali.plebania.hu\/wp-content\/uploads\/2022\/12\/17-405x270.jpg 405w\" sizes=\"auto, (max-width: 1024px) 100vw, 1024px\" \/><\/figure><\/li><li class=\"blocks-gallery-item\"><figure><img loading=\"lazy\" decoding=\"async\" width=\"1024\" height=\"683\" src=\"https:\/\/marcali.plebania.hu\/wp-content\/uploads\/2022\/12\/18-1-1024x683.jpg\" alt=\"\" data-id=\"4146\" data-link=\"https:\/\/marcali.plebania.hu\/?attachment_id=4146\" class=\"wp-image-4146\" srcset=\"https:\/\/marcali.plebania.hu\/wp-content\/uploads\/2022\/12\/18-1-1024x683.jpg 1024w, https:\/\/marcali.plebania.hu\/wp-content\/uploads\/2022\/12\/18-1-300x200.jpg 300w, https:\/\/marcali.plebania.hu\/wp-content\/uploads\/2022\/12\/18-1-768x512.jpg 768w, https:\/\/marcali.plebania.hu\/wp-content\/uploads\/2022\/12\/18-1-1536x1024.jpg 1536w, https:\/\/marcali.plebania.hu\/wp-content\/uploads\/2022\/12\/18-1-2048x1365.jpg 2048w, https:\/\/marcali.plebania.hu\/wp-content\/uploads\/2022\/12\/18-1-405x270.jpg 405w\" sizes=\"auto, (max-width: 1024px) 100vw, 1024px\" \/><\/figure><\/li><li class=\"blocks-gallery-item\"><figure><img loading=\"lazy\" decoding=\"async\" width=\"1024\" height=\"683\" src=\"https:\/\/marcali.plebania.hu\/wp-content\/uploads\/2022\/12\/15-1024x683.jpg\" alt=\"\" data-id=\"4147\" data-full-url=\"https:\/\/marcali.plebania.hu\/wp-content\/uploads\/2022\/12\/15-scaled.jpg\" data-link=\"https:\/\/marcali.plebania.hu\/?attachment_id=4147\" class=\"wp-image-4147\" srcset=\"https:\/\/marcali.plebania.hu\/wp-content\/uploads\/2022\/12\/15-1024x683.jpg 1024w, https:\/\/marcali.plebania.hu\/wp-content\/uploads\/2022\/12\/15-300x200.jpg 300w, https:\/\/marcali.plebania.hu\/wp-content\/uploads\/2022\/12\/15-768x512.jpg 768w, https:\/\/marcali.plebania.hu\/wp-content\/uploads\/2022\/12\/15-1536x1024.jpg 1536w, https:\/\/marcali.plebania.hu\/wp-content\/uploads\/2022\/12\/15-2048x1365.jpg 2048w, https:\/\/marcali.plebania.hu\/wp-content\/uploads\/2022\/12\/15-405x270.jpg 405w\" sizes=\"auto, (max-width: 1024px) 100vw, 1024px\" \/><\/figure><\/li><\/ul><\/figure>\n\n\n\n<p>A harmadik gyertya meggy\u00fajt\u00e1sa egy h\u00e9t m\u00falva ugyanitt, ugyanebben az id\u0151ben lesz a Berzsenyi D\u00e1niel Gimn\u00e1zium tanul\u00f3inak m\u0171sor\u00e1val.<\/p>\n\n\n\n<figure class=\"wp-block-gallery columns-3 is-cropped wp-block-gallery-4 is-layout-flex wp-block-gallery-is-layout-flex\"><ul class=\"blocks-gallery-grid\"><li class=\"blocks-gallery-item\"><figure><img loading=\"lazy\" decoding=\"async\" width=\"1024\" height=\"683\" src=\"https:\/\/marcali.plebania.hu\/wp-content\/uploads\/2022\/12\/22-1024x683.jpg\" alt=\"\" data-id=\"4148\" data-full-url=\"https:\/\/marcali.plebania.hu\/wp-content\/uploads\/2022\/12\/22-scaled.jpg\" data-link=\"https:\/\/marcali.plebania.hu\/?attachment_id=4148\" class=\"wp-image-4148\" srcset=\"https:\/\/marcali.plebania.hu\/wp-content\/uploads\/2022\/12\/22-1024x683.jpg 1024w, https:\/\/marcali.plebania.hu\/wp-content\/uploads\/2022\/12\/22-300x200.jpg 300w, https:\/\/marcali.plebania.hu\/wp-content\/uploads\/2022\/12\/22-768x512.jpg 768w, https:\/\/marcali.plebania.hu\/wp-content\/uploads\/2022\/12\/22-1536x1024.jpg 1536w, https:\/\/marcali.plebania.hu\/wp-content\/uploads\/2022\/12\/22-2048x1365.jpg 2048w, https:\/\/marcali.plebania.hu\/wp-content\/uploads\/2022\/12\/22-405x270.jpg 405w\" sizes=\"auto, (max-width: 1024px) 100vw, 1024px\" \/><\/figure><\/li><li class=\"blocks-gallery-item\"><figure><img loading=\"lazy\" decoding=\"async\" width=\"1024\" height=\"683\" src=\"https:\/\/marcali.plebania.hu\/wp-content\/uploads\/2022\/12\/23-1-1024x683.jpg\" alt=\"\" data-id=\"4149\" data-full-url=\"https:\/\/marcali.plebania.hu\/wp-content\/uploads\/2022\/12\/23-1-scaled.jpg\" data-link=\"https:\/\/marcali.plebania.hu\/?attachment_id=4149\" class=\"wp-image-4149\" srcset=\"https:\/\/marcali.plebania.hu\/wp-content\/uploads\/2022\/12\/23-1-1024x683.jpg 1024w, https:\/\/marcali.plebania.hu\/wp-content\/uploads\/2022\/12\/23-1-300x200.jpg 300w, https:\/\/marcali.plebania.hu\/wp-content\/uploads\/2022\/12\/23-1-768x512.jpg 768w, https:\/\/marcali.plebania.hu\/wp-content\/uploads\/2022\/12\/23-1-1536x1024.jpg 1536w, https:\/\/marcali.plebania.hu\/wp-content\/uploads\/2022\/12\/23-1-2048x1365.jpg 2048w, https:\/\/marcali.plebania.hu\/wp-content\/uploads\/2022\/12\/23-1-405x270.jpg 405w\" sizes=\"auto, (max-width: 1024px) 100vw, 1024px\" \/><\/figure><\/li><li class=\"blocks-gallery-item\"><figure><img loading=\"lazy\" decoding=\"async\" width=\"1024\" height=\"683\" src=\"https:\/\/marcali.plebania.hu\/wp-content\/uploads\/2022\/12\/24-1-1024x683.jpg\" alt=\"\" data-id=\"4150\" data-full-url=\"https:\/\/marcali.plebania.hu\/wp-content\/uploads\/2022\/12\/24-1-scaled.jpg\" data-link=\"https:\/\/marcali.plebania.hu\/?attachment_id=4150\" class=\"wp-image-4150\" srcset=\"https:\/\/marcali.plebania.hu\/wp-content\/uploads\/2022\/12\/24-1-1024x683.jpg 1024w, https:\/\/marcali.plebania.hu\/wp-content\/uploads\/2022\/12\/24-1-300x200.jpg 300w, https:\/\/marcali.plebania.hu\/wp-content\/uploads\/2022\/12\/24-1-768x512.jpg 768w, https:\/\/marcali.plebania.hu\/wp-content\/uploads\/2022\/12\/24-1-1536x1024.jpg 1536w, https:\/\/marcali.plebania.hu\/wp-content\/uploads\/2022\/12\/24-1-2048x1365.jpg 2048w, https:\/\/marcali.plebania.hu\/wp-content\/uploads\/2022\/12\/24-1-405x270.jpg 405w\" sizes=\"auto, (max-width: 1024px) 100vw, 1024px\" \/><\/figure><\/li><li class=\"blocks-gallery-item\"><figure><img loading=\"lazy\" decoding=\"async\" width=\"1024\" height=\"683\" src=\"https:\/\/marcali.plebania.hu\/wp-content\/uploads\/2022\/12\/25-1024x683.jpg\" alt=\"\" data-id=\"4151\" data-full-url=\"https:\/\/marcali.plebania.hu\/wp-content\/uploads\/2022\/12\/25-scaled.jpg\" data-link=\"https:\/\/marcali.plebania.hu\/?attachment_id=4151\" class=\"wp-image-4151\" srcset=\"https:\/\/marcali.plebania.hu\/wp-content\/uploads\/2022\/12\/25-1024x683.jpg 1024w, https:\/\/marcali.plebania.hu\/wp-content\/uploads\/2022\/12\/25-300x200.jpg 300w, https:\/\/marcali.plebania.hu\/wp-content\/uploads\/2022\/12\/25-768x512.jpg 768w, https:\/\/marcali.plebania.hu\/wp-content\/uploads\/2022\/12\/25-1536x1024.jpg 1536w, https:\/\/marcali.plebania.hu\/wp-content\/uploads\/2022\/12\/25-2048x1365.jpg 2048w, https:\/\/marcali.plebania.hu\/wp-content\/uploads\/2022\/12\/25-405x270.jpg 405w\" sizes=\"auto, (max-width: 1024px) 100vw, 1024px\" \/><\/figure><\/li><\/ul><\/figure>\n","protected":false},"excerpt":{"rendered":"<p>2022. december 3-\u00e1n, szombaton este 17 \u00f3rakor, a pl\u00e9b\u00e1niatemplom el\u0151tti Boldog II. J\u00e1nos P\u00e1l p\u00e1pa t\u00e9ren \u00e1ll\u00f3 k\u00fclt\u00e9ri \u00e1dventi koszor\u00fan felgyulladt a m\u00e1sodik gyertya f\u00e9nye is. A megjelenteket Kiss Iv\u00e1n c. pr\u00e9post, pl\u00e9b\u00e1nos k\u00f6sz\u00f6nt\u00f6tte, majd bevezet\u0151 gondolatai ut\u00e1n a Miksz\u00e1th K\u00e1lm\u00e1n \u00c1ltal\u00e1nos Iskola 8 tanul\u00f3ja adott el\u0151 egy verses m\u0171sort, melyet Nikl-Schillinger L\u00edvia pedag\u00f3gus tan\u00edtott be a di\u00e1koknak. A kar\u00e1csonyra val\u00f3 felk\u00e9sz\u00fcl\u00e9s r\u00e9szek\u00e9nt a m\u00e1sodik lila sz\u00edn\u0171 \u00e1dventi gyerty\u00e1t \u2013 Iv\u00e1n atya k\u00eds\u00e9ret\u00e9ben \u2013 az iskola egyik di\u00e1kja gy\u00fajtotta meg&#8230;<\/p>\n<p class=\"read-more\"><a class=\"btn btn-default\" href=\"https:\/\/marcali.plebania.hu\/?p=4134\"> Read More<span class=\"screen-reader-text\">  Read More<\/span><\/a><\/p>\n","protected":false},"author":2,"featured_media":0,"comment_status":"closed","ping_status":"open","sticky":false,"template":"","format":"standard","meta":{"footnotes":""},"categories":[1],"tags":[],"class_list":["post-4134","post","type-post","status-publish","format-standard","hentry","category-egyeb"],"_links":{"self":[{"href":"https:\/\/marcali.plebania.hu\/index.php?rest_route=\/wp\/v2\/posts\/4134","targetHints":{"allow":["GET"]}}],"collection":[{"href":"https:\/\/marcali.plebania.hu\/index.php?rest_route=\/wp\/v2\/posts"}],"about":[{"href":"https:\/\/marcali.plebania.hu\/index.php?rest_route=\/wp\/v2\/types\/post"}],"author":[{"embeddable":true,"href":"https:\/\/marcali.plebania.hu\/index.php?rest_route=\/wp\/v2\/users\/2"}],"replies":[{"embeddable":true,"href":"https:\/\/marcali.plebania.hu\/index.php?rest_route=%2Fwp%2Fv2%2Fcomments&post=4134"}],"version-history":[{"count":1,"href":"https:\/\/marcali.plebania.hu\/index.php?rest_route=\/wp\/v2\/posts\/4134\/revisions"}],"predecessor-version":[{"id":4152,"href":"https:\/\/marcali.plebania.hu\/index.php?rest_route=\/wp\/v2\/posts\/4134\/revisions\/4152"}],"wp:attachment":[{"href":"https:\/\/marcali.plebania.hu\/index.php?rest_route=%2Fwp%2Fv2%2Fmedia&parent=4134"}],"wp:term":[{"taxonomy":"category","embeddable":true,"href":"https:\/\/marcali.plebania.hu\/index.php?rest_route=%2Fwp%2Fv2%2Fcategories&post=4134"},{"taxonomy":"post_tag","embeddable":true,"href":"https:\/\/marcali.plebania.hu\/index.php?rest_route=%2Fwp%2Fv2%2Ftags&post=4134"}],"curies":[{"name":"wp","href":"https:\/\/api.w.org\/{rel}","templated":true}]}}