{"id":4154,"date":"2022-12-09T09:22:30","date_gmt":"2022-12-09T09:22:30","guid":{"rendered":"https:\/\/marcali.plebania.hu\/?p=4154"},"modified":"2022-12-09T09:22:30","modified_gmt":"2022-12-09T09:22:30","slug":"hirdetesek-2022-12-11","status":"publish","type":"post","link":"https:\/\/marcali.plebania.hu\/?p=4154","title":{"rendered":"Hirdet\u00e9sek, 2022. 12. 11."},"content":{"rendered":"\n<ol class=\"wp-block-list\"><li>Ma\nvan \u00c1dvent 3. vas\u00e1rnapja.<\/li><li>Kedden\n16 \u00f3rakor fatimai ima\u00f3ra, ut\u00e1na 17 \u00f3rakor szentmise.<\/li><li>Szombaton\n\u00e1dventi Lelki Nap a Marcali pl\u00e9b\u00e1ni\u00e1n. 14 \u00f3r\u00e1ra a hittanos gyermekeket v\u00e1rjuk\naz X-h\u00e1z nagyterm\u00e9be, ahol egy el\u0151ad\u00e1st hallgatnak meg. 15 \u00f3rakor a gyermekek gy\u00f3n\u00e1sa\na pl\u00e9b\u00e1niatemplomban, 16 \u00f3rakor feln\u0151ttek gy\u00f3ntat\u00e1sa \u2013 k\u00e9t vend\u00e9g aty\u00e1val.\nK\u00e9rn\u00e9m, hogy mindenki ekkor v\u00e9gezze el kar\u00e1csonyi szentgy\u00f3n\u00e1s\u00e1t. 17 \u00f3rakor\nlelkigyakorlatos szentmise.<\/li><li>Szombaton\n17 \u00f3rakor \u00e1dventi gyertyagy\u00fajt\u00e1s a pl\u00e9b\u00e1niatemplom el\u0151tti t\u00e9ren, melyen\nk\u00f6zrem\u0171k\u00f6dnek, \u00e9s a gyerty\u00e1kat meggy\u00fajtj\u00e1k a marcali hittanos gyermekek. Ut\u00e1na\nszentmise.<\/li><li>Kalend\u00e1rium\n\u00e9s napt\u00e1rak a sekresty\u00e9ben m\u00e9g kaphat\u00f3k.<\/li><li>A\nkar\u00e1csonyi vir\u00e1gp\u00e9nzt a sekresty\u00e9snek k\u00e9rj\u00fck leadni.<\/li><\/ol>\n","protected":false},"excerpt":{"rendered":"<p>Ma van \u00c1dvent 3. vas\u00e1rnapja. Kedden 16 \u00f3rakor fatimai ima\u00f3ra, ut\u00e1na 17 \u00f3rakor szentmise. Szombaton \u00e1dventi Lelki Nap a Marcali pl\u00e9b\u00e1ni\u00e1n. 14 \u00f3r\u00e1ra a hittanos gyermekeket v\u00e1rjuk az X-h\u00e1z nagyterm\u00e9be, ahol egy el\u0151ad\u00e1st hallgatnak meg. 15 \u00f3rakor a gyermekek gy\u00f3n\u00e1sa a pl\u00e9b\u00e1niatemplomban, 16 \u00f3rakor feln\u0151ttek gy\u00f3ntat\u00e1sa \u2013 k\u00e9t vend\u00e9g aty\u00e1val. K\u00e9rn\u00e9m, hogy mindenki ekkor v\u00e9gezze el kar\u00e1csonyi szentgy\u00f3n\u00e1s\u00e1t. 17 \u00f3rakor lelkigyakorlatos szentmise. Szombaton 17 \u00f3rakor \u00e1dventi gyertyagy\u00fajt\u00e1s a pl\u00e9b\u00e1niatemplom el\u0151tti t\u00e9ren, melyen k\u00f6zrem\u0171k\u00f6dnek, \u00e9s a gyerty\u00e1kat meggy\u00fajtj\u00e1k a marcali hittanos&#8230;<\/p>\n<p class=\"read-more\"><a class=\"btn btn-default\" href=\"https:\/\/marcali.plebania.hu\/?p=4154\"> Read More<span class=\"screen-reader-text\">  Read More<\/span><\/a><\/p>\n","protected":false},"author":2,"featured_media":0,"comment_status":"closed","ping_status":"open","sticky":false,"template":"","format":"standard","meta":{"footnotes":""},"categories":[1],"tags":[],"class_list":["post-4154","post","type-post","status-publish","format-standard","hentry","category-egyeb"],"_links":{"self":[{"href":"https:\/\/marcali.plebania.hu\/index.php?rest_route=\/wp\/v2\/posts\/4154","targetHints":{"allow":["GET"]}}],"collection":[{"href":"https:\/\/marcali.plebania.hu\/index.php?rest_route=\/wp\/v2\/posts"}],"about":[{"href":"https:\/\/marcali.plebania.hu\/index.php?rest_route=\/wp\/v2\/types\/post"}],"author":[{"embeddable":true,"href":"https:\/\/marcali.plebania.hu\/index.php?rest_route=\/wp\/v2\/users\/2"}],"replies":[{"embeddable":true,"href":"https:\/\/marcali.plebania.hu\/index.php?rest_route=%2Fwp%2Fv2%2Fcomments&post=4154"}],"version-history":[{"count":1,"href":"https:\/\/marcali.plebania.hu\/index.php?rest_route=\/wp\/v2\/posts\/4154\/revisions"}],"predecessor-version":[{"id":4155,"href":"https:\/\/marcali.plebania.hu\/index.php?rest_route=\/wp\/v2\/posts\/4154\/revisions\/4155"}],"wp:attachment":[{"href":"https:\/\/marcali.plebania.hu\/index.php?rest_route=%2Fwp%2Fv2%2Fmedia&parent=4154"}],"wp:term":[{"taxonomy":"category","embeddable":true,"href":"https:\/\/marcali.plebania.hu\/index.php?rest_route=%2Fwp%2Fv2%2Fcategories&post=4154"},{"taxonomy":"post_tag","embeddable":true,"href":"https:\/\/marcali.plebania.hu\/index.php?rest_route=%2Fwp%2Fv2%2Ftags&post=4154"}],"curies":[{"name":"wp","href":"https:\/\/api.w.org\/{rel}","templated":true}]}}