{"id":4156,"date":"2022-12-13T09:43:30","date_gmt":"2022-12-13T09:43:30","guid":{"rendered":"https:\/\/marcali.plebania.hu\/?p=4156"},"modified":"2022-12-13T09:43:30","modified_gmt":"2022-12-13T09:43:30","slug":"felgyulladt-a-harmadik-adventi-gyertya-fenye-marcaliban","status":"publish","type":"post","link":"https:\/\/marcali.plebania.hu\/?p=4156","title":{"rendered":"Felgyulladt a harmadik \u00e1dventi gyertya f\u00e9nye Marcaliban"},"content":{"rendered":"\n<p>2022. december 10-\u00e9n, szombaton este 17 \u00f3rakor, a pl\u00e9b\u00e1niatemplom el\u0151tti Boldog II. J\u00e1nos P\u00e1l p\u00e1pa t\u00e9ren \u00e1ll\u00f3 k\u00fclt\u00e9ri \u00e1dventi koszor\u00fan felgyulladt a harmadik gyertya f\u00e9nye is.<\/p>\n\n\n\n<figure class=\"wp-block-gallery columns-3 is-cropped wp-block-gallery-1 is-layout-flex wp-block-gallery-is-layout-flex\"><ul class=\"blocks-gallery-grid\"><li class=\"blocks-gallery-item\"><figure><img loading=\"lazy\" decoding=\"async\" width=\"1024\" height=\"683\" src=\"https:\/\/marcali.plebania.hu\/wp-content\/uploads\/2022\/12\/03-2-1024x683.jpg\" alt=\"\" data-id=\"4157\" data-link=\"https:\/\/marcali.plebania.hu\/?attachment_id=4157\" class=\"wp-image-4157\" srcset=\"https:\/\/marcali.plebania.hu\/wp-content\/uploads\/2022\/12\/03-2-1024x683.jpg 1024w, https:\/\/marcali.plebania.hu\/wp-content\/uploads\/2022\/12\/03-2-300x200.jpg 300w, https:\/\/marcali.plebania.hu\/wp-content\/uploads\/2022\/12\/03-2-768x512.jpg 768w, https:\/\/marcali.plebania.hu\/wp-content\/uploads\/2022\/12\/03-2-1536x1024.jpg 1536w, https:\/\/marcali.plebania.hu\/wp-content\/uploads\/2022\/12\/03-2-2048x1365.jpg 2048w, https:\/\/marcali.plebania.hu\/wp-content\/uploads\/2022\/12\/03-2-405x270.jpg 405w\" sizes=\"auto, (max-width: 1024px) 100vw, 1024px\" \/><\/figure><\/li><li class=\"blocks-gallery-item\"><figure><img loading=\"lazy\" decoding=\"async\" width=\"1024\" height=\"683\" src=\"https:\/\/marcali.plebania.hu\/wp-content\/uploads\/2022\/12\/04-2-1024x683.jpg\" alt=\"\" data-id=\"4158\" data-link=\"https:\/\/marcali.plebania.hu\/?attachment_id=4158\" class=\"wp-image-4158\" srcset=\"https:\/\/marcali.plebania.hu\/wp-content\/uploads\/2022\/12\/04-2-1024x683.jpg 1024w, https:\/\/marcali.plebania.hu\/wp-content\/uploads\/2022\/12\/04-2-300x200.jpg 300w, https:\/\/marcali.plebania.hu\/wp-content\/uploads\/2022\/12\/04-2-768x512.jpg 768w, https:\/\/marcali.plebania.hu\/wp-content\/uploads\/2022\/12\/04-2-1536x1024.jpg 1536w, https:\/\/marcali.plebania.hu\/wp-content\/uploads\/2022\/12\/04-2-2048x1365.jpg 2048w, https:\/\/marcali.plebania.hu\/wp-content\/uploads\/2022\/12\/04-2-405x270.jpg 405w\" sizes=\"auto, (max-width: 1024px) 100vw, 1024px\" \/><\/figure><\/li><li class=\"blocks-gallery-item\"><figure><img loading=\"lazy\" decoding=\"async\" width=\"1024\" height=\"683\" src=\"https:\/\/marcali.plebania.hu\/wp-content\/uploads\/2022\/12\/05-1024x683.jpg\" alt=\"\" data-id=\"4159\" data-link=\"https:\/\/marcali.plebania.hu\/?attachment_id=4159\" class=\"wp-image-4159\" srcset=\"https:\/\/marcali.plebania.hu\/wp-content\/uploads\/2022\/12\/05-1024x683.jpg 1024w, https:\/\/marcali.plebania.hu\/wp-content\/uploads\/2022\/12\/05-300x200.jpg 300w, https:\/\/marcali.plebania.hu\/wp-content\/uploads\/2022\/12\/05-768x512.jpg 768w, https:\/\/marcali.plebania.hu\/wp-content\/uploads\/2022\/12\/05-1536x1024.jpg 1536w, https:\/\/marcali.plebania.hu\/wp-content\/uploads\/2022\/12\/05-2048x1365.jpg 2048w, https:\/\/marcali.plebania.hu\/wp-content\/uploads\/2022\/12\/05-405x270.jpg 405w\" sizes=\"auto, (max-width: 1024px) 100vw, 1024px\" \/><\/figure><\/li><li class=\"blocks-gallery-item\"><figure><img loading=\"lazy\" decoding=\"async\" width=\"1024\" height=\"683\" src=\"https:\/\/marcali.plebania.hu\/wp-content\/uploads\/2022\/12\/01-2-1024x683.jpg\" alt=\"\" data-id=\"4160\" data-full-url=\"https:\/\/marcali.plebania.hu\/wp-content\/uploads\/2022\/12\/01-2-scaled.jpg\" data-link=\"https:\/\/marcali.plebania.hu\/?attachment_id=4160\" class=\"wp-image-4160\" srcset=\"https:\/\/marcali.plebania.hu\/wp-content\/uploads\/2022\/12\/01-2-1024x683.jpg 1024w, https:\/\/marcali.plebania.hu\/wp-content\/uploads\/2022\/12\/01-2-300x200.jpg 300w, https:\/\/marcali.plebania.hu\/wp-content\/uploads\/2022\/12\/01-2-768x512.jpg 768w, https:\/\/marcali.plebania.hu\/wp-content\/uploads\/2022\/12\/01-2-1536x1024.jpg 1536w, https:\/\/marcali.plebania.hu\/wp-content\/uploads\/2022\/12\/01-2-2048x1365.jpg 2048w, https:\/\/marcali.plebania.hu\/wp-content\/uploads\/2022\/12\/01-2-405x270.jpg 405w\" sizes=\"auto, (max-width: 1024px) 100vw, 1024px\" \/><\/figure><\/li><\/ul><\/figure>\n\n\n\n<p>Az es\u0151s id\u0151j\u00e1r\u00e1s miatt az \u00fcnnepi m\u0171sort a templomban tartott\u00e1k meg. A megjelenteket Kiss Iv\u00e1n c. pr\u00e9post, pl\u00e9b\u00e1nos k\u00f6sz\u00f6nt\u00f6tte, majd bevezet\u0151 gondolataiban az \u00f6r\u00f6m\u00f6t szimboliz\u00e1l\u00f3 gyertya jelent\u0151s\u00e9g\u00e9r\u0151l besz\u00e9lt. Ut\u00e1na a Berzsenyi D\u00e1niel Gimn\u00e1zium 32 tanul\u00f3ja adott el\u0151 egy igen tartalmas verses-zen\u00e9s \u00f6ssze\u00e1ll\u00edt\u00e1st, melyet Farkasn\u00e9 Bencze Andrea tan\u00e1rn\u0151 tan\u00edtott be a di\u00e1koknak. V\u00e9g\u00fcl a r\u00e9sztvev\u0151k k\u00f6z\u00fcl 12-en egy nagyon l\u00e1tv\u00e1nyos gyertya-t\u00e1ncot mutattak be a s\u00f6t\u00e9t templomban, ahol csak a m\u00e9csesek apr\u00f3 f\u00e9nye vil\u00e1g\u00edtott a nagy t\u00e9rben, m\u00e9g hat\u00e1sosabb\u00e1 t\u00e9ve az el\u0151ad\u00e1st. Ezt a csod\u00e1latos koreogr\u00e1fi\u00e1t V\u00e1rfalvin\u00e9 Lacz\u00f3 T\u00edmea tan\u00e1rn\u0151 tan\u00edtotta be a l\u00e1nyoknak.<\/p>\n\n\n\n<figure class=\"wp-block-gallery columns-3 is-cropped wp-block-gallery-2 is-layout-flex wp-block-gallery-is-layout-flex\"><ul class=\"blocks-gallery-grid\"><li class=\"blocks-gallery-item\"><figure><img loading=\"lazy\" decoding=\"async\" width=\"1024\" height=\"683\" src=\"https:\/\/marcali.plebania.hu\/wp-content\/uploads\/2022\/12\/07-2-1024x683.jpg\" alt=\"\" data-id=\"4161\" data-link=\"https:\/\/marcali.plebania.hu\/?attachment_id=4161\" class=\"wp-image-4161\" srcset=\"https:\/\/marcali.plebania.hu\/wp-content\/uploads\/2022\/12\/07-2-1024x683.jpg 1024w, https:\/\/marcali.plebania.hu\/wp-content\/uploads\/2022\/12\/07-2-300x200.jpg 300w, https:\/\/marcali.plebania.hu\/wp-content\/uploads\/2022\/12\/07-2-768x512.jpg 768w, https:\/\/marcali.plebania.hu\/wp-content\/uploads\/2022\/12\/07-2-1536x1024.jpg 1536w, https:\/\/marcali.plebania.hu\/wp-content\/uploads\/2022\/12\/07-2-2048x1365.jpg 2048w, https:\/\/marcali.plebania.hu\/wp-content\/uploads\/2022\/12\/07-2-405x270.jpg 405w\" sizes=\"auto, (max-width: 1024px) 100vw, 1024px\" \/><\/figure><\/li><li class=\"blocks-gallery-item\"><figure><img loading=\"lazy\" decoding=\"async\" width=\"1024\" height=\"683\" src=\"https:\/\/marcali.plebania.hu\/wp-content\/uploads\/2022\/12\/09-1-1024x683.jpg\" alt=\"\" data-id=\"4167\" data-link=\"https:\/\/marcali.plebania.hu\/?attachment_id=4167\" class=\"wp-image-4167\" srcset=\"https:\/\/marcali.plebania.hu\/wp-content\/uploads\/2022\/12\/09-1-1024x683.jpg 1024w, https:\/\/marcali.plebania.hu\/wp-content\/uploads\/2022\/12\/09-1-300x200.jpg 300w, https:\/\/marcali.plebania.hu\/wp-content\/uploads\/2022\/12\/09-1-768x512.jpg 768w, https:\/\/marcali.plebania.hu\/wp-content\/uploads\/2022\/12\/09-1-1536x1024.jpg 1536w, https:\/\/marcali.plebania.hu\/wp-content\/uploads\/2022\/12\/09-1-2048x1365.jpg 2048w, https:\/\/marcali.plebania.hu\/wp-content\/uploads\/2022\/12\/09-1-405x270.jpg 405w\" sizes=\"auto, (max-width: 1024px) 100vw, 1024px\" \/><\/figure><\/li><li class=\"blocks-gallery-item\"><figure><img loading=\"lazy\" decoding=\"async\" width=\"1024\" height=\"683\" src=\"https:\/\/marcali.plebania.hu\/wp-content\/uploads\/2022\/12\/10-1-1024x683.jpg\" alt=\"\" data-id=\"4168\" data-link=\"https:\/\/marcali.plebania.hu\/?attachment_id=4168\" class=\"wp-image-4168\" srcset=\"https:\/\/marcali.plebania.hu\/wp-content\/uploads\/2022\/12\/10-1-1024x683.jpg 1024w, https:\/\/marcali.plebania.hu\/wp-content\/uploads\/2022\/12\/10-1-300x200.jpg 300w, https:\/\/marcali.plebania.hu\/wp-content\/uploads\/2022\/12\/10-1-768x512.jpg 768w, https:\/\/marcali.plebania.hu\/wp-content\/uploads\/2022\/12\/10-1-1536x1024.jpg 1536w, https:\/\/marcali.plebania.hu\/wp-content\/uploads\/2022\/12\/10-1-2048x1365.jpg 2048w, https:\/\/marcali.plebania.hu\/wp-content\/uploads\/2022\/12\/10-1-405x270.jpg 405w\" sizes=\"auto, (max-width: 1024px) 100vw, 1024px\" \/><\/figure><\/li><li class=\"blocks-gallery-item\"><figure><img loading=\"lazy\" decoding=\"async\" width=\"1024\" height=\"683\" src=\"https:\/\/marcali.plebania.hu\/wp-content\/uploads\/2022\/12\/21-1024x683.jpg\" alt=\"\" data-id=\"4169\" data-full-url=\"https:\/\/marcali.plebania.hu\/wp-content\/uploads\/2022\/12\/21-scaled.jpg\" data-link=\"https:\/\/marcali.plebania.hu\/?attachment_id=4169\" class=\"wp-image-4169\" srcset=\"https:\/\/marcali.plebania.hu\/wp-content\/uploads\/2022\/12\/21-1024x683.jpg 1024w, https:\/\/marcali.plebania.hu\/wp-content\/uploads\/2022\/12\/21-300x200.jpg 300w, https:\/\/marcali.plebania.hu\/wp-content\/uploads\/2022\/12\/21-768x512.jpg 768w, https:\/\/marcali.plebania.hu\/wp-content\/uploads\/2022\/12\/21-1536x1024.jpg 1536w, https:\/\/marcali.plebania.hu\/wp-content\/uploads\/2022\/12\/21-2048x1365.jpg 2048w, https:\/\/marcali.plebania.hu\/wp-content\/uploads\/2022\/12\/21-405x270.jpg 405w\" sizes=\"auto, (max-width: 1024px) 100vw, 1024px\" \/><\/figure><\/li><\/ul><\/figure>\n\n\n\n<p>A kar\u00e1csonyra val\u00f3 felk\u00e9sz\u00fcl\u00e9s r\u00e9szek\u00e9nt a harmadik r\u00f3zsasz\u00edn\u0171 \u00e1dventi gyerty\u00e1t \u2013 Iv\u00e1n atya \u00e9s K\u0151r\u00f6si Andr\u00e1s igazgat\u00f3 k\u00eds\u00e9ret\u00e9ben \u2013 az iskola egyik di\u00e1kja, Elek B\u00e1lint gy\u00fajtotta meg \u00e9s helyezte el a kinti koszor\u00fan. Az \u00e1dventi \u00fcnneps\u00e9g szentmis\u00e9vel z\u00e1rult a Gy\u00fcm\u00f6lcsolt\u00f3 Boldogasszony Pl\u00e9b\u00e1niatemplomban.<\/p>\n\n\n\n<figure class=\"wp-block-gallery columns-3 is-cropped wp-block-gallery-3 is-layout-flex wp-block-gallery-is-layout-flex\"><ul class=\"blocks-gallery-grid\"><li class=\"blocks-gallery-item\"><figure><img loading=\"lazy\" decoding=\"async\" width=\"1024\" height=\"683\" src=\"https:\/\/marcali.plebania.hu\/wp-content\/uploads\/2022\/12\/22-1-1024x683.jpg\" alt=\"\" data-id=\"4170\" data-link=\"https:\/\/marcali.plebania.hu\/?attachment_id=4170\" class=\"wp-image-4170\" srcset=\"https:\/\/marcali.plebania.hu\/wp-content\/uploads\/2022\/12\/22-1-1024x683.jpg 1024w, https:\/\/marcali.plebania.hu\/wp-content\/uploads\/2022\/12\/22-1-300x200.jpg 300w, https:\/\/marcali.plebania.hu\/wp-content\/uploads\/2022\/12\/22-1-768x512.jpg 768w, https:\/\/marcali.plebania.hu\/wp-content\/uploads\/2022\/12\/22-1-1536x1024.jpg 1536w, https:\/\/marcali.plebania.hu\/wp-content\/uploads\/2022\/12\/22-1-2048x1365.jpg 2048w, https:\/\/marcali.plebania.hu\/wp-content\/uploads\/2022\/12\/22-1-405x270.jpg 405w\" sizes=\"auto, (max-width: 1024px) 100vw, 1024px\" \/><\/figure><\/li><li class=\"blocks-gallery-item\"><figure><img loading=\"lazy\" decoding=\"async\" width=\"1024\" height=\"683\" src=\"https:\/\/marcali.plebania.hu\/wp-content\/uploads\/2022\/12\/27-1024x683.jpg\" alt=\"\" data-id=\"4171\" data-link=\"https:\/\/marcali.plebania.hu\/?attachment_id=4171\" class=\"wp-image-4171\" srcset=\"https:\/\/marcali.plebania.hu\/wp-content\/uploads\/2022\/12\/27-1024x683.jpg 1024w, https:\/\/marcali.plebania.hu\/wp-content\/uploads\/2022\/12\/27-300x200.jpg 300w, https:\/\/marcali.plebania.hu\/wp-content\/uploads\/2022\/12\/27-768x512.jpg 768w, https:\/\/marcali.plebania.hu\/wp-content\/uploads\/2022\/12\/27-1536x1024.jpg 1536w, https:\/\/marcali.plebania.hu\/wp-content\/uploads\/2022\/12\/27-2048x1365.jpg 2048w, https:\/\/marcali.plebania.hu\/wp-content\/uploads\/2022\/12\/27-405x270.jpg 405w\" sizes=\"auto, (max-width: 1024px) 100vw, 1024px\" \/><\/figure><\/li><li class=\"blocks-gallery-item\"><figure><img loading=\"lazy\" decoding=\"async\" width=\"1024\" height=\"683\" src=\"https:\/\/marcali.plebania.hu\/wp-content\/uploads\/2022\/12\/30-1-1024x683.jpg\" alt=\"\" data-id=\"4172\" data-link=\"https:\/\/marcali.plebania.hu\/?attachment_id=4172\" class=\"wp-image-4172\" srcset=\"https:\/\/marcali.plebania.hu\/wp-content\/uploads\/2022\/12\/30-1-1024x683.jpg 1024w, https:\/\/marcali.plebania.hu\/wp-content\/uploads\/2022\/12\/30-1-300x200.jpg 300w, https:\/\/marcali.plebania.hu\/wp-content\/uploads\/2022\/12\/30-1-768x512.jpg 768w, https:\/\/marcali.plebania.hu\/wp-content\/uploads\/2022\/12\/30-1-1536x1024.jpg 1536w, https:\/\/marcali.plebania.hu\/wp-content\/uploads\/2022\/12\/30-1-2048x1365.jpg 2048w, https:\/\/marcali.plebania.hu\/wp-content\/uploads\/2022\/12\/30-1-405x270.jpg 405w\" sizes=\"auto, (max-width: 1024px) 100vw, 1024px\" \/><\/figure><\/li><li class=\"blocks-gallery-item\"><figure><img loading=\"lazy\" decoding=\"async\" width=\"1024\" height=\"683\" src=\"https:\/\/marcali.plebania.hu\/wp-content\/uploads\/2022\/12\/37-1024x683.jpg\" alt=\"\" data-id=\"4173\" data-full-url=\"https:\/\/marcali.plebania.hu\/wp-content\/uploads\/2022\/12\/37-scaled.jpg\" data-link=\"https:\/\/marcali.plebania.hu\/?attachment_id=4173\" class=\"wp-image-4173\" srcset=\"https:\/\/marcali.plebania.hu\/wp-content\/uploads\/2022\/12\/37-1024x683.jpg 1024w, https:\/\/marcali.plebania.hu\/wp-content\/uploads\/2022\/12\/37-300x200.jpg 300w, https:\/\/marcali.plebania.hu\/wp-content\/uploads\/2022\/12\/37-768x512.jpg 768w, https:\/\/marcali.plebania.hu\/wp-content\/uploads\/2022\/12\/37-1536x1024.jpg 1536w, https:\/\/marcali.plebania.hu\/wp-content\/uploads\/2022\/12\/37-2048x1365.jpg 2048w, https:\/\/marcali.plebania.hu\/wp-content\/uploads\/2022\/12\/37-405x270.jpg 405w\" sizes=\"auto, (max-width: 1024px) 100vw, 1024px\" \/><\/figure><\/li><\/ul><\/figure>\n\n\n\n<p>A negyedik gyerty\u00e1t egy h\u00e9t m\u00falva ugyanitt, ugyanebben az id\u0151ben a Marcali hittanos di\u00e1kok m\u0171sor\u00e1t k\u00f6vet\u0151en gy\u00fajtj\u00e1k meg, melyre tov\u00e1bbra is mindenkit szeretettel h\u00edvnak \u00e9s v\u00e1rnak a szervez\u0151k.<\/p>\n\n\n\n<figure class=\"wp-block-gallery columns-3 is-cropped wp-block-gallery-4 is-layout-flex wp-block-gallery-is-layout-flex\"><ul class=\"blocks-gallery-grid\"><li class=\"blocks-gallery-item\"><figure><img loading=\"lazy\" decoding=\"async\" width=\"1024\" height=\"683\" src=\"https:\/\/marcali.plebania.hu\/wp-content\/uploads\/2022\/12\/43-1024x683.jpg\" alt=\"\" data-id=\"4162\" data-link=\"https:\/\/marcali.plebania.hu\/?attachment_id=4162\" class=\"wp-image-4162\" srcset=\"https:\/\/marcali.plebania.hu\/wp-content\/uploads\/2022\/12\/43-1024x683.jpg 1024w, https:\/\/marcali.plebania.hu\/wp-content\/uploads\/2022\/12\/43-300x200.jpg 300w, https:\/\/marcali.plebania.hu\/wp-content\/uploads\/2022\/12\/43-768x512.jpg 768w, https:\/\/marcali.plebania.hu\/wp-content\/uploads\/2022\/12\/43-1536x1024.jpg 1536w, https:\/\/marcali.plebania.hu\/wp-content\/uploads\/2022\/12\/43-2048x1365.jpg 2048w, https:\/\/marcali.plebania.hu\/wp-content\/uploads\/2022\/12\/43-405x270.jpg 405w\" sizes=\"auto, (max-width: 1024px) 100vw, 1024px\" \/><\/figure><\/li><li class=\"blocks-gallery-item\"><figure><img loading=\"lazy\" decoding=\"async\" width=\"1024\" height=\"683\" src=\"https:\/\/marcali.plebania.hu\/wp-content\/uploads\/2022\/12\/45-1024x683.jpg\" alt=\"\" data-id=\"4163\" data-link=\"https:\/\/marcali.plebania.hu\/?attachment_id=4163\" class=\"wp-image-4163\" srcset=\"https:\/\/marcali.plebania.hu\/wp-content\/uploads\/2022\/12\/45-1024x683.jpg 1024w, https:\/\/marcali.plebania.hu\/wp-content\/uploads\/2022\/12\/45-300x200.jpg 300w, https:\/\/marcali.plebania.hu\/wp-content\/uploads\/2022\/12\/45-768x512.jpg 768w, https:\/\/marcali.plebania.hu\/wp-content\/uploads\/2022\/12\/45-1536x1024.jpg 1536w, https:\/\/marcali.plebania.hu\/wp-content\/uploads\/2022\/12\/45-2048x1365.jpg 2048w, https:\/\/marcali.plebania.hu\/wp-content\/uploads\/2022\/12\/45-405x270.jpg 405w\" sizes=\"auto, (max-width: 1024px) 100vw, 1024px\" \/><\/figure><\/li><li class=\"blocks-gallery-item\"><figure><img loading=\"lazy\" decoding=\"async\" width=\"1024\" height=\"683\" src=\"https:\/\/marcali.plebania.hu\/wp-content\/uploads\/2022\/12\/48-1024x683.jpg\" alt=\"\" data-id=\"4164\" data-link=\"https:\/\/marcali.plebania.hu\/?attachment_id=4164\" class=\"wp-image-4164\" srcset=\"https:\/\/marcali.plebania.hu\/wp-content\/uploads\/2022\/12\/48-1024x683.jpg 1024w, https:\/\/marcali.plebania.hu\/wp-content\/uploads\/2022\/12\/48-300x200.jpg 300w, https:\/\/marcali.plebania.hu\/wp-content\/uploads\/2022\/12\/48-768x512.jpg 768w, https:\/\/marcali.plebania.hu\/wp-content\/uploads\/2022\/12\/48-1536x1024.jpg 1536w, https:\/\/marcali.plebania.hu\/wp-content\/uploads\/2022\/12\/48-2048x1365.jpg 2048w, https:\/\/marcali.plebania.hu\/wp-content\/uploads\/2022\/12\/48-405x270.jpg 405w\" sizes=\"auto, (max-width: 1024px) 100vw, 1024px\" \/><\/figure><\/li><li class=\"blocks-gallery-item\"><figure><img loading=\"lazy\" decoding=\"async\" width=\"1024\" height=\"683\" src=\"https:\/\/marcali.plebania.hu\/wp-content\/uploads\/2022\/12\/51-1-1024x683.jpg\" alt=\"\" data-id=\"4165\" data-full-url=\"https:\/\/marcali.plebania.hu\/wp-content\/uploads\/2022\/12\/51-1-scaled.jpg\" data-link=\"https:\/\/marcali.plebania.hu\/?attachment_id=4165\" class=\"wp-image-4165\" srcset=\"https:\/\/marcali.plebania.hu\/wp-content\/uploads\/2022\/12\/51-1-1024x683.jpg 1024w, https:\/\/marcali.plebania.hu\/wp-content\/uploads\/2022\/12\/51-1-300x200.jpg 300w, https:\/\/marcali.plebania.hu\/wp-content\/uploads\/2022\/12\/51-1-768x512.jpg 768w, https:\/\/marcali.plebania.hu\/wp-content\/uploads\/2022\/12\/51-1-1536x1024.jpg 1536w, https:\/\/marcali.plebania.hu\/wp-content\/uploads\/2022\/12\/51-1-2048x1365.jpg 2048w, https:\/\/marcali.plebania.hu\/wp-content\/uploads\/2022\/12\/51-1-405x270.jpg 405w\" sizes=\"auto, (max-width: 1024px) 100vw, 1024px\" \/><\/figure><\/li><\/ul><\/figure>\n","protected":false},"excerpt":{"rendered":"<p>2022. december 10-\u00e9n, szombaton este 17 \u00f3rakor, a pl\u00e9b\u00e1niatemplom el\u0151tti Boldog II. J\u00e1nos P\u00e1l p\u00e1pa t\u00e9ren \u00e1ll\u00f3 k\u00fclt\u00e9ri \u00e1dventi koszor\u00fan felgyulladt a harmadik gyertya f\u00e9nye is. Az es\u0151s id\u0151j\u00e1r\u00e1s miatt az \u00fcnnepi m\u0171sort a templomban tartott\u00e1k meg. A megjelenteket Kiss Iv\u00e1n c. pr\u00e9post, pl\u00e9b\u00e1nos k\u00f6sz\u00f6nt\u00f6tte, majd bevezet\u0151 gondolataiban az \u00f6r\u00f6m\u00f6t szimboliz\u00e1l\u00f3 gyertya jelent\u0151s\u00e9g\u00e9r\u0151l besz\u00e9lt. Ut\u00e1na a Berzsenyi D\u00e1niel Gimn\u00e1zium 32 tanul\u00f3ja adott el\u0151 egy igen tartalmas verses-zen\u00e9s \u00f6ssze\u00e1ll\u00edt\u00e1st, melyet Farkasn\u00e9 Bencze Andrea tan\u00e1rn\u0151 tan\u00edtott be a di\u00e1koknak. V\u00e9g\u00fcl a r\u00e9sztvev\u0151k&#8230;<\/p>\n<p class=\"read-more\"><a class=\"btn btn-default\" href=\"https:\/\/marcali.plebania.hu\/?p=4156\"> Read More<span class=\"screen-reader-text\">  Read More<\/span><\/a><\/p>\n","protected":false},"author":2,"featured_media":0,"comment_status":"closed","ping_status":"open","sticky":false,"template":"","format":"standard","meta":{"footnotes":""},"categories":[1],"tags":[],"class_list":["post-4156","post","type-post","status-publish","format-standard","hentry","category-egyeb"],"_links":{"self":[{"href":"https:\/\/marcali.plebania.hu\/index.php?rest_route=\/wp\/v2\/posts\/4156","targetHints":{"allow":["GET"]}}],"collection":[{"href":"https:\/\/marcali.plebania.hu\/index.php?rest_route=\/wp\/v2\/posts"}],"about":[{"href":"https:\/\/marcali.plebania.hu\/index.php?rest_route=\/wp\/v2\/types\/post"}],"author":[{"embeddable":true,"href":"https:\/\/marcali.plebania.hu\/index.php?rest_route=\/wp\/v2\/users\/2"}],"replies":[{"embeddable":true,"href":"https:\/\/marcali.plebania.hu\/index.php?rest_route=%2Fwp%2Fv2%2Fcomments&post=4156"}],"version-history":[{"count":1,"href":"https:\/\/marcali.plebania.hu\/index.php?rest_route=\/wp\/v2\/posts\/4156\/revisions"}],"predecessor-version":[{"id":4174,"href":"https:\/\/marcali.plebania.hu\/index.php?rest_route=\/wp\/v2\/posts\/4156\/revisions\/4174"}],"wp:attachment":[{"href":"https:\/\/marcali.plebania.hu\/index.php?rest_route=%2Fwp%2Fv2%2Fmedia&parent=4156"}],"wp:term":[{"taxonomy":"category","embeddable":true,"href":"https:\/\/marcali.plebania.hu\/index.php?rest_route=%2Fwp%2Fv2%2Fcategories&post=4156"},{"taxonomy":"post_tag","embeddable":true,"href":"https:\/\/marcali.plebania.hu\/index.php?rest_route=%2Fwp%2Fv2%2Ftags&post=4156"}],"curies":[{"name":"wp","href":"https:\/\/api.w.org\/{rel}","templated":true}]}}