{"id":4175,"date":"2022-12-13T09:51:25","date_gmt":"2022-12-13T09:51:25","guid":{"rendered":"https:\/\/marcali.plebania.hu\/?p=4175"},"modified":"2022-12-13T09:51:25","modified_gmt":"2022-12-13T09:51:25","slug":"unnepi-szentmise-babtancoltato-betlehemes-jatek-advent-3-vasarnapjan-vorson","status":"publish","type":"post","link":"https:\/\/marcali.plebania.hu\/?p=4175","title":{"rendered":"\u00dcnnepi szentmise, b\u00e1bt\u00e1ncoltat\u00f3 betlehemes j\u00e1t\u00e9k \u00e1dvent 3. vas\u00e1rnapj\u00e1n, V\u00f6rs\u00f6n"},"content":{"rendered":"\n<p>2022. december 11-\u00e9n, \u00e1dvent 3. vas\u00e1rnapj\u00e1n, 14 \u00f3rakor kezd\u0151d\u00f6tt az \u00fcnnepi szentmise, melyet \u2013 a kor\u00e1bbi \u00e9vek hagyom\u00e1nyaihoz hasonl\u00f3an \u2013 Kiss Iv\u00e1n c. pr\u00e9post, Marcali pl\u00e9b\u00e1nos celebr\u00e1lt a v\u00f6rsi Szent M\u00e1rton p\u00fcsp\u00f6k templomban.<\/p>\n\n\n\n<figure class=\"wp-block-gallery columns-3 is-cropped wp-block-gallery-1 is-layout-flex wp-block-gallery-is-layout-flex\"><ul class=\"blocks-gallery-grid\"><li class=\"blocks-gallery-item\"><figure><img loading=\"lazy\" decoding=\"async\" width=\"1024\" height=\"683\" src=\"https:\/\/marcali.plebania.hu\/wp-content\/uploads\/2022\/12\/01-3-1024x683.jpg\" alt=\"\" data-id=\"4176\" data-link=\"https:\/\/marcali.plebania.hu\/?attachment_id=4176\" class=\"wp-image-4176\" srcset=\"https:\/\/marcali.plebania.hu\/wp-content\/uploads\/2022\/12\/01-3-1024x683.jpg 1024w, https:\/\/marcali.plebania.hu\/wp-content\/uploads\/2022\/12\/01-3-300x200.jpg 300w, https:\/\/marcali.plebania.hu\/wp-content\/uploads\/2022\/12\/01-3-768x512.jpg 768w, https:\/\/marcali.plebania.hu\/wp-content\/uploads\/2022\/12\/01-3-1536x1024.jpg 1536w, https:\/\/marcali.plebania.hu\/wp-content\/uploads\/2022\/12\/01-3-2048x1365.jpg 2048w, https:\/\/marcali.plebania.hu\/wp-content\/uploads\/2022\/12\/01-3-405x270.jpg 405w\" sizes=\"auto, (max-width: 1024px) 100vw, 1024px\" \/><\/figure><\/li><li class=\"blocks-gallery-item\"><figure><img loading=\"lazy\" decoding=\"async\" width=\"1024\" height=\"683\" src=\"https:\/\/marcali.plebania.hu\/wp-content\/uploads\/2022\/12\/06-4-1024x683.jpg\" alt=\"\" data-id=\"4177\" data-link=\"https:\/\/marcali.plebania.hu\/?attachment_id=4177\" class=\"wp-image-4177\" srcset=\"https:\/\/marcali.plebania.hu\/wp-content\/uploads\/2022\/12\/06-4-1024x683.jpg 1024w, https:\/\/marcali.plebania.hu\/wp-content\/uploads\/2022\/12\/06-4-300x200.jpg 300w, https:\/\/marcali.plebania.hu\/wp-content\/uploads\/2022\/12\/06-4-768x512.jpg 768w, https:\/\/marcali.plebania.hu\/wp-content\/uploads\/2022\/12\/06-4-1536x1024.jpg 1536w, https:\/\/marcali.plebania.hu\/wp-content\/uploads\/2022\/12\/06-4-2048x1365.jpg 2048w, https:\/\/marcali.plebania.hu\/wp-content\/uploads\/2022\/12\/06-4-405x270.jpg 405w\" sizes=\"auto, (max-width: 1024px) 100vw, 1024px\" \/><\/figure><\/li><li class=\"blocks-gallery-item\"><figure><img loading=\"lazy\" decoding=\"async\" width=\"1024\" height=\"683\" src=\"https:\/\/marcali.plebania.hu\/wp-content\/uploads\/2022\/12\/11-1024x683.jpg\" alt=\"\" data-id=\"4178\" data-link=\"https:\/\/marcali.plebania.hu\/?attachment_id=4178\" class=\"wp-image-4178\" srcset=\"https:\/\/marcali.plebania.hu\/wp-content\/uploads\/2022\/12\/11-1024x683.jpg 1024w, https:\/\/marcali.plebania.hu\/wp-content\/uploads\/2022\/12\/11-300x200.jpg 300w, https:\/\/marcali.plebania.hu\/wp-content\/uploads\/2022\/12\/11-768x512.jpg 768w, https:\/\/marcali.plebania.hu\/wp-content\/uploads\/2022\/12\/11-1536x1024.jpg 1536w, https:\/\/marcali.plebania.hu\/wp-content\/uploads\/2022\/12\/11-2048x1365.jpg 2048w, https:\/\/marcali.plebania.hu\/wp-content\/uploads\/2022\/12\/11-405x270.jpg 405w\" sizes=\"auto, (max-width: 1024px) 100vw, 1024px\" \/><\/figure><\/li><li class=\"blocks-gallery-item\"><figure><img loading=\"lazy\" decoding=\"async\" width=\"1024\" height=\"683\" src=\"https:\/\/marcali.plebania.hu\/wp-content\/uploads\/2022\/12\/14-1-1024x683.jpg\" alt=\"\" data-id=\"4179\" data-full-url=\"https:\/\/marcali.plebania.hu\/wp-content\/uploads\/2022\/12\/14-1-scaled.jpg\" data-link=\"https:\/\/marcali.plebania.hu\/?attachment_id=4179\" class=\"wp-image-4179\" srcset=\"https:\/\/marcali.plebania.hu\/wp-content\/uploads\/2022\/12\/14-1-1024x683.jpg 1024w, https:\/\/marcali.plebania.hu\/wp-content\/uploads\/2022\/12\/14-1-300x200.jpg 300w, https:\/\/marcali.plebania.hu\/wp-content\/uploads\/2022\/12\/14-1-768x512.jpg 768w, https:\/\/marcali.plebania.hu\/wp-content\/uploads\/2022\/12\/14-1-1536x1024.jpg 1536w, https:\/\/marcali.plebania.hu\/wp-content\/uploads\/2022\/12\/14-1-2048x1365.jpg 2048w, https:\/\/marcali.plebania.hu\/wp-content\/uploads\/2022\/12\/14-1-405x270.jpg 405w\" sizes=\"auto, (max-width: 1024px) 100vw, 1024px\" \/><\/figure><\/li><\/ul><\/figure>\n\n\n\n<p>Az istentiszteleten Ungv\u00e1rszki Imre balatonszentgy\u00f6rgyi pl\u00e9b\u00e1nos \u00e9s N\u00e9meth Endre cs\u00e1k\u00e1nyi diak\u00f3nus mis\u00e9zett egy\u00fctt Iv\u00e1n aty\u00e1val, aki szentbesz\u00e9d\u00e9ben az \u00e1dventi harmadik \u00fcnnep jelent\u0151s\u00e9g\u00e9t hangs\u00falyozta. Mint kifejtette: V\u00f6rsre ilyenkor nemcsak az \u00fcnnepnapok alkalm\u00e1val, hanem a h\u00e9tk\u00f6znapokon is sokan ell\u00e1togatnak, hogy megn\u00e9zz\u00e9k a csod\u00e1latosan sz\u00e9p betlehemet; aminek nem a nagys\u00e1ga a fontos, hanem maga a sz\u00e9ps\u00e9ge, maga a gondolata, hogy az ide \u00e9rkez\u0151k elgondolkodjanak kar\u00e1csony \u00f6r\u00f6mh\u00edr\u00e9n. Arr\u00f3l az \u00f6r\u00f6mh\u00edrr\u0151l, amit a kereszt\u00e9nyek p\u00e9ld\u00e1ul V\u00f6rs\u00f6n, enn\u00e9l a betlehemn\u00e9l is megtapasztalhatnak. A gondvisel\u0151 Sz\u0171z Anya ugyanis megtan\u00edt mindenkit \u00f6r\u00fclni, ahogy \u0151 \u00f6rvendezett a Fia sz\u00fclet\u00e9sekor. S\u0151t m\u00e1r az angyalok \u00e9nek\u00e9ben is megjelenik a nagy \u00f6r\u00f6m, hogy megsz\u00fcletett a Megv\u00e1lt\u00f3. A marcali pr\u00e9post \u00e9ppen ez\u00e9rt az \u00f6r\u00f6m kiteljesed\u00e9s\u00e9rt im\u00e1dkozott a nagy sz\u00e1mban megjelent h\u00edvekkel egy\u00fctt.<\/p>\n\n\n\n<figure class=\"wp-block-gallery columns-3 is-cropped wp-block-gallery-2 is-layout-flex wp-block-gallery-is-layout-flex\"><ul class=\"blocks-gallery-grid\"><li class=\"blocks-gallery-item\"><figure><img loading=\"lazy\" decoding=\"async\" width=\"1024\" height=\"683\" src=\"https:\/\/marcali.plebania.hu\/wp-content\/uploads\/2022\/12\/17-1-1024x683.jpg\" alt=\"\" data-id=\"4180\" data-link=\"https:\/\/marcali.plebania.hu\/?attachment_id=4180\" class=\"wp-image-4180\" srcset=\"https:\/\/marcali.plebania.hu\/wp-content\/uploads\/2022\/12\/17-1-1024x683.jpg 1024w, https:\/\/marcali.plebania.hu\/wp-content\/uploads\/2022\/12\/17-1-300x200.jpg 300w, https:\/\/marcali.plebania.hu\/wp-content\/uploads\/2022\/12\/17-1-768x512.jpg 768w, https:\/\/marcali.plebania.hu\/wp-content\/uploads\/2022\/12\/17-1-1536x1024.jpg 1536w, https:\/\/marcali.plebania.hu\/wp-content\/uploads\/2022\/12\/17-1-2048x1365.jpg 2048w, https:\/\/marcali.plebania.hu\/wp-content\/uploads\/2022\/12\/17-1-405x270.jpg 405w\" sizes=\"auto, (max-width: 1024px) 100vw, 1024px\" \/><\/figure><\/li><li class=\"blocks-gallery-item\"><figure><img loading=\"lazy\" decoding=\"async\" width=\"1024\" height=\"683\" src=\"https:\/\/marcali.plebania.hu\/wp-content\/uploads\/2022\/12\/31-1024x683.jpg\" alt=\"\" data-id=\"4181\" data-link=\"https:\/\/marcali.plebania.hu\/?attachment_id=4181\" class=\"wp-image-4181\" srcset=\"https:\/\/marcali.plebania.hu\/wp-content\/uploads\/2022\/12\/31-1024x683.jpg 1024w, https:\/\/marcali.plebania.hu\/wp-content\/uploads\/2022\/12\/31-300x200.jpg 300w, https:\/\/marcali.plebania.hu\/wp-content\/uploads\/2022\/12\/31-768x512.jpg 768w, https:\/\/marcali.plebania.hu\/wp-content\/uploads\/2022\/12\/31-1536x1024.jpg 1536w, https:\/\/marcali.plebania.hu\/wp-content\/uploads\/2022\/12\/31-2048x1365.jpg 2048w, https:\/\/marcali.plebania.hu\/wp-content\/uploads\/2022\/12\/31-405x270.jpg 405w\" sizes=\"auto, (max-width: 1024px) 100vw, 1024px\" \/><\/figure><\/li><li class=\"blocks-gallery-item\"><figure><img loading=\"lazy\" decoding=\"async\" width=\"1024\" height=\"683\" src=\"https:\/\/marcali.plebania.hu\/wp-content\/uploads\/2022\/12\/12-1024x683.jpg\" alt=\"\" data-id=\"4182\" data-link=\"https:\/\/marcali.plebania.hu\/?attachment_id=4182\" class=\"wp-image-4182\" srcset=\"https:\/\/marcali.plebania.hu\/wp-content\/uploads\/2022\/12\/12-1024x683.jpg 1024w, https:\/\/marcali.plebania.hu\/wp-content\/uploads\/2022\/12\/12-300x200.jpg 300w, https:\/\/marcali.plebania.hu\/wp-content\/uploads\/2022\/12\/12-768x512.jpg 768w, https:\/\/marcali.plebania.hu\/wp-content\/uploads\/2022\/12\/12-1536x1024.jpg 1536w, https:\/\/marcali.plebania.hu\/wp-content\/uploads\/2022\/12\/12-2048x1365.jpg 2048w, https:\/\/marcali.plebania.hu\/wp-content\/uploads\/2022\/12\/12-405x270.jpg 405w\" sizes=\"auto, (max-width: 1024px) 100vw, 1024px\" \/><\/figure><\/li><li class=\"blocks-gallery-item\"><figure><img loading=\"lazy\" decoding=\"async\" width=\"1024\" height=\"683\" src=\"https:\/\/marcali.plebania.hu\/wp-content\/uploads\/2022\/12\/43-1-1024x683.jpg\" alt=\"\" data-id=\"4183\" data-full-url=\"https:\/\/marcali.plebania.hu\/wp-content\/uploads\/2022\/12\/43-1-scaled.jpg\" data-link=\"https:\/\/marcali.plebania.hu\/?attachment_id=4183\" class=\"wp-image-4183\" srcset=\"https:\/\/marcali.plebania.hu\/wp-content\/uploads\/2022\/12\/43-1-1024x683.jpg 1024w, https:\/\/marcali.plebania.hu\/wp-content\/uploads\/2022\/12\/43-1-300x200.jpg 300w, https:\/\/marcali.plebania.hu\/wp-content\/uploads\/2022\/12\/43-1-768x512.jpg 768w, https:\/\/marcali.plebania.hu\/wp-content\/uploads\/2022\/12\/43-1-1536x1024.jpg 1536w, https:\/\/marcali.plebania.hu\/wp-content\/uploads\/2022\/12\/43-1-2048x1365.jpg 2048w, https:\/\/marcali.plebania.hu\/wp-content\/uploads\/2022\/12\/43-1-405x270.jpg 405w\" sizes=\"auto, (max-width: 1024px) 100vw, 1024px\" \/><\/figure><\/li><\/ul><\/figure>\n\n\n\n<p>Az \u00fcnnepi szentmis\u00e9n k\u00f6zrem\u0171k\u00f6d\u00f6tt a balatonf\u00f6ldv\u00e1ri Szonor\u00f3 k\u00f3rus. V\u00e9g\u00fcl a v\u00f6rsi f\u00e9rfiak hagyom\u00e1nyos b\u00e1bt\u00e1ncoltat\u00f3 betlehemes j\u00e1t\u00e9ka z\u00e1rta a sz\u00e9pen siker\u00fclt d\u00e9lut\u00e1nt. Az id\u00e9n szint\u00e9n, a sz\u00e9p naps\u00fct\u00e9ses \u2013 b\u00e1r szeles \u2013 id\u0151 k\u00f6vetkezt\u00e9ben sokan elj\u00f6ttek \u2013 k\u00f6zt\u00fck 3 polg\u00e1rmester \u2013 a k\u00f6rny\u00e9k k\u00f6zeli \u00e9s t\u00e1volabbi telep\u00fcl\u00e9seir\u0151l, \u00edgy p\u00e9ld\u00e1ul Marcalib\u00f3l is, hogy megtekints\u00e9k Magyarorsz\u00e1g legnagyobb belt\u00e9ri betlehem\u00e9t.<\/p>\n\n\n\n<figure class=\"wp-block-gallery columns-3 is-cropped wp-block-gallery-3 is-layout-flex wp-block-gallery-is-layout-flex\"><ul class=\"blocks-gallery-grid\"><li class=\"blocks-gallery-item\"><figure><img loading=\"lazy\" decoding=\"async\" width=\"1024\" height=\"683\" src=\"https:\/\/marcali.plebania.hu\/wp-content\/uploads\/2022\/12\/45-1-1024x683.jpg\" alt=\"\" data-id=\"4184\" data-link=\"https:\/\/marcali.plebania.hu\/?attachment_id=4184\" class=\"wp-image-4184\" srcset=\"https:\/\/marcali.plebania.hu\/wp-content\/uploads\/2022\/12\/45-1-1024x683.jpg 1024w, https:\/\/marcali.plebania.hu\/wp-content\/uploads\/2022\/12\/45-1-300x200.jpg 300w, https:\/\/marcali.plebania.hu\/wp-content\/uploads\/2022\/12\/45-1-768x512.jpg 768w, https:\/\/marcali.plebania.hu\/wp-content\/uploads\/2022\/12\/45-1-1536x1024.jpg 1536w, https:\/\/marcali.plebania.hu\/wp-content\/uploads\/2022\/12\/45-1-2048x1365.jpg 2048w, https:\/\/marcali.plebania.hu\/wp-content\/uploads\/2022\/12\/45-1-405x270.jpg 405w\" sizes=\"auto, (max-width: 1024px) 100vw, 1024px\" \/><\/figure><\/li><li class=\"blocks-gallery-item\"><figure><img loading=\"lazy\" decoding=\"async\" width=\"1024\" height=\"683\" src=\"https:\/\/marcali.plebania.hu\/wp-content\/uploads\/2022\/12\/51-2-1024x683.jpg\" alt=\"\" data-id=\"4185\" data-link=\"https:\/\/marcali.plebania.hu\/?attachment_id=4185\" class=\"wp-image-4185\" srcset=\"https:\/\/marcali.plebania.hu\/wp-content\/uploads\/2022\/12\/51-2-1024x683.jpg 1024w, https:\/\/marcali.plebania.hu\/wp-content\/uploads\/2022\/12\/51-2-300x200.jpg 300w, https:\/\/marcali.plebania.hu\/wp-content\/uploads\/2022\/12\/51-2-768x512.jpg 768w, https:\/\/marcali.plebania.hu\/wp-content\/uploads\/2022\/12\/51-2-1536x1024.jpg 1536w, https:\/\/marcali.plebania.hu\/wp-content\/uploads\/2022\/12\/51-2-2048x1365.jpg 2048w, https:\/\/marcali.plebania.hu\/wp-content\/uploads\/2022\/12\/51-2-405x270.jpg 405w\" sizes=\"auto, (max-width: 1024px) 100vw, 1024px\" \/><\/figure><\/li><li class=\"blocks-gallery-item\"><figure><img loading=\"lazy\" decoding=\"async\" width=\"1024\" height=\"683\" src=\"https:\/\/marcali.plebania.hu\/wp-content\/uploads\/2022\/12\/63-1024x683.jpg\" alt=\"\" data-id=\"4186\" data-link=\"https:\/\/marcali.plebania.hu\/?attachment_id=4186\" class=\"wp-image-4186\" srcset=\"https:\/\/marcali.plebania.hu\/wp-content\/uploads\/2022\/12\/63-1024x683.jpg 1024w, https:\/\/marcali.plebania.hu\/wp-content\/uploads\/2022\/12\/63-300x200.jpg 300w, https:\/\/marcali.plebania.hu\/wp-content\/uploads\/2022\/12\/63-768x512.jpg 768w, https:\/\/marcali.plebania.hu\/wp-content\/uploads\/2022\/12\/63-1536x1024.jpg 1536w, https:\/\/marcali.plebania.hu\/wp-content\/uploads\/2022\/12\/63-2048x1365.jpg 2048w, https:\/\/marcali.plebania.hu\/wp-content\/uploads\/2022\/12\/63-405x270.jpg 405w\" sizes=\"auto, (max-width: 1024px) 100vw, 1024px\" \/><\/figure><\/li><li class=\"blocks-gallery-item\"><figure><img loading=\"lazy\" decoding=\"async\" width=\"1024\" height=\"683\" src=\"https:\/\/marcali.plebania.hu\/wp-content\/uploads\/2022\/12\/72-1024x683.jpg\" alt=\"\" data-id=\"4187\" data-full-url=\"https:\/\/marcali.plebania.hu\/wp-content\/uploads\/2022\/12\/72-scaled.jpg\" data-link=\"https:\/\/marcali.plebania.hu\/?attachment_id=4187\" class=\"wp-image-4187\" srcset=\"https:\/\/marcali.plebania.hu\/wp-content\/uploads\/2022\/12\/72-1024x683.jpg 1024w, https:\/\/marcali.plebania.hu\/wp-content\/uploads\/2022\/12\/72-300x200.jpg 300w, https:\/\/marcali.plebania.hu\/wp-content\/uploads\/2022\/12\/72-768x512.jpg 768w, https:\/\/marcali.plebania.hu\/wp-content\/uploads\/2022\/12\/72-1536x1024.jpg 1536w, https:\/\/marcali.plebania.hu\/wp-content\/uploads\/2022\/12\/72-2048x1365.jpg 2048w, https:\/\/marcali.plebania.hu\/wp-content\/uploads\/2022\/12\/72-405x270.jpg 405w\" sizes=\"auto, (max-width: 1024px) 100vw, 1024px\" \/><\/figure><\/li><\/ul><\/figure>\n\n\n\n<p>Az\nutols\u00f3 \u00e1dventi szentmis\u00e9t, egy h\u00e9t m\u00falva Varga L\u00e1szl\u00f3 kaposv\u00e1ri megy\u00e9sp\u00fcsp\u00f6k\nfogja celebr\u00e1lni V\u00f6rs\u00f6n. A betlehem december 24-\u00e9n m\u00e9g 10 \u00e9s 12 \u00f3ra k\u00f6z\u00f6tt is\nl\u00e1togathat\u00f3 lesz, akik az utols\u00f3 pillanatban szeretn\u00e9k m\u00e9g felkeresni a\nSzenteste el\u0151tt.<\/p>\n","protected":false},"excerpt":{"rendered":"<p>2022. december 11-\u00e9n, \u00e1dvent 3. vas\u00e1rnapj\u00e1n, 14 \u00f3rakor kezd\u0151d\u00f6tt az \u00fcnnepi szentmise, melyet \u2013 a kor\u00e1bbi \u00e9vek hagyom\u00e1nyaihoz hasonl\u00f3an \u2013 Kiss Iv\u00e1n c. pr\u00e9post, Marcali pl\u00e9b\u00e1nos celebr\u00e1lt a v\u00f6rsi Szent M\u00e1rton p\u00fcsp\u00f6k templomban. Az istentiszteleten Ungv\u00e1rszki Imre balatonszentgy\u00f6rgyi pl\u00e9b\u00e1nos \u00e9s N\u00e9meth Endre cs\u00e1k\u00e1nyi diak\u00f3nus mis\u00e9zett egy\u00fctt Iv\u00e1n aty\u00e1val, aki szentbesz\u00e9d\u00e9ben az \u00e1dventi harmadik \u00fcnnep jelent\u0151s\u00e9g\u00e9t hangs\u00falyozta. Mint kifejtette: V\u00f6rsre ilyenkor nemcsak az \u00fcnnepnapok alkalm\u00e1val, hanem a h\u00e9tk\u00f6znapokon is sokan ell\u00e1togatnak, hogy megn\u00e9zz\u00e9k a csod\u00e1latosan sz\u00e9p betlehemet; aminek nem a nagys\u00e1ga&#8230;<\/p>\n<p class=\"read-more\"><a class=\"btn btn-default\" href=\"https:\/\/marcali.plebania.hu\/?p=4175\"> Read More<span class=\"screen-reader-text\">  Read More<\/span><\/a><\/p>\n","protected":false},"author":2,"featured_media":0,"comment_status":"closed","ping_status":"open","sticky":false,"template":"","format":"standard","meta":{"footnotes":""},"categories":[1],"tags":[],"class_list":["post-4175","post","type-post","status-publish","format-standard","hentry","category-egyeb"],"_links":{"self":[{"href":"https:\/\/marcali.plebania.hu\/index.php?rest_route=\/wp\/v2\/posts\/4175","targetHints":{"allow":["GET"]}}],"collection":[{"href":"https:\/\/marcali.plebania.hu\/index.php?rest_route=\/wp\/v2\/posts"}],"about":[{"href":"https:\/\/marcali.plebania.hu\/index.php?rest_route=\/wp\/v2\/types\/post"}],"author":[{"embeddable":true,"href":"https:\/\/marcali.plebania.hu\/index.php?rest_route=\/wp\/v2\/users\/2"}],"replies":[{"embeddable":true,"href":"https:\/\/marcali.plebania.hu\/index.php?rest_route=%2Fwp%2Fv2%2Fcomments&post=4175"}],"version-history":[{"count":1,"href":"https:\/\/marcali.plebania.hu\/index.php?rest_route=\/wp\/v2\/posts\/4175\/revisions"}],"predecessor-version":[{"id":4188,"href":"https:\/\/marcali.plebania.hu\/index.php?rest_route=\/wp\/v2\/posts\/4175\/revisions\/4188"}],"wp:attachment":[{"href":"https:\/\/marcali.plebania.hu\/index.php?rest_route=%2Fwp%2Fv2%2Fmedia&parent=4175"}],"wp:term":[{"taxonomy":"category","embeddable":true,"href":"https:\/\/marcali.plebania.hu\/index.php?rest_route=%2Fwp%2Fv2%2Fcategories&post=4175"},{"taxonomy":"post_tag","embeddable":true,"href":"https:\/\/marcali.plebania.hu\/index.php?rest_route=%2Fwp%2Fv2%2Ftags&post=4175"}],"curies":[{"name":"wp","href":"https:\/\/api.w.org\/{rel}","templated":true}]}}