{"id":418,"date":"2018-11-19T16:24:55","date_gmt":"2018-11-19T16:24:55","guid":{"rendered":"https:\/\/marcali.plebania.hu\/?p=418"},"modified":"2018-11-19T16:24:55","modified_gmt":"2018-11-19T16:24:55","slug":"megemlekezes-az-elso-vilaghaboru-befejezesenek-100-evfordulojan-marcaliban","status":"publish","type":"post","link":"https:\/\/marcali.plebania.hu\/?p=418","title":{"rendered":"Megeml\u00e9kez\u00e9s az els\u0151 vil\u00e1gh\u00e1bor\u00fa befejez\u00e9s\u00e9nek 100. \u00e9vfordul\u00f3j\u00e1n Marcaliban"},"content":{"rendered":"<p>2018. november 11-\u00e9n, vas\u00e1rnap 9 \u00f3rakor a Gy\u00fcm\u00f6lcsolt\u00f3 Boldogasszony Pl\u00e9b\u00e1niatemplomban szentmis\u00e9vel kezd\u0151d\u00f6tt a megeml\u00e9kez\u00e9s az els\u0151 vil\u00e1gh\u00e1bor\u00fa befejez\u00e9s\u00e9nek 100. \u00e9vfordul\u00f3j\u00e1n. Kiss Iv\u00e1n c. pr\u00e9post, esperes-pl\u00e9b\u00e1nos felid\u00e9zte csal\u00e1di eml\u00e9keit a Nagy H\u00e1bor\u00far\u00f3l, valamint eml\u00e9keztetett a marcali h\u0151si halott katon\u00e1kra is. Besz\u00e9d\u00e9ben a b\u00e9ke meg\u0151rz\u00e9s\u00e9nek fontoss\u00e1g\u00e1ra h\u00edvta fel a figyelmet.<\/p>\n<p><img loading=\"lazy\" decoding=\"async\" class=\"aligncenter wp-image-419 size-large\" src=\"https:\/\/marcali.plebania.hu\/wp-content\/uploads\/2018\/11\/09-1024x683.jpg\" alt=\"\" width=\"640\" height=\"427\" srcset=\"https:\/\/marcali.plebania.hu\/wp-content\/uploads\/2018\/11\/09-1024x683.jpg 1024w, https:\/\/marcali.plebania.hu\/wp-content\/uploads\/2018\/11\/09-300x200.jpg 300w, https:\/\/marcali.plebania.hu\/wp-content\/uploads\/2018\/11\/09-768x512.jpg 768w, https:\/\/marcali.plebania.hu\/wp-content\/uploads\/2018\/11\/09-405x270.jpg 405w\" sizes=\"auto, (max-width: 640px) 100vw, 640px\" \/><\/p>\n<p>Az \u00e1ldozatok\u00e9rt bemutatott szentmise ut\u00e1n, a program 10 \u00f3ra 10 perct\u0151l egy el\u0151ad\u00e1ssal folytat\u00f3dott az egyh\u00e1zk\u00f6zs\u00e9g k\u00f6z\u00f6ss\u00e9gi h\u00e1z\u00e1ban (X-h\u00e1z). A megjelenteket el\u0151sz\u00f6r Kiss K\u00e1lm\u00e1n, a Kereszt\u00e9ny \u00c9rtelmis\u00e9giek Sz\u00f6vets\u00e9ge (K\u00c9SZ) Marcali Csoport titk\u00e1ra k\u00f6sz\u00f6nt\u00f6tte. Majd Forg\u00f3 Ferenc a Marcali \u00e9s K\u00f6rny\u00e9ke Hagyom\u00e1ny\u0151rz\u0151 Ipartest\u00fclet hadt\u00f6rt\u00e9neti kutat\u00f3ja, \u00e9s egyben \u00e1lland\u00f3 el\u0151ad\u00f3ja tartott vet\u00edtett-k\u00e9pes bemutat\u00f3t \u201eMegeml\u00e9kez\u00e9s az els\u0151 vil\u00e1gh\u00e1bor\u00fa 100. \u00e9vfordul\u00f3j\u00e1n\u201d c\u00edmmel. Forg\u00f3 Ferenc feleleven\u00edtette a vil\u00e1gh\u00e1bor\u00fat megel\u0151z\u0151 hatalmi vet\u00e9lked\u00e9seket, kisebb-nagyobb \u00f6sszecsap\u00e1sokat, a gyarmatos\u00edt\u00f3 t\u00f6rekv\u00e9seket, valamint a Nagy H\u00e1bor\u00fa kirobban\u00e1s\u00e1hoz vezet\u0151 utat. R\u00f6viden \u00f6sszefoglalta a hadba l\u00e9p\u00e9s k\u00f6r\u00fclm\u00e9nyeit, a korabeli haditerveket \u00e9s a jelent\u0151sebb hadmozdulatokat. A nyugati fronton a kezdeti n\u00e9met sikereket k\u00f6vet\u0151en s\u00falyos anyagcsat\u00e1v\u00e1 fajul\u00f3 \u00e1ll\u00f3h\u00e1bor\u00fa alakult ki, mik\u00f6zben katon\u00e1k sz\u00e1zezrei estek el \u00e9rtelmetlen\u00fcl. Szerbia legy\u0151z\u00e9se neh\u00e9zkesen ment az Osztr\u00e1k-Magyar-Monarchi\u00e1nak a d\u00e9li fronton, m\u00edg keleten v\u00e1ltakoz\u00f3 sikerekkel foly\u00f3 k\u00fczdelmek zajlottak. Az olasz had\u00fczenetet k\u00f6vet\u0151en \u00fajabb front ny\u00edlt. Doberd\u00f3 \u00e9s Isonz\u00f3 neve pedig a nagy vesztes\u00e9gek \u00e9s a neh\u00e9z terep miatt iv\u00f3dott bele gener\u00e1ci\u00f3k tudat\u00e1ba. B\u00e1r a c\u00e1ri Oroszorsz\u00e1got m\u00e9g 1917-ben siker\u00fclt b\u00e9k\u00e9re k\u00e9nyszer\u00edtenie a K\u00f6zponti Hatalmaknak, \u00e1m az Amerikai Egyes\u00fclt \u00c1llamok gazdas\u00e1gi hatalm\u00e1nak bevon\u00e1s\u00e1val a veres\u00e9g elker\u00fclhetetlen volt 1918 v\u00e9g\u00e9n. Az el\u0151ad\u00f3 ezen k\u00edv\u00fcl nem rejtette v\u00e9ka al\u00e1 a v\u00e9lem\u00e9ny\u00e9t az els\u0151 vil\u00e1gh\u00e1bor\u00fa m\u00e1ig hat\u00f3 k\u00f6vetkezm\u00e9nyeir\u0151l \u00e9s a jelen vil\u00e1gunkat \u00e9rint\u0151 esem\u00e9nyek \u00f6sszef\u00fcgg\u00e9seir\u0151l sem.<\/p>\n<p><img loading=\"lazy\" decoding=\"async\" class=\"aligncenter wp-image-420 size-large\" src=\"https:\/\/marcali.plebania.hu\/wp-content\/uploads\/2018\/11\/13-1024x683.jpg\" alt=\"\" width=\"640\" height=\"427\" srcset=\"https:\/\/marcali.plebania.hu\/wp-content\/uploads\/2018\/11\/13-1024x683.jpg 1024w, https:\/\/marcali.plebania.hu\/wp-content\/uploads\/2018\/11\/13-300x200.jpg 300w, https:\/\/marcali.plebania.hu\/wp-content\/uploads\/2018\/11\/13-768x512.jpg 768w, https:\/\/marcali.plebania.hu\/wp-content\/uploads\/2018\/11\/13-405x270.jpg 405w\" sizes=\"auto, (max-width: 640px) 100vw, 640px\" \/><\/p>\n<p>A program ezut\u00e1n 11 \u00f3rakor a H\u0151s\u00f6k ter\u00e9n \u00e1ll\u00f3 els\u0151 vil\u00e1gh\u00e1bor\u00fas eml\u00e9km\u0171n\u00e9l folytat\u00f3dott, ahol a Marcali Bajt\u00e1rsi Egyes\u00fclet Dal\u00e1rd\u00e1ja katonan\u00f3t\u00e1kat adott el\u0151. Majd 11 \u00f3ra 11 perckor \u2013 \u00e9ppen a n\u00e9met fegyversz\u00fcnet al\u00e1\u00edr\u00e1s\u00e1nak id\u0151pontj\u00e1ban \u2013 helyezt\u00e9k el a m\u00e9cseseket, koszor\u00fakat az elesett, Eur\u00f3pa szerte jeltelen s\u00edrokban nyugv\u00f3 magyar \u00e9s m\u00e1s nemzetek katon\u00e1i eml\u00e9k\u00e9re. A megeml\u00e9kez\u0151k k\u00f6z\u00f6tt volt dr. S\u00fct\u0151 L\u00e1szl\u00f3 polg\u00e1rmester, Kiss Iv\u00e1n c. pr\u00e9post, esperes-pl\u00e9b\u00e1nos, Huszti G\u00e1bor, a Somogy Megyei K\u00f6zgy\u0171l\u00e9s aleln\u00f6ke, valamint az int\u00e9zm\u00e9nyek vezet\u0151i, a honv\u00e9ds\u00e9g \u00e9s civil szervezetek k\u00e9pvisel\u0151i is. Az egyh\u00e1zk\u00f6zs\u00e9g r\u00e9sz\u00e9r\u0151l\u00a0 Kiss Iv\u00e1n c. pr\u00e9post, esperes-pl\u00e9b\u00e1nos, Gelencs\u00e9r R\u00f3bert vil\u00e1gi eln\u00f6k \u00e9s Kir\u00e1ly Jen\u0151 templomatya hajtott f\u0151t a h\u0151s\u00f6k \u00e9s \u00e1ldozatok eml\u00e9ke el\u0151tt.<\/p>\n<p><img loading=\"lazy\" decoding=\"async\" class=\"aligncenter wp-image-421 size-large\" src=\"https:\/\/marcali.plebania.hu\/wp-content\/uploads\/2018\/11\/30-1024x683.jpg\" alt=\"\" width=\"640\" height=\"427\" srcset=\"https:\/\/marcali.plebania.hu\/wp-content\/uploads\/2018\/11\/30-1024x683.jpg 1024w, https:\/\/marcali.plebania.hu\/wp-content\/uploads\/2018\/11\/30-300x200.jpg 300w, https:\/\/marcali.plebania.hu\/wp-content\/uploads\/2018\/11\/30-768x512.jpg 768w, https:\/\/marcali.plebania.hu\/wp-content\/uploads\/2018\/11\/30-405x270.jpg 405w\" sizes=\"auto, (max-width: 640px) 100vw, 640px\" \/><\/p>\n<p>A Marcali rendezv\u00e9nyt, a Krajc\u00e1ros Alap\u00edtv\u00e1ny Nemzetk\u00f6zi Gyertyagy\u00fajt\u00e1si akci\u00f3j\u00e1hoz csatlakozva: a Honv\u00e9d Nyug\u00e1llom\u00e1ny\u00faak Klubja, a Kereszt\u00e9ny \u00c9rtelmis\u00e9giek Sz\u00f6vets\u00e9ge Marcali Csoportja, a Marcali Bajt\u00e1rsi Egyes\u00fclet, a Marcali \u00e9s K\u00f6rny\u00e9ke Hagyom\u00e1ny\u0151rz\u0151 Ipartest\u00fclet, a Marcali R\u00f3mai Katolikus Egyh\u00e1zk\u00f6zs\u00e9g, valamint Marcali V\u00e1ros \u00d6nkorm\u00e1nyzata szervezte.<\/p>\n<p><img loading=\"lazy\" decoding=\"async\" class=\"aligncenter wp-image-422 size-large\" src=\"https:\/\/marcali.plebania.hu\/wp-content\/uploads\/2018\/11\/23-1024x683.jpg\" alt=\"\" width=\"640\" height=\"427\" srcset=\"https:\/\/marcali.plebania.hu\/wp-content\/uploads\/2018\/11\/23-1024x683.jpg 1024w, https:\/\/marcali.plebania.hu\/wp-content\/uploads\/2018\/11\/23-300x200.jpg 300w, https:\/\/marcali.plebania.hu\/wp-content\/uploads\/2018\/11\/23-768x512.jpg 768w, https:\/\/marcali.plebania.hu\/wp-content\/uploads\/2018\/11\/23-405x270.jpg 405w\" sizes=\"auto, (max-width: 640px) 100vw, 640px\" \/><\/p>\n<p>&nbsp;<\/p>\n","protected":false},"excerpt":{"rendered":"<p>2018. november 11-\u00e9n, vas\u00e1rnap 9 \u00f3rakor a Gy\u00fcm\u00f6lcsolt\u00f3 Boldogasszony Pl\u00e9b\u00e1niatemplomban szentmis\u00e9vel kezd\u0151d\u00f6tt a megeml\u00e9kez\u00e9s az els\u0151 vil\u00e1gh\u00e1bor\u00fa befejez\u00e9s\u00e9nek 100. \u00e9vfordul\u00f3j\u00e1n. Kiss Iv\u00e1n c. pr\u00e9post, esperes-pl\u00e9b\u00e1nos felid\u00e9zte csal\u00e1di eml\u00e9keit a Nagy H\u00e1bor\u00far\u00f3l, valamint eml\u00e9keztetett a marcali h\u0151si halott katon\u00e1kra is. Besz\u00e9d\u00e9ben a b\u00e9ke meg\u0151rz\u00e9s\u00e9nek fontoss\u00e1g\u00e1ra h\u00edvta fel a figyelmet. Az \u00e1ldozatok\u00e9rt bemutatott szentmise ut\u00e1n, a program 10 \u00f3ra 10 perct\u0151l egy el\u0151ad\u00e1ssal folytat\u00f3dott az egyh\u00e1zk\u00f6zs\u00e9g k\u00f6z\u00f6ss\u00e9gi h\u00e1z\u00e1ban (X-h\u00e1z). A megjelenteket el\u0151sz\u00f6r Kiss K\u00e1lm\u00e1n, a Kereszt\u00e9ny \u00c9rtelmis\u00e9giek Sz\u00f6vets\u00e9ge (K\u00c9SZ) Marcali Csoport titk\u00e1ra&#8230;<\/p>\n<p class=\"read-more\"><a class=\"btn btn-default\" href=\"https:\/\/marcali.plebania.hu\/?p=418\"> Read More<span class=\"screen-reader-text\">  Read More<\/span><\/a><\/p>\n","protected":false},"author":2,"featured_media":0,"comment_status":"closed","ping_status":"open","sticky":false,"template":"","format":"standard","meta":{"footnotes":""},"categories":[1],"tags":[],"class_list":["post-418","post","type-post","status-publish","format-standard","hentry","category-egyeb"],"_links":{"self":[{"href":"https:\/\/marcali.plebania.hu\/index.php?rest_route=\/wp\/v2\/posts\/418","targetHints":{"allow":["GET"]}}],"collection":[{"href":"https:\/\/marcali.plebania.hu\/index.php?rest_route=\/wp\/v2\/posts"}],"about":[{"href":"https:\/\/marcali.plebania.hu\/index.php?rest_route=\/wp\/v2\/types\/post"}],"author":[{"embeddable":true,"href":"https:\/\/marcali.plebania.hu\/index.php?rest_route=\/wp\/v2\/users\/2"}],"replies":[{"embeddable":true,"href":"https:\/\/marcali.plebania.hu\/index.php?rest_route=%2Fwp%2Fv2%2Fcomments&post=418"}],"version-history":[{"count":1,"href":"https:\/\/marcali.plebania.hu\/index.php?rest_route=\/wp\/v2\/posts\/418\/revisions"}],"predecessor-version":[{"id":423,"href":"https:\/\/marcali.plebania.hu\/index.php?rest_route=\/wp\/v2\/posts\/418\/revisions\/423"}],"wp:attachment":[{"href":"https:\/\/marcali.plebania.hu\/index.php?rest_route=%2Fwp%2Fv2%2Fmedia&parent=418"}],"wp:term":[{"taxonomy":"category","embeddable":true,"href":"https:\/\/marcali.plebania.hu\/index.php?rest_route=%2Fwp%2Fv2%2Fcategories&post=418"},{"taxonomy":"post_tag","embeddable":true,"href":"https:\/\/marcali.plebania.hu\/index.php?rest_route=%2Fwp%2Fv2%2Ftags&post=418"}],"curies":[{"name":"wp","href":"https:\/\/api.w.org\/{rel}","templated":true}]}}