{"id":4189,"date":"2022-12-16T08:45:31","date_gmt":"2022-12-16T08:45:31","guid":{"rendered":"https:\/\/marcali.plebania.hu\/?p=4189"},"modified":"2022-12-16T08:45:40","modified_gmt":"2022-12-16T08:45:40","slug":"hirdetesek-2022-12-18","status":"publish","type":"post","link":"https:\/\/marcali.plebania.hu\/?p=4189","title":{"rendered":"Hirdet\u00e9sek, 2022. 12. 18."},"content":{"rendered":"\n<ol class=\"wp-block-list\"><li>Ma \u00e1dvent 4. vas\u00e1rnapja.<\/li><li>A j\u00f6v\u0151 h\u00e9ten, cs\u00fct\u00f6rt\u00f6k\u00f6n \u00e1ll\u00edtjuk fel a szabadt\u00e9ri betlehemet \u00e9s a templom kar\u00e1csonyf\u00e1it. A munka 9 \u00f3rakor kezd\u0151dik, ehhez v\u00e1runk seg\u00edts\u00e9get, tetter\u0151s f\u00e9rfiakt\u00f3l, de j\u00f6hetnek nagyobb gyermekek is, hiszen a k\u00fcls\u0151 betlehem fel\u00e1ll\u00edt\u00e1s\u00e1hoz sok szorgos k\u00e9zre van sz\u00fcks\u00e9g.<\/li><li>Kar\u00e1csonyi miserend: Szenteste (szombaton) 22 \u00f3rakor a B. Gizella templomban, 24 \u00f3rakor a pl\u00e9b\u00e1niatemplomban (el\u0151tte 23.30-kor p\u00e1sztorj\u00e1t\u00e9k); Kar\u00e1csonykor (vas\u00e1rnap) 9 \u00f3rakor a pl\u00e9b\u00e1niatemplomban, 11 \u00f3rakor Gomb\u00e1n (igeliturgia), 17 \u00f3rakor a B. Gizella templomban; Kar\u00e1csony m\u00e1snapj\u00e1n (h\u00e9tf\u0151n) 9 \u00f3rakor (borszentel\u00e9ssel) a pl\u00e9b\u00e1niatemplom, 11 \u00f3rakor Biz\u00e9n.<\/li><li>Kar\u00e1csonyi vir\u00e1gp\u00e9nzt k\u00e9rj\u00fck a sekresty\u00e9snek leadni.<\/li><\/ol>\n","protected":false},"excerpt":{"rendered":"<p>Ma \u00e1dvent 4. vas\u00e1rnapja. A j\u00f6v\u0151 h\u00e9ten, cs\u00fct\u00f6rt\u00f6k\u00f6n \u00e1ll\u00edtjuk fel a szabadt\u00e9ri betlehemet \u00e9s a templom kar\u00e1csonyf\u00e1it. A munka 9 \u00f3rakor kezd\u0151dik, ehhez v\u00e1runk seg\u00edts\u00e9get, tetter\u0151s f\u00e9rfiakt\u00f3l, de j\u00f6hetnek nagyobb gyermekek is, hiszen a k\u00fcls\u0151 betlehem fel\u00e1ll\u00edt\u00e1s\u00e1hoz sok szorgos k\u00e9zre van sz\u00fcks\u00e9g. Kar\u00e1csonyi miserend: Szenteste (szombaton) 22 \u00f3rakor a B. Gizella templomban, 24 \u00f3rakor a pl\u00e9b\u00e1niatemplomban (el\u0151tte 23.30-kor p\u00e1sztorj\u00e1t\u00e9k); Kar\u00e1csonykor (vas\u00e1rnap) 9 \u00f3rakor a pl\u00e9b\u00e1niatemplomban, 11 \u00f3rakor Gomb\u00e1n (igeliturgia), 17 \u00f3rakor a B. Gizella templomban; Kar\u00e1csony m\u00e1snapj\u00e1n (h\u00e9tf\u0151n) 9 \u00f3rakor&#8230;<\/p>\n<p class=\"read-more\"><a class=\"btn btn-default\" href=\"https:\/\/marcali.plebania.hu\/?p=4189\"> Read More<span class=\"screen-reader-text\">  Read More<\/span><\/a><\/p>\n","protected":false},"author":2,"featured_media":0,"comment_status":"closed","ping_status":"open","sticky":false,"template":"","format":"standard","meta":{"footnotes":""},"categories":[1],"tags":[],"class_list":["post-4189","post","type-post","status-publish","format-standard","hentry","category-egyeb"],"_links":{"self":[{"href":"https:\/\/marcali.plebania.hu\/index.php?rest_route=\/wp\/v2\/posts\/4189","targetHints":{"allow":["GET"]}}],"collection":[{"href":"https:\/\/marcali.plebania.hu\/index.php?rest_route=\/wp\/v2\/posts"}],"about":[{"href":"https:\/\/marcali.plebania.hu\/index.php?rest_route=\/wp\/v2\/types\/post"}],"author":[{"embeddable":true,"href":"https:\/\/marcali.plebania.hu\/index.php?rest_route=\/wp\/v2\/users\/2"}],"replies":[{"embeddable":true,"href":"https:\/\/marcali.plebania.hu\/index.php?rest_route=%2Fwp%2Fv2%2Fcomments&post=4189"}],"version-history":[{"count":2,"href":"https:\/\/marcali.plebania.hu\/index.php?rest_route=\/wp\/v2\/posts\/4189\/revisions"}],"predecessor-version":[{"id":4191,"href":"https:\/\/marcali.plebania.hu\/index.php?rest_route=\/wp\/v2\/posts\/4189\/revisions\/4191"}],"wp:attachment":[{"href":"https:\/\/marcali.plebania.hu\/index.php?rest_route=%2Fwp%2Fv2%2Fmedia&parent=4189"}],"wp:term":[{"taxonomy":"category","embeddable":true,"href":"https:\/\/marcali.plebania.hu\/index.php?rest_route=%2Fwp%2Fv2%2Fcategories&post=4189"},{"taxonomy":"post_tag","embeddable":true,"href":"https:\/\/marcali.plebania.hu\/index.php?rest_route=%2Fwp%2Fv2%2Ftags&post=4189"}],"curies":[{"name":"wp","href":"https:\/\/api.w.org\/{rel}","templated":true}]}}