{"id":4216,"date":"2022-12-20T16:03:26","date_gmt":"2022-12-20T16:03:26","guid":{"rendered":"https:\/\/marcali.plebania.hu\/?p=4216"},"modified":"2022-12-20T16:03:26","modified_gmt":"2022-12-20T16:03:26","slug":"felgyulladt-a-negyedik-adventi-gyertya-fenye-marcaliban","status":"publish","type":"post","link":"https:\/\/marcali.plebania.hu\/?p=4216","title":{"rendered":"Felgyulladt a negyedik \u00e1dventi gyertya f\u00e9nye Marcaliban"},"content":{"rendered":"\n<p>2022. december 17-\u00e9n, szombaton este 17 \u00f3rakor, a pl\u00e9b\u00e1niatemplom el\u0151tti Boldog II. J\u00e1nos P\u00e1l p\u00e1pa t\u00e9ren \u00e1ll\u00f3 k\u00fclt\u00e9ri \u00e1dventi koszor\u00fan felgyulladt a negyedik gyertya f\u00e9nye is, ezzel is figyelmeztetve, hogy m\u00e1r nagyon k\u00f6zel van a kar\u00e1csony, J\u00e9zus sz\u00fclet\u00e9s\u00e9nek \u00fcnnepe.<\/p>\n\n\n\n<figure class=\"wp-block-gallery columns-3 is-cropped wp-block-gallery-1 is-layout-flex wp-block-gallery-is-layout-flex\"><ul class=\"blocks-gallery-grid\"><li class=\"blocks-gallery-item\"><figure><img loading=\"lazy\" decoding=\"async\" width=\"1024\" height=\"683\" src=\"https:\/\/marcali.plebania.hu\/wp-content\/uploads\/2022\/12\/01-4-1024x683.jpg\" alt=\"\" data-id=\"4217\" data-link=\"https:\/\/marcali.plebania.hu\/?attachment_id=4217\" class=\"wp-image-4217\" srcset=\"https:\/\/marcali.plebania.hu\/wp-content\/uploads\/2022\/12\/01-4-1024x683.jpg 1024w, https:\/\/marcali.plebania.hu\/wp-content\/uploads\/2022\/12\/01-4-300x200.jpg 300w, https:\/\/marcali.plebania.hu\/wp-content\/uploads\/2022\/12\/01-4-768x512.jpg 768w, https:\/\/marcali.plebania.hu\/wp-content\/uploads\/2022\/12\/01-4-1536x1024.jpg 1536w, https:\/\/marcali.plebania.hu\/wp-content\/uploads\/2022\/12\/01-4-2048x1365.jpg 2048w, https:\/\/marcali.plebania.hu\/wp-content\/uploads\/2022\/12\/01-4-405x270.jpg 405w\" sizes=\"auto, (max-width: 1024px) 100vw, 1024px\" \/><\/figure><\/li><li class=\"blocks-gallery-item\"><figure><img loading=\"lazy\" decoding=\"async\" width=\"1024\" height=\"683\" src=\"https:\/\/marcali.plebania.hu\/wp-content\/uploads\/2022\/12\/02-4-1024x683.jpg\" alt=\"\" data-id=\"4218\" data-link=\"https:\/\/marcali.plebania.hu\/?attachment_id=4218\" class=\"wp-image-4218\" srcset=\"https:\/\/marcali.plebania.hu\/wp-content\/uploads\/2022\/12\/02-4-1024x683.jpg 1024w, https:\/\/marcali.plebania.hu\/wp-content\/uploads\/2022\/12\/02-4-300x200.jpg 300w, https:\/\/marcali.plebania.hu\/wp-content\/uploads\/2022\/12\/02-4-768x512.jpg 768w, https:\/\/marcali.plebania.hu\/wp-content\/uploads\/2022\/12\/02-4-1536x1024.jpg 1536w, https:\/\/marcali.plebania.hu\/wp-content\/uploads\/2022\/12\/02-4-2048x1365.jpg 2048w, https:\/\/marcali.plebania.hu\/wp-content\/uploads\/2022\/12\/02-4-405x270.jpg 405w\" sizes=\"auto, (max-width: 1024px) 100vw, 1024px\" \/><\/figure><\/li><li class=\"blocks-gallery-item\"><figure><img loading=\"lazy\" decoding=\"async\" width=\"1024\" height=\"683\" src=\"https:\/\/marcali.plebania.hu\/wp-content\/uploads\/2022\/12\/04-4-1024x683.jpg\" alt=\"\" data-id=\"4220\" data-link=\"https:\/\/marcali.plebania.hu\/?attachment_id=4220\" class=\"wp-image-4220\" srcset=\"https:\/\/marcali.plebania.hu\/wp-content\/uploads\/2022\/12\/04-4-1024x683.jpg 1024w, https:\/\/marcali.plebania.hu\/wp-content\/uploads\/2022\/12\/04-4-300x200.jpg 300w, https:\/\/marcali.plebania.hu\/wp-content\/uploads\/2022\/12\/04-4-768x512.jpg 768w, https:\/\/marcali.plebania.hu\/wp-content\/uploads\/2022\/12\/04-4-1536x1024.jpg 1536w, https:\/\/marcali.plebania.hu\/wp-content\/uploads\/2022\/12\/04-4-2048x1365.jpg 2048w, https:\/\/marcali.plebania.hu\/wp-content\/uploads\/2022\/12\/04-4-405x270.jpg 405w\" sizes=\"auto, (max-width: 1024px) 100vw, 1024px\" \/><\/figure><\/li><li class=\"blocks-gallery-item\"><figure><img loading=\"lazy\" decoding=\"async\" width=\"1024\" height=\"683\" src=\"https:\/\/marcali.plebania.hu\/wp-content\/uploads\/2022\/12\/07-4-1024x683.jpg\" alt=\"\" data-id=\"4221\" data-full-url=\"https:\/\/marcali.plebania.hu\/wp-content\/uploads\/2022\/12\/07-4-scaled.jpg\" data-link=\"https:\/\/marcali.plebania.hu\/?attachment_id=4221\" class=\"wp-image-4221\" srcset=\"https:\/\/marcali.plebania.hu\/wp-content\/uploads\/2022\/12\/07-4-1024x683.jpg 1024w, https:\/\/marcali.plebania.hu\/wp-content\/uploads\/2022\/12\/07-4-300x200.jpg 300w, https:\/\/marcali.plebania.hu\/wp-content\/uploads\/2022\/12\/07-4-768x512.jpg 768w, https:\/\/marcali.plebania.hu\/wp-content\/uploads\/2022\/12\/07-4-1536x1024.jpg 1536w, https:\/\/marcali.plebania.hu\/wp-content\/uploads\/2022\/12\/07-4-2048x1365.jpg 2048w, https:\/\/marcali.plebania.hu\/wp-content\/uploads\/2022\/12\/07-4-405x270.jpg 405w\" sizes=\"auto, (max-width: 1024px) 100vw, 1024px\" \/><\/figure><\/li><\/ul><\/figure>\n\n\n\n<p>A megjelenteket Kiss Iv\u00e1n c. pr\u00e9post, pl\u00e9b\u00e1nos k\u00f6sz\u00f6nt\u00f6tte, majd bevezet\u0151 gondolatai ut\u00e1n 10 \u2013 z\u00f6m\u00e9ben Noszlopys \u2013 tanul\u00f3 adott el\u0151 verses-zen\u00e9s \u00f6ssze\u00e1ll\u00edt\u00e1st, melyet Dr. Gyulain\u00e9 Domj\u00e1n Zsuzsanna hitoktat\u00f3n\u0151 tan\u00edtott be a di\u00e1koknak, akik k\u00f6z\u00fcl 7 hittanos, 3 m\u0171v\u00e9szeti iskol\u00e1s gyermek volt. A m\u0171sor l\u00e9trej\u00f6tt\u00e9ben Tak\u00e1cs G\u00e1born\u00e9 Edina pedag\u00f3gus \u00e9s Bojtorn\u00e9 Kir\u00e1ly M\u00e1rta hitoktat\u00f3n\u0151 m\u0171k\u00f6d\u00f6tt k\u00f6zre.<\/p>\n\n\n\n<figure class=\"wp-block-gallery columns-3 is-cropped wp-block-gallery-2 is-layout-flex wp-block-gallery-is-layout-flex\"><ul class=\"blocks-gallery-grid\"><li class=\"blocks-gallery-item\"><figure><img loading=\"lazy\" decoding=\"async\" width=\"1024\" height=\"683\" src=\"https:\/\/marcali.plebania.hu\/wp-content\/uploads\/2022\/12\/10-3-1024x683.jpg\" alt=\"\" data-id=\"4222\" data-full-url=\"https:\/\/marcali.plebania.hu\/wp-content\/uploads\/2022\/12\/10-3-scaled.jpg\" data-link=\"https:\/\/marcali.plebania.hu\/?attachment_id=4222\" class=\"wp-image-4222\" srcset=\"https:\/\/marcali.plebania.hu\/wp-content\/uploads\/2022\/12\/10-3-1024x683.jpg 1024w, https:\/\/marcali.plebania.hu\/wp-content\/uploads\/2022\/12\/10-3-300x200.jpg 300w, https:\/\/marcali.plebania.hu\/wp-content\/uploads\/2022\/12\/10-3-768x512.jpg 768w, https:\/\/marcali.plebania.hu\/wp-content\/uploads\/2022\/12\/10-3-1536x1024.jpg 1536w, https:\/\/marcali.plebania.hu\/wp-content\/uploads\/2022\/12\/10-3-2048x1365.jpg 2048w, https:\/\/marcali.plebania.hu\/wp-content\/uploads\/2022\/12\/10-3-405x270.jpg 405w\" sizes=\"auto, (max-width: 1024px) 100vw, 1024px\" \/><\/figure><\/li><li class=\"blocks-gallery-item\"><figure><img loading=\"lazy\" decoding=\"async\" width=\"1024\" height=\"683\" src=\"https:\/\/marcali.plebania.hu\/wp-content\/uploads\/2022\/12\/11-2-1024x683.jpg\" alt=\"\" data-id=\"4223\" data-full-url=\"https:\/\/marcali.plebania.hu\/wp-content\/uploads\/2022\/12\/11-2-scaled.jpg\" data-link=\"https:\/\/marcali.plebania.hu\/?attachment_id=4223\" class=\"wp-image-4223\" srcset=\"https:\/\/marcali.plebania.hu\/wp-content\/uploads\/2022\/12\/11-2-1024x683.jpg 1024w, https:\/\/marcali.plebania.hu\/wp-content\/uploads\/2022\/12\/11-2-300x200.jpg 300w, https:\/\/marcali.plebania.hu\/wp-content\/uploads\/2022\/12\/11-2-768x512.jpg 768w, https:\/\/marcali.plebania.hu\/wp-content\/uploads\/2022\/12\/11-2-1536x1024.jpg 1536w, https:\/\/marcali.plebania.hu\/wp-content\/uploads\/2022\/12\/11-2-2048x1365.jpg 2048w, https:\/\/marcali.plebania.hu\/wp-content\/uploads\/2022\/12\/11-2-405x270.jpg 405w\" sizes=\"auto, (max-width: 1024px) 100vw, 1024px\" \/><\/figure><\/li><li class=\"blocks-gallery-item\"><figure><img loading=\"lazy\" decoding=\"async\" width=\"1024\" height=\"683\" src=\"https:\/\/marcali.plebania.hu\/wp-content\/uploads\/2022\/12\/12-2-1024x683.jpg\" alt=\"\" data-id=\"4224\" data-full-url=\"https:\/\/marcali.plebania.hu\/wp-content\/uploads\/2022\/12\/12-2-scaled.jpg\" data-link=\"https:\/\/marcali.plebania.hu\/?attachment_id=4224\" class=\"wp-image-4224\" srcset=\"https:\/\/marcali.plebania.hu\/wp-content\/uploads\/2022\/12\/12-2-1024x683.jpg 1024w, https:\/\/marcali.plebania.hu\/wp-content\/uploads\/2022\/12\/12-2-300x200.jpg 300w, https:\/\/marcali.plebania.hu\/wp-content\/uploads\/2022\/12\/12-2-768x512.jpg 768w, https:\/\/marcali.plebania.hu\/wp-content\/uploads\/2022\/12\/12-2-1536x1024.jpg 1536w, https:\/\/marcali.plebania.hu\/wp-content\/uploads\/2022\/12\/12-2-2048x1365.jpg 2048w, https:\/\/marcali.plebania.hu\/wp-content\/uploads\/2022\/12\/12-2-405x270.jpg 405w\" sizes=\"auto, (max-width: 1024px) 100vw, 1024px\" \/><\/figure><\/li><li class=\"blocks-gallery-item\"><figure><img loading=\"lazy\" decoding=\"async\" width=\"1024\" height=\"683\" src=\"https:\/\/marcali.plebania.hu\/wp-content\/uploads\/2022\/12\/13-1024x683.jpg\" alt=\"\" data-id=\"4225\" data-full-url=\"https:\/\/marcali.plebania.hu\/wp-content\/uploads\/2022\/12\/13-scaled.jpg\" data-link=\"https:\/\/marcali.plebania.hu\/?attachment_id=4225\" class=\"wp-image-4225\" srcset=\"https:\/\/marcali.plebania.hu\/wp-content\/uploads\/2022\/12\/13-1024x683.jpg 1024w, https:\/\/marcali.plebania.hu\/wp-content\/uploads\/2022\/12\/13-300x200.jpg 300w, https:\/\/marcali.plebania.hu\/wp-content\/uploads\/2022\/12\/13-768x512.jpg 768w, https:\/\/marcali.plebania.hu\/wp-content\/uploads\/2022\/12\/13-1536x1024.jpg 1536w, https:\/\/marcali.plebania.hu\/wp-content\/uploads\/2022\/12\/13-2048x1365.jpg 2048w, https:\/\/marcali.plebania.hu\/wp-content\/uploads\/2022\/12\/13-405x270.jpg 405w\" sizes=\"auto, (max-width: 1024px) 100vw, 1024px\" \/><\/figure><\/li><\/ul><\/figure>\n\n\n\n<p>A kar\u00e1csonyra val\u00f3 felk\u00e9sz\u00fcl\u00e9s r\u00e9szek\u00e9nt a szeretetet szimboliz\u00e1l\u00f3, negyedik lila \u00e1dventi gyerty\u00e1t \u2013 Iv\u00e1n atya \u00e9s Patk\u00f3 Imre igazgat\u00f3 k\u00eds\u00e9ret\u00e9ben \u2013 az iskola egyik di\u00e1kja, Kott\u00e1n Veronika gy\u00fajtotta meg \u00e9s helyezte el a k\u00fclt\u00e9ri koszor\u00fan.<\/p>\n\n\n\n<figure class=\"wp-block-gallery columns-3 is-cropped wp-block-gallery-3 is-layout-flex wp-block-gallery-is-layout-flex\"><ul class=\"blocks-gallery-grid\"><li class=\"blocks-gallery-item\"><figure><img loading=\"lazy\" decoding=\"async\" width=\"1024\" height=\"683\" src=\"https:\/\/marcali.plebania.hu\/wp-content\/uploads\/2022\/12\/15-1-1024x683.jpg\" alt=\"\" data-id=\"4226\" data-link=\"https:\/\/marcali.plebania.hu\/?attachment_id=4226\" class=\"wp-image-4226\" srcset=\"https:\/\/marcali.plebania.hu\/wp-content\/uploads\/2022\/12\/15-1-1024x683.jpg 1024w, https:\/\/marcali.plebania.hu\/wp-content\/uploads\/2022\/12\/15-1-300x200.jpg 300w, https:\/\/marcali.plebania.hu\/wp-content\/uploads\/2022\/12\/15-1-768x512.jpg 768w, https:\/\/marcali.plebania.hu\/wp-content\/uploads\/2022\/12\/15-1-1536x1024.jpg 1536w, https:\/\/marcali.plebania.hu\/wp-content\/uploads\/2022\/12\/15-1-2048x1365.jpg 2048w, https:\/\/marcali.plebania.hu\/wp-content\/uploads\/2022\/12\/15-1-405x270.jpg 405w\" sizes=\"auto, (max-width: 1024px) 100vw, 1024px\" \/><\/figure><\/li><li class=\"blocks-gallery-item\"><figure><img loading=\"lazy\" decoding=\"async\" width=\"1024\" height=\"683\" src=\"https:\/\/marcali.plebania.hu\/wp-content\/uploads\/2022\/12\/19-1024x683.jpg\" alt=\"\" data-id=\"4227\" data-link=\"https:\/\/marcali.plebania.hu\/?attachment_id=4227\" class=\"wp-image-4227\" srcset=\"https:\/\/marcali.plebania.hu\/wp-content\/uploads\/2022\/12\/19-1024x683.jpg 1024w, https:\/\/marcali.plebania.hu\/wp-content\/uploads\/2022\/12\/19-300x200.jpg 300w, https:\/\/marcali.plebania.hu\/wp-content\/uploads\/2022\/12\/19-768x512.jpg 768w, https:\/\/marcali.plebania.hu\/wp-content\/uploads\/2022\/12\/19-1536x1024.jpg 1536w, https:\/\/marcali.plebania.hu\/wp-content\/uploads\/2022\/12\/19-2048x1365.jpg 2048w, https:\/\/marcali.plebania.hu\/wp-content\/uploads\/2022\/12\/19-405x270.jpg 405w\" sizes=\"auto, (max-width: 1024px) 100vw, 1024px\" \/><\/figure><\/li><li class=\"blocks-gallery-item\"><figure><img loading=\"lazy\" decoding=\"async\" width=\"1024\" height=\"683\" src=\"https:\/\/marcali.plebania.hu\/wp-content\/uploads\/2022\/12\/23-2-1024x683.jpg\" alt=\"\" data-id=\"4228\" data-full-url=\"https:\/\/marcali.plebania.hu\/wp-content\/uploads\/2022\/12\/23-2-scaled.jpg\" data-link=\"https:\/\/marcali.plebania.hu\/?attachment_id=4228\" class=\"wp-image-4228\" srcset=\"https:\/\/marcali.plebania.hu\/wp-content\/uploads\/2022\/12\/23-2-1024x683.jpg 1024w, https:\/\/marcali.plebania.hu\/wp-content\/uploads\/2022\/12\/23-2-300x200.jpg 300w, https:\/\/marcali.plebania.hu\/wp-content\/uploads\/2022\/12\/23-2-768x512.jpg 768w, https:\/\/marcali.plebania.hu\/wp-content\/uploads\/2022\/12\/23-2-1536x1024.jpg 1536w, https:\/\/marcali.plebania.hu\/wp-content\/uploads\/2022\/12\/23-2-2048x1365.jpg 2048w, https:\/\/marcali.plebania.hu\/wp-content\/uploads\/2022\/12\/23-2-405x270.jpg 405w\" sizes=\"auto, (max-width: 1024px) 100vw, 1024px\" \/><\/figure><\/li><li class=\"blocks-gallery-item\"><figure><img loading=\"lazy\" decoding=\"async\" width=\"1024\" height=\"683\" src=\"https:\/\/marcali.plebania.hu\/wp-content\/uploads\/2022\/12\/24-2-1024x683.jpg\" alt=\"\" data-id=\"4229\" data-full-url=\"https:\/\/marcali.plebania.hu\/wp-content\/uploads\/2022\/12\/24-2-scaled.jpg\" data-link=\"https:\/\/marcali.plebania.hu\/?attachment_id=4229\" class=\"wp-image-4229\" srcset=\"https:\/\/marcali.plebania.hu\/wp-content\/uploads\/2022\/12\/24-2-1024x683.jpg 1024w, https:\/\/marcali.plebania.hu\/wp-content\/uploads\/2022\/12\/24-2-300x200.jpg 300w, https:\/\/marcali.plebania.hu\/wp-content\/uploads\/2022\/12\/24-2-768x512.jpg 768w, https:\/\/marcali.plebania.hu\/wp-content\/uploads\/2022\/12\/24-2-1536x1024.jpg 1536w, https:\/\/marcali.plebania.hu\/wp-content\/uploads\/2022\/12\/24-2-2048x1365.jpg 2048w, https:\/\/marcali.plebania.hu\/wp-content\/uploads\/2022\/12\/24-2-405x270.jpg 405w\" sizes=\"auto, (max-width: 1024px) 100vw, 1024px\" \/><\/figure><\/li><\/ul><\/figure>\n\n\n\n<p>Az \u00e1dventi \u00fcnneps\u00e9g szentmis\u00e9vel z\u00e1rult a Gy\u00fcm\u00f6lcsolt\u00f3 Boldogasszony Pl\u00e9b\u00e1niatemplomban, melyet a Lelki Nap alkalm\u00e1b\u00f3l T\u00f6lgyesi D\u00e1vid somogys\u00e1msoni pl\u00e9b\u00e1niai korm\u00e1nyz\u00f3 celebr\u00e1lt \u00e9s mondott szentbesz\u00e9det.<\/p>\n\n\n\n<figure class=\"wp-block-gallery columns-3 is-cropped wp-block-gallery-4 is-layout-flex wp-block-gallery-is-layout-flex\"><ul class=\"blocks-gallery-grid\"><li class=\"blocks-gallery-item\"><figure><img loading=\"lazy\" decoding=\"async\" width=\"1024\" height=\"683\" src=\"https:\/\/marcali.plebania.hu\/wp-content\/uploads\/2022\/12\/25-1-1024x683.jpg\" alt=\"\" data-id=\"4230\" data-full-url=\"https:\/\/marcali.plebania.hu\/wp-content\/uploads\/2022\/12\/25-1-scaled.jpg\" data-link=\"https:\/\/marcali.plebania.hu\/?attachment_id=4230\" class=\"wp-image-4230\" srcset=\"https:\/\/marcali.plebania.hu\/wp-content\/uploads\/2022\/12\/25-1-1024x683.jpg 1024w, https:\/\/marcali.plebania.hu\/wp-content\/uploads\/2022\/12\/25-1-300x200.jpg 300w, https:\/\/marcali.plebania.hu\/wp-content\/uploads\/2022\/12\/25-1-768x512.jpg 768w, https:\/\/marcali.plebania.hu\/wp-content\/uploads\/2022\/12\/25-1-1536x1024.jpg 1536w, https:\/\/marcali.plebania.hu\/wp-content\/uploads\/2022\/12\/25-1-2048x1365.jpg 2048w, https:\/\/marcali.plebania.hu\/wp-content\/uploads\/2022\/12\/25-1-405x270.jpg 405w\" sizes=\"auto, (max-width: 1024px) 100vw, 1024px\" \/><\/figure><\/li><li class=\"blocks-gallery-item\"><figure><img loading=\"lazy\" decoding=\"async\" width=\"1024\" height=\"683\" src=\"https:\/\/marcali.plebania.hu\/wp-content\/uploads\/2022\/12\/26-1024x683.jpg\" alt=\"\" data-id=\"4231\" data-full-url=\"https:\/\/marcali.plebania.hu\/wp-content\/uploads\/2022\/12\/26-scaled.jpg\" data-link=\"https:\/\/marcali.plebania.hu\/?attachment_id=4231\" class=\"wp-image-4231\" srcset=\"https:\/\/marcali.plebania.hu\/wp-content\/uploads\/2022\/12\/26-1024x683.jpg 1024w, https:\/\/marcali.plebania.hu\/wp-content\/uploads\/2022\/12\/26-300x200.jpg 300w, https:\/\/marcali.plebania.hu\/wp-content\/uploads\/2022\/12\/26-768x512.jpg 768w, https:\/\/marcali.plebania.hu\/wp-content\/uploads\/2022\/12\/26-1536x1024.jpg 1536w, https:\/\/marcali.plebania.hu\/wp-content\/uploads\/2022\/12\/26-2048x1365.jpg 2048w, https:\/\/marcali.plebania.hu\/wp-content\/uploads\/2022\/12\/26-405x270.jpg 405w\" sizes=\"auto, (max-width: 1024px) 100vw, 1024px\" \/><\/figure><\/li><li class=\"blocks-gallery-item\"><figure><img loading=\"lazy\" decoding=\"async\" width=\"1024\" height=\"683\" src=\"https:\/\/marcali.plebania.hu\/wp-content\/uploads\/2022\/12\/27-2-1024x683.jpg\" alt=\"\" data-id=\"4232\" data-full-url=\"https:\/\/marcali.plebania.hu\/wp-content\/uploads\/2022\/12\/27-2-scaled.jpg\" data-link=\"https:\/\/marcali.plebania.hu\/?attachment_id=4232\" class=\"wp-image-4232\" srcset=\"https:\/\/marcali.plebania.hu\/wp-content\/uploads\/2022\/12\/27-2-1024x683.jpg 1024w, https:\/\/marcali.plebania.hu\/wp-content\/uploads\/2022\/12\/27-2-300x200.jpg 300w, https:\/\/marcali.plebania.hu\/wp-content\/uploads\/2022\/12\/27-2-768x512.jpg 768w, https:\/\/marcali.plebania.hu\/wp-content\/uploads\/2022\/12\/27-2-1536x1024.jpg 1536w, https:\/\/marcali.plebania.hu\/wp-content\/uploads\/2022\/12\/27-2-2048x1365.jpg 2048w, https:\/\/marcali.plebania.hu\/wp-content\/uploads\/2022\/12\/27-2-405x270.jpg 405w\" sizes=\"auto, (max-width: 1024px) 100vw, 1024px\" \/><\/figure><\/li><li class=\"blocks-gallery-item\"><figure><img loading=\"lazy\" decoding=\"async\" width=\"1024\" height=\"683\" src=\"https:\/\/marcali.plebania.hu\/wp-content\/uploads\/2022\/12\/28-1024x683.jpg\" alt=\"\" data-id=\"4233\" data-full-url=\"https:\/\/marcali.plebania.hu\/wp-content\/uploads\/2022\/12\/28-scaled.jpg\" data-link=\"https:\/\/marcali.plebania.hu\/?attachment_id=4233\" class=\"wp-image-4233\" srcset=\"https:\/\/marcali.plebania.hu\/wp-content\/uploads\/2022\/12\/28-1024x683.jpg 1024w, https:\/\/marcali.plebania.hu\/wp-content\/uploads\/2022\/12\/28-300x200.jpg 300w, https:\/\/marcali.plebania.hu\/wp-content\/uploads\/2022\/12\/28-768x512.jpg 768w, https:\/\/marcali.plebania.hu\/wp-content\/uploads\/2022\/12\/28-1536x1024.jpg 1536w, https:\/\/marcali.plebania.hu\/wp-content\/uploads\/2022\/12\/28-2048x1365.jpg 2048w, https:\/\/marcali.plebania.hu\/wp-content\/uploads\/2022\/12\/28-405x270.jpg 405w\" sizes=\"auto, (max-width: 1024px) 100vw, 1024px\" \/><\/figure><\/li><\/ul><\/figure>\n","protected":false},"excerpt":{"rendered":"<p>2022. december 17-\u00e9n, szombaton este 17 \u00f3rakor, a pl\u00e9b\u00e1niatemplom el\u0151tti Boldog II. J\u00e1nos P\u00e1l p\u00e1pa t\u00e9ren \u00e1ll\u00f3 k\u00fclt\u00e9ri \u00e1dventi koszor\u00fan felgyulladt a negyedik gyertya f\u00e9nye is, ezzel is figyelmeztetve, hogy m\u00e1r nagyon k\u00f6zel van a kar\u00e1csony, J\u00e9zus sz\u00fclet\u00e9s\u00e9nek \u00fcnnepe. A megjelenteket Kiss Iv\u00e1n c. pr\u00e9post, pl\u00e9b\u00e1nos k\u00f6sz\u00f6nt\u00f6tte, majd bevezet\u0151 gondolatai ut\u00e1n 10 \u2013 z\u00f6m\u00e9ben Noszlopys \u2013 tanul\u00f3 adott el\u0151 verses-zen\u00e9s \u00f6ssze\u00e1ll\u00edt\u00e1st, melyet Dr. Gyulain\u00e9 Domj\u00e1n Zsuzsanna hitoktat\u00f3n\u0151 tan\u00edtott be a di\u00e1koknak, akik k\u00f6z\u00fcl 7 hittanos, 3 m\u0171v\u00e9szeti iskol\u00e1s gyermek volt&#8230;.<\/p>\n<p class=\"read-more\"><a class=\"btn btn-default\" href=\"https:\/\/marcali.plebania.hu\/?p=4216\"> Read More<span class=\"screen-reader-text\">  Read More<\/span><\/a><\/p>\n","protected":false},"author":2,"featured_media":0,"comment_status":"closed","ping_status":"open","sticky":false,"template":"","format":"standard","meta":{"footnotes":""},"categories":[1],"tags":[],"class_list":["post-4216","post","type-post","status-publish","format-standard","hentry","category-egyeb"],"_links":{"self":[{"href":"https:\/\/marcali.plebania.hu\/index.php?rest_route=\/wp\/v2\/posts\/4216","targetHints":{"allow":["GET"]}}],"collection":[{"href":"https:\/\/marcali.plebania.hu\/index.php?rest_route=\/wp\/v2\/posts"}],"about":[{"href":"https:\/\/marcali.plebania.hu\/index.php?rest_route=\/wp\/v2\/types\/post"}],"author":[{"embeddable":true,"href":"https:\/\/marcali.plebania.hu\/index.php?rest_route=\/wp\/v2\/users\/2"}],"replies":[{"embeddable":true,"href":"https:\/\/marcali.plebania.hu\/index.php?rest_route=%2Fwp%2Fv2%2Fcomments&post=4216"}],"version-history":[{"count":1,"href":"https:\/\/marcali.plebania.hu\/index.php?rest_route=\/wp\/v2\/posts\/4216\/revisions"}],"predecessor-version":[{"id":4234,"href":"https:\/\/marcali.plebania.hu\/index.php?rest_route=\/wp\/v2\/posts\/4216\/revisions\/4234"}],"wp:attachment":[{"href":"https:\/\/marcali.plebania.hu\/index.php?rest_route=%2Fwp%2Fv2%2Fmedia&parent=4216"}],"wp:term":[{"taxonomy":"category","embeddable":true,"href":"https:\/\/marcali.plebania.hu\/index.php?rest_route=%2Fwp%2Fv2%2Fcategories&post=4216"},{"taxonomy":"post_tag","embeddable":true,"href":"https:\/\/marcali.plebania.hu\/index.php?rest_route=%2Fwp%2Fv2%2Ftags&post=4216"}],"curies":[{"name":"wp","href":"https:\/\/api.w.org\/{rel}","templated":true}]}}