{"id":424,"date":"2018-11-19T16:33:24","date_gmt":"2018-11-19T16:33:24","guid":{"rendered":"https:\/\/marcali.plebania.hu\/?p=424"},"modified":"2018-11-19T16:33:24","modified_gmt":"2018-11-19T16:33:24","slug":"klimavaltozas-es-hatasai-eloadas-az-x-hazban","status":"publish","type":"post","link":"https:\/\/marcali.plebania.hu\/?p=424","title":{"rendered":"Kl\u00edmav\u00e1ltoz\u00e1s \u00e9s hat\u00e1sai \u2013 el\u0151ad\u00e1s az X-h\u00e1zban"},"content":{"rendered":"<p>2018. november 14-\u00e9n, 17.30 \u00f3r\u00e1t\u00f3l a Marcali Pl\u00e9b\u00e1nia \u00e9s a Kereszt\u00e9ny \u00c9rtelmis\u00e9giek Sz\u00f6vets\u00e9ge (K\u00c9SZ) Marcali Csoportja megh\u00edv\u00e1s\u00e1ra Huszti G\u00e1bor, a Somogy Megyei K\u00f6zgy\u0171l\u00e9s aleln\u00f6ke \u201eKl\u00edmav\u00e1ltoz\u00e1s \u00e9s hat\u00e1sai\u201d c\u00edmmel tartott el\u0151ad\u00e1st az X-h\u00e1z nagyterm\u00e9ben.<\/p>\n<p><img loading=\"lazy\" decoding=\"async\" class=\"aligncenter wp-image-425 size-large\" src=\"https:\/\/marcali.plebania.hu\/wp-content\/uploads\/2018\/11\/07-1024x683.jpg\" alt=\"\" width=\"640\" height=\"427\" srcset=\"https:\/\/marcali.plebania.hu\/wp-content\/uploads\/2018\/11\/07-1024x683.jpg 1024w, https:\/\/marcali.plebania.hu\/wp-content\/uploads\/2018\/11\/07-300x200.jpg 300w, https:\/\/marcali.plebania.hu\/wp-content\/uploads\/2018\/11\/07-768x512.jpg 768w, https:\/\/marcali.plebania.hu\/wp-content\/uploads\/2018\/11\/07-405x270.jpg 405w\" sizes=\"auto, (max-width: 640px) 100vw, 640px\" \/><\/p>\n<p>A megjelenteket, k\u00f6zt\u00fck M\u00f3ring J\u00f3zsef Attila orsz\u00e1ggy\u0171l\u00e9si k\u00e9pvisel\u0151t is, dr. Laczkovics Anna eln\u00f6k asszony k\u00f6sz\u00f6nt\u00f6tte. Majd Huszti G\u00e1bor egy vet\u00edtett k\u00e9pes el\u0151ad\u00e1son mutatta be az ut\u00f3bbi \u00e9vtizedek \u00e9ghajlati v\u00e1ltoz\u00e1sait, a glob\u00e1lis felmeleged\u00e9si folyamatokat. Elmondta, hogy a h\u0151m\u00e9rs\u00e9klet emelked\u00e9s\u00e9rt kism\u00e9rt\u00e9kben a term\u00e9szet, nagym\u00e9rt\u00e9kben viszont az emberi tev\u00e9kenys\u00e9gek a felel\u0151sek. P\u00e9ldak\u00e9nt az ipar \u00e9s a k\u00f6zleked\u00e9sb\u0151l sz\u00e1rmaz\u00f3 szennyez\u0151anyagok (sz\u00e9n-monoxid) kibocs\u00e1t\u00e1s\u00e1t eml\u00edtette. Az ENSZ kl\u00edmakutat\u00f3 szervezet\u00e9nek el\u0151rejelz\u00e9se szerint a felmeleged\u00e9s ebben az \u00e9vsz\u00e1zadban dr\u00e1mai m\u00e9reteket \u00f6lt, \u00e9s vizsg\u00e1lataik szerint az \u00e1tlag h\u0151m\u00e9rs\u00e9klet ak\u00e1r 5,8 C-fokkal is n\u0151het.<\/p>\n<p><img loading=\"lazy\" decoding=\"async\" class=\"aligncenter wp-image-426 size-large\" src=\"https:\/\/marcali.plebania.hu\/wp-content\/uploads\/2018\/11\/17-1024x683.jpg\" alt=\"\" width=\"640\" height=\"427\" srcset=\"https:\/\/marcali.plebania.hu\/wp-content\/uploads\/2018\/11\/17-1024x683.jpg 1024w, https:\/\/marcali.plebania.hu\/wp-content\/uploads\/2018\/11\/17-300x200.jpg 300w, https:\/\/marcali.plebania.hu\/wp-content\/uploads\/2018\/11\/17-768x512.jpg 768w, https:\/\/marcali.plebania.hu\/wp-content\/uploads\/2018\/11\/17-405x270.jpg 405w\" sizes=\"auto, (max-width: 640px) 100vw, 640px\" \/><\/p>\n<p>Az el\u0151ad\u00f3 besz\u00e9lt m\u00e9g az \u00fcvegh\u00e1zhat\u00e1s, az antarktiszi \u00e9s a hegyekben l\u00e9v\u0151 j\u00e9g olvad\u00e1s\u00e1nak hat\u00e1sair\u00f3l \u00e9s k\u00f6vetkezm\u00e9nyeir\u0151l, a sivatagosod\u00e1si folyamatokr\u00f3l. Ezek az \u00f6kosziszt\u00e9ma felboml\u00e1s\u00e1t, valamint egyes \u00e1llatfajok kipusztul\u00e1s\u00e1t is eredm\u00e9nyezhetik. Elgondolkodtat\u00f3, hogy Kaliforni\u00e1ban a jelenleg is tombol\u00f3 erd\u0151t\u00fczek megf\u00e9kez\u00e9se megoldatlan probl\u00e9m\u00e1t okoz egy olyan nagyhatalomnak, mint az Amerikai Egyes\u00fclt \u00c1llamok. Ezek a folyamatok \u00e9s a v\u00edzhi\u00e1ny, tulajdonk\u00e9ppen a l\u00e9t\u00e9rt val\u00f3 k\u00fczdelem viszont a t\u00f6meges migr\u00e1ci\u00f3 egyik gerjeszt\u0151i, mely probl\u00e9m\u00e1kra s\u00fcrg\u0151sen megold\u00e1sokat kellene keresni. Rendk\u00edv\u00fcli m\u00f3don, sz\u00e1madatokkal \u00e9rz\u00e9keltette egyetlen sz\u00e1z \u00e9ves t\u00f6lgyfa szerep\u00e9t az \u00e9lettani folyamatokban, amely elgondolkodtat\u00e1sra k\u00e9sztette a hallgat\u00f3s\u00e1got is.<\/p>\n<p>&nbsp;<\/p>\n<p><img loading=\"lazy\" decoding=\"async\" class=\"alignnone wp-image-428 size-large\" src=\"https:\/\/marcali.plebania.hu\/wp-content\/uploads\/2018\/11\/24-1024x683.jpg\" alt=\"\" width=\"640\" height=\"427\" srcset=\"https:\/\/marcali.plebania.hu\/wp-content\/uploads\/2018\/11\/24-1024x683.jpg 1024w, https:\/\/marcali.plebania.hu\/wp-content\/uploads\/2018\/11\/24-300x200.jpg 300w, https:\/\/marcali.plebania.hu\/wp-content\/uploads\/2018\/11\/24-768x512.jpg 768w, https:\/\/marcali.plebania.hu\/wp-content\/uploads\/2018\/11\/24-405x270.jpg 405w\" sizes=\"auto, (max-width: 640px) 100vw, 640px\" \/><\/p>\n<p>Huszti G\u00e1bor v\u00e9g\u00fcl sz\u00f3lt a Somogy Megy\u00e9t, ezen bel\u00fcl is a k\u00f6zvetlen k\u00f6rnyezet\u00fcnket \u00e9rint\u0151 \u00e9ghajlat-v\u00e1ltoz\u00e1si probl\u00e9mak\u00f6r\u00f6kr\u0151l, az eddig megtapasztalt jelens\u00e9gekr\u0151l, \u00e9s v\u00e1rhat\u00f3 hat\u00e1sair\u00f3l. Ezeket vizsg\u00e1lva az id\u00e9n, 2018. m\u00e1rcius 20-\u00e1n a Somogy Megyei K\u00f6zgy\u0171l\u00e9s a Kl\u00edmastrat\u00e9gi\u00e1val kapcsolatban \u00faj c\u00e9lkit\u0171z\u00e9seket fogadott el. Ezek teljes\u00edt\u00e9s\u00e9hez viszont els\u0151sorban tudatoss\u00e1gra \u00e9s szeml\u00e9letform\u00e1l\u00e1sra van sz\u00fcks\u00e9g. Az embereket pedig t\u00f6bbek k\u00f6z\u00f6tt a k\u00f6rnyezet meg\u00f3v\u00e1s\u00e1ra, a szelekt\u00edv hullad\u00e9kgy\u0171jt\u00e9sre, a v\u00edz- \u00e9s energiatakar\u00e9koss\u00e1gra, illetve az eg\u00e9szs\u00e9ges t\u00e1pl\u00e1lkoz\u00e1sra, a mozg\u00e1s fontoss\u00e1g\u00e1ra kell legf\u0151k\u00e9ppen \u201er\u00e1hangolni\u201d a j\u00f6v\u0151 \u00e9rdek\u00e9ben.<\/p>\n<p><img loading=\"lazy\" decoding=\"async\" class=\"wp-image-429 size-large aligncenter\" src=\"https:\/\/marcali.plebania.hu\/wp-content\/uploads\/2018\/11\/31-1024x683.jpg\" alt=\"\" width=\"640\" height=\"427\" srcset=\"https:\/\/marcali.plebania.hu\/wp-content\/uploads\/2018\/11\/31-1024x683.jpg 1024w, https:\/\/marcali.plebania.hu\/wp-content\/uploads\/2018\/11\/31-300x200.jpg 300w, https:\/\/marcali.plebania.hu\/wp-content\/uploads\/2018\/11\/31-768x512.jpg 768w, https:\/\/marcali.plebania.hu\/wp-content\/uploads\/2018\/11\/31-405x270.jpg 405w\" sizes=\"auto, (max-width: 640px) 100vw, 640px\" \/><\/p>\n<p>&nbsp;<\/p>\n","protected":false},"excerpt":{"rendered":"<p>2018. november 14-\u00e9n, 17.30 \u00f3r\u00e1t\u00f3l a Marcali Pl\u00e9b\u00e1nia \u00e9s a Kereszt\u00e9ny \u00c9rtelmis\u00e9giek Sz\u00f6vets\u00e9ge (K\u00c9SZ) Marcali Csoportja megh\u00edv\u00e1s\u00e1ra Huszti G\u00e1bor, a Somogy Megyei K\u00f6zgy\u0171l\u00e9s aleln\u00f6ke \u201eKl\u00edmav\u00e1ltoz\u00e1s \u00e9s hat\u00e1sai\u201d c\u00edmmel tartott el\u0151ad\u00e1st az X-h\u00e1z nagyterm\u00e9ben. A megjelenteket, k\u00f6zt\u00fck M\u00f3ring J\u00f3zsef Attila orsz\u00e1ggy\u0171l\u00e9si k\u00e9pvisel\u0151t is, dr. Laczkovics Anna eln\u00f6k asszony k\u00f6sz\u00f6nt\u00f6tte. Majd Huszti G\u00e1bor egy vet\u00edtett k\u00e9pes el\u0151ad\u00e1son mutatta be az ut\u00f3bbi \u00e9vtizedek \u00e9ghajlati v\u00e1ltoz\u00e1sait, a glob\u00e1lis felmeleged\u00e9si folyamatokat. Elmondta, hogy a h\u0151m\u00e9rs\u00e9klet emelked\u00e9s\u00e9rt kism\u00e9rt\u00e9kben a term\u00e9szet, nagym\u00e9rt\u00e9kben viszont az emberi tev\u00e9kenys\u00e9gek a&#8230;<\/p>\n<p class=\"read-more\"><a class=\"btn btn-default\" href=\"https:\/\/marcali.plebania.hu\/?p=424\"> Read More<span class=\"screen-reader-text\">  Read More<\/span><\/a><\/p>\n","protected":false},"author":2,"featured_media":0,"comment_status":"closed","ping_status":"open","sticky":false,"template":"","format":"standard","meta":{"footnotes":""},"categories":[1],"tags":[],"class_list":["post-424","post","type-post","status-publish","format-standard","hentry","category-egyeb"],"_links":{"self":[{"href":"https:\/\/marcali.plebania.hu\/index.php?rest_route=\/wp\/v2\/posts\/424","targetHints":{"allow":["GET"]}}],"collection":[{"href":"https:\/\/marcali.plebania.hu\/index.php?rest_route=\/wp\/v2\/posts"}],"about":[{"href":"https:\/\/marcali.plebania.hu\/index.php?rest_route=\/wp\/v2\/types\/post"}],"author":[{"embeddable":true,"href":"https:\/\/marcali.plebania.hu\/index.php?rest_route=\/wp\/v2\/users\/2"}],"replies":[{"embeddable":true,"href":"https:\/\/marcali.plebania.hu\/index.php?rest_route=%2Fwp%2Fv2%2Fcomments&post=424"}],"version-history":[{"count":1,"href":"https:\/\/marcali.plebania.hu\/index.php?rest_route=\/wp\/v2\/posts\/424\/revisions"}],"predecessor-version":[{"id":430,"href":"https:\/\/marcali.plebania.hu\/index.php?rest_route=\/wp\/v2\/posts\/424\/revisions\/430"}],"wp:attachment":[{"href":"https:\/\/marcali.plebania.hu\/index.php?rest_route=%2Fwp%2Fv2%2Fmedia&parent=424"}],"wp:term":[{"taxonomy":"category","embeddable":true,"href":"https:\/\/marcali.plebania.hu\/index.php?rest_route=%2Fwp%2Fv2%2Fcategories&post=424"},{"taxonomy":"post_tag","embeddable":true,"href":"https:\/\/marcali.plebania.hu\/index.php?rest_route=%2Fwp%2Fv2%2Ftags&post=424"}],"curies":[{"name":"wp","href":"https:\/\/api.w.org\/{rel}","templated":true}]}}