{"id":4241,"date":"2022-12-23T10:51:54","date_gmt":"2022-12-23T10:51:54","guid":{"rendered":"https:\/\/marcali.plebania.hu\/?p=4241"},"modified":"2022-12-23T10:51:54","modified_gmt":"2022-12-23T10:51:54","slug":"az-iden-is-elkeszult-es-vizkeresztig-latogathato-a-szabadteri-betlehem","status":"publish","type":"post","link":"https:\/\/marcali.plebania.hu\/?p=4241","title":{"rendered":"Az id\u00e9n is elk\u00e9sz\u00fclt \u00e9s V\u00edzkeresztig l\u00e1togathat\u00f3 a szabadt\u00e9ri betlehem"},"content":{"rendered":"\n<p>M\u00e1r\n16. alkalommal k\u00e9sz\u00fclt el a Gy\u00fcm\u00f6lcsolt\u00f3 Boldogasszony Pl\u00e9b\u00e1niatemplom \u00e9szaki\noldal\u00e1n l\u00e9v\u0151 k\u00fclt\u00e9ri betlehem a Marcali R\u00f3mai Katolikus Egyh\u00e1zk\u00f6zs\u00e9g\n\u00f6sszefog\u00e1s\u00e1val. A munk\u00e1latok ebben az \u00e9vben is k\u00e9t \u00fctemben val\u00f3sultak meg.<\/p>\n\n\n\n<p>Els\u0151k\u00e9nt 2022. december 21-\u00e9n, szerd\u00e1n d\u00e9lel\u0151tt, r\u00f6vid id\u0151 alatt \u00e9p\u00fclt el a betlehem ak\u00e1cfa-v\u00e1zszerkezete, melyet S\u00e1gv\u00e1ri R\u00f3bert \u00e1csmester \u00e9s csapata, mind\u00f6sszesen h\u00e9t f\u0151vel \u00fcgyesen \u00f6ssze\u00e1ll\u00edtott.<\/p>\n\n\n\n<figure class=\"wp-block-gallery columns-3 is-cropped wp-block-gallery-1 is-layout-flex wp-block-gallery-is-layout-flex\"><ul class=\"blocks-gallery-grid\"><li class=\"blocks-gallery-item\"><figure><img loading=\"lazy\" decoding=\"async\" width=\"1024\" height=\"768\" src=\"https:\/\/marcali.plebania.hu\/wp-content\/uploads\/2022\/12\/IMG_1882-1024x768.jpg\" alt=\"\" data-id=\"4242\" data-link=\"https:\/\/marcali.plebania.hu\/?attachment_id=4242\" class=\"wp-image-4242\" srcset=\"https:\/\/marcali.plebania.hu\/wp-content\/uploads\/2022\/12\/IMG_1882-1024x768.jpg 1024w, https:\/\/marcali.plebania.hu\/wp-content\/uploads\/2022\/12\/IMG_1882-300x225.jpg 300w, https:\/\/marcali.plebania.hu\/wp-content\/uploads\/2022\/12\/IMG_1882-768x576.jpg 768w, https:\/\/marcali.plebania.hu\/wp-content\/uploads\/2022\/12\/IMG_1882-1536x1152.jpg 1536w, https:\/\/marcali.plebania.hu\/wp-content\/uploads\/2022\/12\/IMG_1882-360x270.jpg 360w, https:\/\/marcali.plebania.hu\/wp-content\/uploads\/2022\/12\/IMG_1882.jpg 1632w\" sizes=\"auto, (max-width: 1024px) 100vw, 1024px\" \/><\/figure><\/li><li class=\"blocks-gallery-item\"><figure><img loading=\"lazy\" decoding=\"async\" width=\"1024\" height=\"768\" src=\"https:\/\/marcali.plebania.hu\/wp-content\/uploads\/2022\/12\/IMG_1883-1024x768.jpg\" alt=\"\" data-id=\"4243\" data-link=\"https:\/\/marcali.plebania.hu\/?attachment_id=4243\" class=\"wp-image-4243\" srcset=\"https:\/\/marcali.plebania.hu\/wp-content\/uploads\/2022\/12\/IMG_1883-1024x768.jpg 1024w, https:\/\/marcali.plebania.hu\/wp-content\/uploads\/2022\/12\/IMG_1883-300x225.jpg 300w, https:\/\/marcali.plebania.hu\/wp-content\/uploads\/2022\/12\/IMG_1883-768x576.jpg 768w, https:\/\/marcali.plebania.hu\/wp-content\/uploads\/2022\/12\/IMG_1883-1536x1152.jpg 1536w, https:\/\/marcali.plebania.hu\/wp-content\/uploads\/2022\/12\/IMG_1883-360x270.jpg 360w, https:\/\/marcali.plebania.hu\/wp-content\/uploads\/2022\/12\/IMG_1883.jpg 1632w\" sizes=\"auto, (max-width: 1024px) 100vw, 1024px\" \/><\/figure><\/li><li class=\"blocks-gallery-item\"><figure><img loading=\"lazy\" decoding=\"async\" width=\"1024\" height=\"768\" src=\"https:\/\/marcali.plebania.hu\/wp-content\/uploads\/2022\/12\/IMG_1884-1024x768.jpg\" alt=\"\" data-id=\"4244\" data-link=\"https:\/\/marcali.plebania.hu\/?attachment_id=4244\" class=\"wp-image-4244\" srcset=\"https:\/\/marcali.plebania.hu\/wp-content\/uploads\/2022\/12\/IMG_1884-1024x768.jpg 1024w, https:\/\/marcali.plebania.hu\/wp-content\/uploads\/2022\/12\/IMG_1884-300x225.jpg 300w, https:\/\/marcali.plebania.hu\/wp-content\/uploads\/2022\/12\/IMG_1884-768x576.jpg 768w, https:\/\/marcali.plebania.hu\/wp-content\/uploads\/2022\/12\/IMG_1884-1536x1152.jpg 1536w, https:\/\/marcali.plebania.hu\/wp-content\/uploads\/2022\/12\/IMG_1884-360x270.jpg 360w, https:\/\/marcali.plebania.hu\/wp-content\/uploads\/2022\/12\/IMG_1884.jpg 1632w\" sizes=\"auto, (max-width: 1024px) 100vw, 1024px\" \/><\/figure><\/li><li class=\"blocks-gallery-item\"><figure><img loading=\"lazy\" decoding=\"async\" width=\"1024\" height=\"768\" src=\"https:\/\/marcali.plebania.hu\/wp-content\/uploads\/2022\/12\/IMG_1890-1024x768.jpg\" alt=\"\" data-id=\"4245\" data-full-url=\"https:\/\/marcali.plebania.hu\/wp-content\/uploads\/2022\/12\/IMG_1890.jpg\" data-link=\"https:\/\/marcali.plebania.hu\/?attachment_id=4245\" class=\"wp-image-4245\" srcset=\"https:\/\/marcali.plebania.hu\/wp-content\/uploads\/2022\/12\/IMG_1890-1024x768.jpg 1024w, https:\/\/marcali.plebania.hu\/wp-content\/uploads\/2022\/12\/IMG_1890-300x225.jpg 300w, https:\/\/marcali.plebania.hu\/wp-content\/uploads\/2022\/12\/IMG_1890-768x576.jpg 768w, https:\/\/marcali.plebania.hu\/wp-content\/uploads\/2022\/12\/IMG_1890-1536x1152.jpg 1536w, https:\/\/marcali.plebania.hu\/wp-content\/uploads\/2022\/12\/IMG_1890-360x270.jpg 360w, https:\/\/marcali.plebania.hu\/wp-content\/uploads\/2022\/12\/IMG_1890.jpg 1632w\" sizes=\"auto, (max-width: 1024px) 100vw, 1024px\" \/><\/figure><\/li><\/ul><\/figure>\n\n\n\n<p>Majd a m\u00e1sodik \u00fctem december 22-\u00e9n, cs\u00fct\u00f6rt\u00f6k\u00f6n 9 \u00f3r\u00e1t\u00f3l folytat\u00f3dott Kir\u00e1ly Jen\u0151 templomatya \u00e9s Gelencs\u00e9r R\u00f3bert vil\u00e1gi eln\u00f6k vezet\u00e9s\u00e9vel, akik berendezt\u00e9k a Szentcsal\u00e1ddal, a h\u00e1rom kir\u00e1lyokkal, a p\u00e1sztorokkal, tov\u00e1bb\u00e1 az \u00e1llat figur\u00e1kkal, valamint feny\u0151f\u00e1kkal \u00e9s \u2013\u00e1gakkal d\u00edsz\u00edtett\u00e9k fel az impoz\u00e1ns alkot\u00e1st. Ebben a munk\u00e1kban m\u00e1r t\u00f6bb mint 20 f\u0151seg\u00e9dkezett a hossz\u00fara ny\u00falt d\u00e9lel\u0151tt sor\u00e1n; sokan \u2013 az iskol\u00e1sok k\u00f6z\u00fcl is \u2013 m\u00e1r nem az els\u0151 alkalommal voltak jelen. (Sajnos a csoportk\u00e9p k\u00e9sz\u00edt\u00e9sekor m\u00e1r t\u00f6bben is egy\u00e9b teend\u0151ik miatt elmentek.)<\/p>\n\n\n\n<figure class=\"wp-block-gallery columns-3 is-cropped wp-block-gallery-2 is-layout-flex wp-block-gallery-is-layout-flex\"><ul class=\"blocks-gallery-grid\"><li class=\"blocks-gallery-item\"><figure><img loading=\"lazy\" decoding=\"async\" width=\"1024\" height=\"683\" src=\"https:\/\/marcali.plebania.hu\/wp-content\/uploads\/2022\/12\/02-5-1024x683.jpg\" alt=\"\" data-id=\"4246\" data-link=\"https:\/\/marcali.plebania.hu\/?attachment_id=4246\" class=\"wp-image-4246\" srcset=\"https:\/\/marcali.plebania.hu\/wp-content\/uploads\/2022\/12\/02-5-1024x683.jpg 1024w, https:\/\/marcali.plebania.hu\/wp-content\/uploads\/2022\/12\/02-5-300x200.jpg 300w, https:\/\/marcali.plebania.hu\/wp-content\/uploads\/2022\/12\/02-5-768x512.jpg 768w, https:\/\/marcali.plebania.hu\/wp-content\/uploads\/2022\/12\/02-5-1536x1024.jpg 1536w, https:\/\/marcali.plebania.hu\/wp-content\/uploads\/2022\/12\/02-5-2048x1365.jpg 2048w, https:\/\/marcali.plebania.hu\/wp-content\/uploads\/2022\/12\/02-5-405x270.jpg 405w\" sizes=\"auto, (max-width: 1024px) 100vw, 1024px\" \/><\/figure><\/li><li class=\"blocks-gallery-item\"><figure><img loading=\"lazy\" decoding=\"async\" width=\"1024\" height=\"683\" src=\"https:\/\/marcali.plebania.hu\/wp-content\/uploads\/2022\/12\/06-5-1024x683.jpg\" alt=\"\" data-id=\"4247\" data-full-url=\"https:\/\/marcali.plebania.hu\/wp-content\/uploads\/2022\/12\/06-5-scaled.jpg\" data-link=\"https:\/\/marcali.plebania.hu\/?attachment_id=4247\" class=\"wp-image-4247\" srcset=\"https:\/\/marcali.plebania.hu\/wp-content\/uploads\/2022\/12\/06-5-1024x683.jpg 1024w, https:\/\/marcali.plebania.hu\/wp-content\/uploads\/2022\/12\/06-5-300x200.jpg 300w, https:\/\/marcali.plebania.hu\/wp-content\/uploads\/2022\/12\/06-5-768x512.jpg 768w, https:\/\/marcali.plebania.hu\/wp-content\/uploads\/2022\/12\/06-5-1536x1024.jpg 1536w, https:\/\/marcali.plebania.hu\/wp-content\/uploads\/2022\/12\/06-5-2048x1365.jpg 2048w, https:\/\/marcali.plebania.hu\/wp-content\/uploads\/2022\/12\/06-5-405x270.jpg 405w\" sizes=\"auto, (max-width: 1024px) 100vw, 1024px\" \/><\/figure><\/li><li class=\"blocks-gallery-item\"><figure><img loading=\"lazy\" decoding=\"async\" width=\"1024\" height=\"683\" src=\"https:\/\/marcali.plebania.hu\/wp-content\/uploads\/2022\/12\/07-5-1024x683.jpg\" alt=\"\" data-id=\"4248\" data-full-url=\"https:\/\/marcali.plebania.hu\/wp-content\/uploads\/2022\/12\/07-5-scaled.jpg\" data-link=\"https:\/\/marcali.plebania.hu\/?attachment_id=4248\" class=\"wp-image-4248\" srcset=\"https:\/\/marcali.plebania.hu\/wp-content\/uploads\/2022\/12\/07-5-1024x683.jpg 1024w, https:\/\/marcali.plebania.hu\/wp-content\/uploads\/2022\/12\/07-5-300x200.jpg 300w, https:\/\/marcali.plebania.hu\/wp-content\/uploads\/2022\/12\/07-5-768x512.jpg 768w, https:\/\/marcali.plebania.hu\/wp-content\/uploads\/2022\/12\/07-5-1536x1024.jpg 1536w, https:\/\/marcali.plebania.hu\/wp-content\/uploads\/2022\/12\/07-5-2048x1365.jpg 2048w, https:\/\/marcali.plebania.hu\/wp-content\/uploads\/2022\/12\/07-5-405x270.jpg 405w\" sizes=\"auto, (max-width: 1024px) 100vw, 1024px\" \/><\/figure><\/li><li class=\"blocks-gallery-item\"><figure><img loading=\"lazy\" decoding=\"async\" width=\"1024\" height=\"683\" src=\"https:\/\/marcali.plebania.hu\/wp-content\/uploads\/2022\/12\/08-2-1024x683.jpg\" alt=\"\" data-id=\"4249\" data-full-url=\"https:\/\/marcali.plebania.hu\/wp-content\/uploads\/2022\/12\/08-2-scaled.jpg\" data-link=\"https:\/\/marcali.plebania.hu\/?attachment_id=4249\" class=\"wp-image-4249\" srcset=\"https:\/\/marcali.plebania.hu\/wp-content\/uploads\/2022\/12\/08-2-1024x683.jpg 1024w, https:\/\/marcali.plebania.hu\/wp-content\/uploads\/2022\/12\/08-2-300x200.jpg 300w, https:\/\/marcali.plebania.hu\/wp-content\/uploads\/2022\/12\/08-2-768x512.jpg 768w, https:\/\/marcali.plebania.hu\/wp-content\/uploads\/2022\/12\/08-2-1536x1024.jpg 1536w, https:\/\/marcali.plebania.hu\/wp-content\/uploads\/2022\/12\/08-2-2048x1365.jpg 2048w, https:\/\/marcali.plebania.hu\/wp-content\/uploads\/2022\/12\/08-2-405x270.jpg 405w\" sizes=\"auto, (max-width: 1024px) 100vw, 1024px\" \/><\/figure><\/li><\/ul><\/figure>\n\n\n\n<p>K\u00f6zben\na pl\u00e9b\u00e1niatemplomban is hely\u00fckre ker\u00fcltek a feny\u0151f\u00e1k. A benti rendrak\u00e1sban \u00e9s a\ntakar\u00edt\u00e1sban 3 imak\u00f6ri tag seg\u00e9dkezett.<\/p>\n\n\n\n<p>Az idei esztend\u0151ben, igazodva a helyi \u00e9s az orsz\u00e1gos takar\u00e9koss\u00e1gi programhoz, nem kapott d\u00edszkivil\u00e1g\u00edt\u00e1st a betlehem k\u00f6rny\u00e9ke (a feny\u0151fa \u00e9s a tiszafa). Ennek ellen\u00e9re elegend\u0151nek t\u0171nik a betlehemben elhelyezett egyetlen reflektor \u00e9s a betlehemi csillag f\u00e9nye, valamint az \u00faj ledes k\u00f6zt\u00e9ri vil\u00e1g\u00edt\u00e1s (reflektorok) is, melyek a kor\u00e1bbin\u00e1l nagyobb f\u00e9nyerej\u0171ek, \u00e1m j\u00f3val kevesebb energi\u00e1t fogyasztanak.<\/p>\n\n\n\n<figure class=\"wp-block-gallery columns-3 is-cropped wp-block-gallery-3 is-layout-flex wp-block-gallery-is-layout-flex\"><ul class=\"blocks-gallery-grid\"><li class=\"blocks-gallery-item\"><figure><img loading=\"lazy\" decoding=\"async\" width=\"1024\" height=\"683\" src=\"https:\/\/marcali.plebania.hu\/wp-content\/uploads\/2022\/12\/10-4-1024x683.jpg\" alt=\"\" data-id=\"4250\" data-link=\"https:\/\/marcali.plebania.hu\/?attachment_id=4250\" class=\"wp-image-4250\" srcset=\"https:\/\/marcali.plebania.hu\/wp-content\/uploads\/2022\/12\/10-4-1024x683.jpg 1024w, https:\/\/marcali.plebania.hu\/wp-content\/uploads\/2022\/12\/10-4-300x200.jpg 300w, https:\/\/marcali.plebania.hu\/wp-content\/uploads\/2022\/12\/10-4-768x512.jpg 768w, https:\/\/marcali.plebania.hu\/wp-content\/uploads\/2022\/12\/10-4-1536x1024.jpg 1536w, https:\/\/marcali.plebania.hu\/wp-content\/uploads\/2022\/12\/10-4-2048x1365.jpg 2048w, https:\/\/marcali.plebania.hu\/wp-content\/uploads\/2022\/12\/10-4-405x270.jpg 405w\" sizes=\"auto, (max-width: 1024px) 100vw, 1024px\" \/><\/figure><\/li><li class=\"blocks-gallery-item\"><figure><img loading=\"lazy\" decoding=\"async\" width=\"1024\" height=\"683\" src=\"https:\/\/marcali.plebania.hu\/wp-content\/uploads\/2022\/12\/11-3-1024x683.jpg\" alt=\"\" data-id=\"4251\" data-link=\"https:\/\/marcali.plebania.hu\/?attachment_id=4251\" class=\"wp-image-4251\" srcset=\"https:\/\/marcali.plebania.hu\/wp-content\/uploads\/2022\/12\/11-3-1024x683.jpg 1024w, https:\/\/marcali.plebania.hu\/wp-content\/uploads\/2022\/12\/11-3-300x200.jpg 300w, https:\/\/marcali.plebania.hu\/wp-content\/uploads\/2022\/12\/11-3-768x512.jpg 768w, https:\/\/marcali.plebania.hu\/wp-content\/uploads\/2022\/12\/11-3-1536x1024.jpg 1536w, https:\/\/marcali.plebania.hu\/wp-content\/uploads\/2022\/12\/11-3-2048x1365.jpg 2048w, https:\/\/marcali.plebania.hu\/wp-content\/uploads\/2022\/12\/11-3-405x270.jpg 405w\" sizes=\"auto, (max-width: 1024px) 100vw, 1024px\" \/><\/figure><\/li><li class=\"blocks-gallery-item\"><figure><img loading=\"lazy\" decoding=\"async\" width=\"1024\" height=\"683\" src=\"https:\/\/marcali.plebania.hu\/wp-content\/uploads\/2022\/12\/12-3-1024x683.jpg\" alt=\"\" data-id=\"4252\" data-link=\"https:\/\/marcali.plebania.hu\/?attachment_id=4252\" class=\"wp-image-4252\" srcset=\"https:\/\/marcali.plebania.hu\/wp-content\/uploads\/2022\/12\/12-3-1024x683.jpg 1024w, https:\/\/marcali.plebania.hu\/wp-content\/uploads\/2022\/12\/12-3-300x200.jpg 300w, https:\/\/marcali.plebania.hu\/wp-content\/uploads\/2022\/12\/12-3-768x512.jpg 768w, https:\/\/marcali.plebania.hu\/wp-content\/uploads\/2022\/12\/12-3-1536x1024.jpg 1536w, https:\/\/marcali.plebania.hu\/wp-content\/uploads\/2022\/12\/12-3-2048x1365.jpg 2048w, https:\/\/marcali.plebania.hu\/wp-content\/uploads\/2022\/12\/12-3-405x270.jpg 405w\" sizes=\"auto, (max-width: 1024px) 100vw, 1024px\" \/><\/figure><\/li><li class=\"blocks-gallery-item\"><figure><img loading=\"lazy\" decoding=\"async\" width=\"1024\" height=\"683\" src=\"https:\/\/marcali.plebania.hu\/wp-content\/uploads\/2022\/12\/15-2-1024x683.jpg\" alt=\"\" data-id=\"4253\" data-full-url=\"https:\/\/marcali.plebania.hu\/wp-content\/uploads\/2022\/12\/15-2-scaled.jpg\" data-link=\"https:\/\/marcali.plebania.hu\/?attachment_id=4253\" class=\"wp-image-4253\" srcset=\"https:\/\/marcali.plebania.hu\/wp-content\/uploads\/2022\/12\/15-2-1024x683.jpg 1024w, https:\/\/marcali.plebania.hu\/wp-content\/uploads\/2022\/12\/15-2-300x200.jpg 300w, https:\/\/marcali.plebania.hu\/wp-content\/uploads\/2022\/12\/15-2-768x512.jpg 768w, https:\/\/marcali.plebania.hu\/wp-content\/uploads\/2022\/12\/15-2-1536x1024.jpg 1536w, https:\/\/marcali.plebania.hu\/wp-content\/uploads\/2022\/12\/15-2-2048x1365.jpg 2048w, https:\/\/marcali.plebania.hu\/wp-content\/uploads\/2022\/12\/15-2-405x270.jpg 405w\" sizes=\"auto, (max-width: 1024px) 100vw, 1024px\" \/><\/figure><\/li><\/ul><\/figure>\n\n\n\n<p>A k\u00fclt\u00e9ri betlehemben l\u00e1that\u00f3 Szentcsal\u00e1d alakjait Csik\u00f3s Nagy M\u00e1rton szobr\u00e1szm\u0171v\u00e9sz, a t\u00f6bbi figur\u00e1t pedig P\u00e9terfai Ferenc fafarag\u00f3 k\u00e9sz\u00edtette. A szobor-kompoz\u00edci\u00f3 \u00f6sszesen 10 szem\u00e9lyb\u0151l, \u00e9s 6 \u00e1llatb\u00f3l, valamint egy mozgathat\u00f3 g\u00e9mesk\u00fatb\u00f3l \u00e1ll.<\/p>\n\n\n\n<figure class=\"wp-block-gallery columns-3 is-cropped wp-block-gallery-4 is-layout-flex wp-block-gallery-is-layout-flex\"><ul class=\"blocks-gallery-grid\"><li class=\"blocks-gallery-item\"><figure><img loading=\"lazy\" decoding=\"async\" width=\"1024\" height=\"683\" src=\"https:\/\/marcali.plebania.hu\/wp-content\/uploads\/2022\/12\/20-1-1024x683.jpg\" alt=\"\" data-id=\"4254\" data-full-url=\"https:\/\/marcali.plebania.hu\/wp-content\/uploads\/2022\/12\/20-1-scaled.jpg\" data-link=\"https:\/\/marcali.plebania.hu\/?attachment_id=4254\" class=\"wp-image-4254\" srcset=\"https:\/\/marcali.plebania.hu\/wp-content\/uploads\/2022\/12\/20-1-1024x683.jpg 1024w, https:\/\/marcali.plebania.hu\/wp-content\/uploads\/2022\/12\/20-1-300x200.jpg 300w, https:\/\/marcali.plebania.hu\/wp-content\/uploads\/2022\/12\/20-1-768x512.jpg 768w, https:\/\/marcali.plebania.hu\/wp-content\/uploads\/2022\/12\/20-1-1536x1024.jpg 1536w, https:\/\/marcali.plebania.hu\/wp-content\/uploads\/2022\/12\/20-1-2048x1365.jpg 2048w, https:\/\/marcali.plebania.hu\/wp-content\/uploads\/2022\/12\/20-1-405x270.jpg 405w\" sizes=\"auto, (max-width: 1024px) 100vw, 1024px\" \/><\/figure><\/li><li class=\"blocks-gallery-item\"><figure><img loading=\"lazy\" decoding=\"async\" width=\"1024\" height=\"683\" src=\"https:\/\/marcali.plebania.hu\/wp-content\/uploads\/2022\/12\/21-1-1024x683.jpg\" alt=\"\" data-id=\"4255\" data-full-url=\"https:\/\/marcali.plebania.hu\/wp-content\/uploads\/2022\/12\/21-1-scaled.jpg\" data-link=\"https:\/\/marcali.plebania.hu\/?attachment_id=4255\" class=\"wp-image-4255\" srcset=\"https:\/\/marcali.plebania.hu\/wp-content\/uploads\/2022\/12\/21-1-1024x683.jpg 1024w, https:\/\/marcali.plebania.hu\/wp-content\/uploads\/2022\/12\/21-1-300x200.jpg 300w, https:\/\/marcali.plebania.hu\/wp-content\/uploads\/2022\/12\/21-1-768x512.jpg 768w, https:\/\/marcali.plebania.hu\/wp-content\/uploads\/2022\/12\/21-1-1536x1024.jpg 1536w, https:\/\/marcali.plebania.hu\/wp-content\/uploads\/2022\/12\/21-1-2048x1365.jpg 2048w, https:\/\/marcali.plebania.hu\/wp-content\/uploads\/2022\/12\/21-1-405x270.jpg 405w\" sizes=\"auto, (max-width: 1024px) 100vw, 1024px\" \/><\/figure><\/li><li class=\"blocks-gallery-item\"><figure><img loading=\"lazy\" decoding=\"async\" width=\"1024\" height=\"683\" src=\"https:\/\/marcali.plebania.hu\/wp-content\/uploads\/2022\/12\/22-2-1024x683.jpg\" alt=\"\" data-id=\"4256\" data-full-url=\"https:\/\/marcali.plebania.hu\/wp-content\/uploads\/2022\/12\/22-2-scaled.jpg\" data-link=\"https:\/\/marcali.plebania.hu\/?attachment_id=4256\" class=\"wp-image-4256\" srcset=\"https:\/\/marcali.plebania.hu\/wp-content\/uploads\/2022\/12\/22-2-1024x683.jpg 1024w, https:\/\/marcali.plebania.hu\/wp-content\/uploads\/2022\/12\/22-2-300x200.jpg 300w, https:\/\/marcali.plebania.hu\/wp-content\/uploads\/2022\/12\/22-2-768x512.jpg 768w, https:\/\/marcali.plebania.hu\/wp-content\/uploads\/2022\/12\/22-2-1536x1024.jpg 1536w, https:\/\/marcali.plebania.hu\/wp-content\/uploads\/2022\/12\/22-2-2048x1365.jpg 2048w, https:\/\/marcali.plebania.hu\/wp-content\/uploads\/2022\/12\/22-2-405x270.jpg 405w\" sizes=\"auto, (max-width: 1024px) 100vw, 1024px\" \/><\/figure><\/li><li class=\"blocks-gallery-item\"><figure><img loading=\"lazy\" decoding=\"async\" width=\"1024\" height=\"683\" src=\"https:\/\/marcali.plebania.hu\/wp-content\/uploads\/2022\/12\/23-3-1024x683.jpg\" alt=\"\" data-id=\"4257\" data-full-url=\"https:\/\/marcali.plebania.hu\/wp-content\/uploads\/2022\/12\/23-3-scaled.jpg\" data-link=\"https:\/\/marcali.plebania.hu\/?attachment_id=4257\" class=\"wp-image-4257\" srcset=\"https:\/\/marcali.plebania.hu\/wp-content\/uploads\/2022\/12\/23-3-1024x683.jpg 1024w, https:\/\/marcali.plebania.hu\/wp-content\/uploads\/2022\/12\/23-3-300x200.jpg 300w, https:\/\/marcali.plebania.hu\/wp-content\/uploads\/2022\/12\/23-3-768x512.jpg 768w, https:\/\/marcali.plebania.hu\/wp-content\/uploads\/2022\/12\/23-3-1536x1024.jpg 1536w, https:\/\/marcali.plebania.hu\/wp-content\/uploads\/2022\/12\/23-3-2048x1365.jpg 2048w, https:\/\/marcali.plebania.hu\/wp-content\/uploads\/2022\/12\/23-3-405x270.jpg 405w\" sizes=\"auto, (max-width: 1024px) 100vw, 1024px\" \/><\/figure><\/li><\/ul><\/figure>\n\n\n\n<p>A R\u00f3mai Katolikus Egyh\u00e1zk\u00f6zs\u00e9g nev\u00e9ben Kiss Iv\u00e1n c. pr\u00e9post, pl\u00e9b\u00e1nos minden seg\u00edt\u0151nek \u00e9s a feny\u0151f\u00e1k adom\u00e1nyoz\u00f3inak is megk\u00f6sz\u00f6ni a k\u00f6zrem\u0171k\u00f6d\u00e9s\u00e9t, illetve nagylelk\u0171 felaj\u00e1nl\u00e1sait. A v\u00e1ros lakoss\u00e1g\u00e1nak, illetve a betlehem-l\u00e1togat\u00f3nak pedig \u00e1ldott, boldog, b\u00e9k\u00e9s kar\u00e1csonyi \u00fcnnepeket k\u00edv\u00e1n az \u00e9p\u00edt\u0151k nev\u00e9ben is!<\/p>\n\n\n\n<figure class=\"wp-block-gallery columns-3 is-cropped wp-block-gallery-5 is-layout-flex wp-block-gallery-is-layout-flex\"><ul class=\"blocks-gallery-grid\"><li class=\"blocks-gallery-item\"><figure><img loading=\"lazy\" decoding=\"async\" width=\"1024\" height=\"683\" src=\"https:\/\/marcali.plebania.hu\/wp-content\/uploads\/2022\/12\/19-1-1024x683.jpg\" alt=\"\" data-id=\"4258\" data-link=\"https:\/\/marcali.plebania.hu\/?attachment_id=4258\" class=\"wp-image-4258\" srcset=\"https:\/\/marcali.plebania.hu\/wp-content\/uploads\/2022\/12\/19-1-1024x683.jpg 1024w, https:\/\/marcali.plebania.hu\/wp-content\/uploads\/2022\/12\/19-1-300x200.jpg 300w, https:\/\/marcali.plebania.hu\/wp-content\/uploads\/2022\/12\/19-1-768x512.jpg 768w, https:\/\/marcali.plebania.hu\/wp-content\/uploads\/2022\/12\/19-1-1536x1024.jpg 1536w, https:\/\/marcali.plebania.hu\/wp-content\/uploads\/2022\/12\/19-1-2048x1365.jpg 2048w, https:\/\/marcali.plebania.hu\/wp-content\/uploads\/2022\/12\/19-1-405x270.jpg 405w\" sizes=\"auto, (max-width: 1024px) 100vw, 1024px\" \/><\/figure><\/li><li class=\"blocks-gallery-item\"><figure><img loading=\"lazy\" decoding=\"async\" width=\"1024\" height=\"683\" src=\"https:\/\/marcali.plebania.hu\/wp-content\/uploads\/2022\/12\/24-3-1024x683.jpg\" alt=\"\" data-id=\"4259\" data-link=\"https:\/\/marcali.plebania.hu\/?attachment_id=4259\" class=\"wp-image-4259\" srcset=\"https:\/\/marcali.plebania.hu\/wp-content\/uploads\/2022\/12\/24-3-1024x683.jpg 1024w, https:\/\/marcali.plebania.hu\/wp-content\/uploads\/2022\/12\/24-3-300x200.jpg 300w, https:\/\/marcali.plebania.hu\/wp-content\/uploads\/2022\/12\/24-3-768x512.jpg 768w, https:\/\/marcali.plebania.hu\/wp-content\/uploads\/2022\/12\/24-3-1536x1024.jpg 1536w, https:\/\/marcali.plebania.hu\/wp-content\/uploads\/2022\/12\/24-3-2048x1365.jpg 2048w, https:\/\/marcali.plebania.hu\/wp-content\/uploads\/2022\/12\/24-3-405x270.jpg 405w\" sizes=\"auto, (max-width: 1024px) 100vw, 1024px\" \/><\/figure><\/li><li class=\"blocks-gallery-item\"><figure><img loading=\"lazy\" decoding=\"async\" width=\"1024\" height=\"683\" src=\"https:\/\/marcali.plebania.hu\/wp-content\/uploads\/2022\/12\/13-1-1024x683.jpg\" alt=\"\" data-id=\"4260\" data-link=\"https:\/\/marcali.plebania.hu\/?attachment_id=4260\" class=\"wp-image-4260\" srcset=\"https:\/\/marcali.plebania.hu\/wp-content\/uploads\/2022\/12\/13-1-1024x683.jpg 1024w, https:\/\/marcali.plebania.hu\/wp-content\/uploads\/2022\/12\/13-1-300x200.jpg 300w, https:\/\/marcali.plebania.hu\/wp-content\/uploads\/2022\/12\/13-1-768x512.jpg 768w, https:\/\/marcali.plebania.hu\/wp-content\/uploads\/2022\/12\/13-1-1536x1024.jpg 1536w, https:\/\/marcali.plebania.hu\/wp-content\/uploads\/2022\/12\/13-1-2048x1365.jpg 2048w, https:\/\/marcali.plebania.hu\/wp-content\/uploads\/2022\/12\/13-1-405x270.jpg 405w\" sizes=\"auto, (max-width: 1024px) 100vw, 1024px\" \/><\/figure><\/li><li class=\"blocks-gallery-item\"><figure><img loading=\"lazy\" decoding=\"async\" width=\"1024\" height=\"683\" src=\"https:\/\/marcali.plebania.hu\/wp-content\/uploads\/2022\/12\/25-2-1024x683.jpg\" alt=\"\" data-id=\"4261\" data-full-url=\"https:\/\/marcali.plebania.hu\/wp-content\/uploads\/2022\/12\/25-2-scaled.jpg\" data-link=\"https:\/\/marcali.plebania.hu\/?attachment_id=4261\" class=\"wp-image-4261\" srcset=\"https:\/\/marcali.plebania.hu\/wp-content\/uploads\/2022\/12\/25-2-1024x683.jpg 1024w, https:\/\/marcali.plebania.hu\/wp-content\/uploads\/2022\/12\/25-2-300x200.jpg 300w, https:\/\/marcali.plebania.hu\/wp-content\/uploads\/2022\/12\/25-2-768x512.jpg 768w, https:\/\/marcali.plebania.hu\/wp-content\/uploads\/2022\/12\/25-2-1536x1024.jpg 1536w, https:\/\/marcali.plebania.hu\/wp-content\/uploads\/2022\/12\/25-2-2048x1365.jpg 2048w, https:\/\/marcali.plebania.hu\/wp-content\/uploads\/2022\/12\/25-2-405x270.jpg 405w\" sizes=\"auto, (max-width: 1024px) 100vw, 1024px\" \/><\/figure><\/li><\/ul><\/figure>\n\n\n\n<p>A\nszabadt\u00e9ri betlehem 2023 V\u00edzkeresztj\u00e9ig \u00e9jjel-nappal l\u00e1togathat\u00f3 lesz.<\/p>\n","protected":false},"excerpt":{"rendered":"<p>M\u00e1r 16. alkalommal k\u00e9sz\u00fclt el a Gy\u00fcm\u00f6lcsolt\u00f3 Boldogasszony Pl\u00e9b\u00e1niatemplom \u00e9szaki oldal\u00e1n l\u00e9v\u0151 k\u00fclt\u00e9ri betlehem a Marcali R\u00f3mai Katolikus Egyh\u00e1zk\u00f6zs\u00e9g \u00f6sszefog\u00e1s\u00e1val. A munk\u00e1latok ebben az \u00e9vben is k\u00e9t \u00fctemben val\u00f3sultak meg. Els\u0151k\u00e9nt 2022. december 21-\u00e9n, szerd\u00e1n d\u00e9lel\u0151tt, r\u00f6vid id\u0151 alatt \u00e9p\u00fclt el a betlehem ak\u00e1cfa-v\u00e1zszerkezete, melyet S\u00e1gv\u00e1ri R\u00f3bert \u00e1csmester \u00e9s csapata, mind\u00f6sszesen h\u00e9t f\u0151vel \u00fcgyesen \u00f6ssze\u00e1ll\u00edtott. Majd a m\u00e1sodik \u00fctem december 22-\u00e9n, cs\u00fct\u00f6rt\u00f6k\u00f6n 9 \u00f3r\u00e1t\u00f3l folytat\u00f3dott Kir\u00e1ly Jen\u0151 templomatya \u00e9s Gelencs\u00e9r R\u00f3bert vil\u00e1gi eln\u00f6k vezet\u00e9s\u00e9vel, akik berendezt\u00e9k a Szentcsal\u00e1ddal, a h\u00e1rom&#8230;<\/p>\n<p class=\"read-more\"><a class=\"btn btn-default\" href=\"https:\/\/marcali.plebania.hu\/?p=4241\"> Read More<span class=\"screen-reader-text\">  Read More<\/span><\/a><\/p>\n","protected":false},"author":2,"featured_media":0,"comment_status":"closed","ping_status":"open","sticky":false,"template":"","format":"standard","meta":{"footnotes":""},"categories":[1],"tags":[],"class_list":["post-4241","post","type-post","status-publish","format-standard","hentry","category-egyeb"],"_links":{"self":[{"href":"https:\/\/marcali.plebania.hu\/index.php?rest_route=\/wp\/v2\/posts\/4241","targetHints":{"allow":["GET"]}}],"collection":[{"href":"https:\/\/marcali.plebania.hu\/index.php?rest_route=\/wp\/v2\/posts"}],"about":[{"href":"https:\/\/marcali.plebania.hu\/index.php?rest_route=\/wp\/v2\/types\/post"}],"author":[{"embeddable":true,"href":"https:\/\/marcali.plebania.hu\/index.php?rest_route=\/wp\/v2\/users\/2"}],"replies":[{"embeddable":true,"href":"https:\/\/marcali.plebania.hu\/index.php?rest_route=%2Fwp%2Fv2%2Fcomments&post=4241"}],"version-history":[{"count":1,"href":"https:\/\/marcali.plebania.hu\/index.php?rest_route=\/wp\/v2\/posts\/4241\/revisions"}],"predecessor-version":[{"id":4262,"href":"https:\/\/marcali.plebania.hu\/index.php?rest_route=\/wp\/v2\/posts\/4241\/revisions\/4262"}],"wp:attachment":[{"href":"https:\/\/marcali.plebania.hu\/index.php?rest_route=%2Fwp%2Fv2%2Fmedia&parent=4241"}],"wp:term":[{"taxonomy":"category","embeddable":true,"href":"https:\/\/marcali.plebania.hu\/index.php?rest_route=%2Fwp%2Fv2%2Fcategories&post=4241"},{"taxonomy":"post_tag","embeddable":true,"href":"https:\/\/marcali.plebania.hu\/index.php?rest_route=%2Fwp%2Fv2%2Ftags&post=4241"}],"curies":[{"name":"wp","href":"https:\/\/api.w.org\/{rel}","templated":true}]}}