{"id":4263,"date":"2022-12-23T10:52:20","date_gmt":"2022-12-23T10:52:20","guid":{"rendered":"https:\/\/marcali.plebania.hu\/?p=4263"},"modified":"2022-12-23T10:52:20","modified_gmt":"2022-12-23T10:52:20","slug":"hirdetesek-2022-12-24-25-26","status":"publish","type":"post","link":"https:\/\/marcali.plebania.hu\/?p=4263","title":{"rendered":"Hirdet\u00e9sek, 2022. 12. 24-25-26."},"content":{"rendered":"\n<ol class=\"wp-block-list\"><li>Ma Szenteste van. Kar\u00e1csonyi miserend: Szenteste\n(szombaton) 22 \u00f3rakor a B. Gizella templomban, 24 \u00f3rakor a pl\u00e9b\u00e1niatemplomban\n(el\u0151tte 23.30-kor p\u00e1sztorj\u00e1t\u00e9k); Kar\u00e1csonykor (vas\u00e1rnap) 9 \u00f3rakor a\npl\u00e9b\u00e1niatemplomban, 11 \u00f3rakor Gomb\u00e1n (igeliturgia), 17 \u00f3rakor a B. Gizella\ntemplomban; Kar\u00e1csony m\u00e1snapj\u00e1n (h\u00e9tf\u0151n) 9 \u00f3rakor (borszentel\u00e9ssel) a\npl\u00e9b\u00e1niatemplom, 11 \u00f3rakor Biz\u00e9n.<\/li><li>&nbsp;P\u00e9nteken 18\n\u00f3rakor a D\u00e9l-Dun\u00e1nt\u00fali Region\u00e1lis F\u00fav\u00f3szenekar koncertje lesz a\npl\u00e9b\u00e1niatemplomban. Vez\u00e9nyel T\u00f3th Bence \u00e9s Hajas B\u00e9la.<\/li><li>Szombaton, Szilveszter napj\u00e1n 16.30-kor szents\u00e9gim\u00e1d\u00e1s\nkeret\u00e9ben a k\u00f6z\u00f6ss\u00e9gek h\u00e1laad\u00e1sa a pl\u00e9b\u00e1niatemplomban, ut\u00e1na szentmise\nlelkip\u00e1sztori \u00e9vi besz\u00e1mol\u00f3val.<\/li><li>Vas\u00e1rnap, \u00daj \u00e9v napj\u00e1n szentmis\u00e9k: 10 \u00f3ra\npl\u00e9b\u00e1niatemplom, 11 \u00f3ra Gomba, 17 \u00f3ra B. Gizella templom.<\/li><li>K\u00f6sz\u00f6nj\u00fck mindazok munk\u00e1j\u00e1t, akik seg\u00edtettek a\nkar\u00e1csonyi el\u0151k\u00e9sz\u00fcletben, gy\u00f6ny\u00f6r\u0171en feld\u00edsz\u00edtett templomaink vannak. A\nszabadt\u00e9ri betlehem fel\u00e1ll\u00edt\u00e1s\u00e1n\u00e1l t\u00f6bb mint 30 seg\u00edt\u0151nk volt. K\u00f6sz\u00f6nj\u00fck a\nhitoktat\u00f3knak \u00e9s a gyerekeknek a p\u00e1sztorj\u00e1t\u00e9kot, valamint a F\u00e9ny Gyermekei\nZenekar szolg\u00e1lat\u00e1t. Megk\u00f6sz\u00f6nj\u00fck S\u00e1gi Attil\u00e1nak, Kiss M\u00e1rtonnak a feny\u0151f\u00e1kat,\nvalamint Barta Tibornak k\u00fcl\u00f6n is megk\u00f6sz\u00f6nj\u00fck az elm\u00falt \u00e9vekben is adott kar\u00e1csonyf\u00e1kat,\nmelyeket a templomokban \u00e9s a szabadt\u00e9ri betlehem\u00fcnk fel\u00e1ll\u00edt\u00e1s\u00e1n\u00e1l haszn\u00e1ltunk\nfel. K\u00f6sz\u00f6nj\u00fck a sok vir\u00e1gp\u00e9nzt is, ami lehet\u0151v\u00e9 tette, hogy templomaink ilyen\ncsod\u00e1latosan sz\u00e9p hangulatot \u00e1rasztanak.<\/li><li>Megjelent a Marcali Katolikus \u00dajs\u00e1g kar\u00e1csonyi sz\u00e1ma,\na szentmis\u00e9k ut\u00e1n osztjuk a h\u00edveknek.<\/li><\/ol>\n","protected":false},"excerpt":{"rendered":"<p>Ma Szenteste van. Kar\u00e1csonyi miserend: Szenteste (szombaton) 22 \u00f3rakor a B. Gizella templomban, 24 \u00f3rakor a pl\u00e9b\u00e1niatemplomban (el\u0151tte 23.30-kor p\u00e1sztorj\u00e1t\u00e9k); Kar\u00e1csonykor (vas\u00e1rnap) 9 \u00f3rakor a pl\u00e9b\u00e1niatemplomban, 11 \u00f3rakor Gomb\u00e1n (igeliturgia), 17 \u00f3rakor a B. Gizella templomban; Kar\u00e1csony m\u00e1snapj\u00e1n (h\u00e9tf\u0151n) 9 \u00f3rakor (borszentel\u00e9ssel) a pl\u00e9b\u00e1niatemplom, 11 \u00f3rakor Biz\u00e9n. &nbsp;P\u00e9nteken 18 \u00f3rakor a D\u00e9l-Dun\u00e1nt\u00fali Region\u00e1lis F\u00fav\u00f3szenekar koncertje lesz a pl\u00e9b\u00e1niatemplomban. Vez\u00e9nyel T\u00f3th Bence \u00e9s Hajas B\u00e9la. Szombaton, Szilveszter napj\u00e1n 16.30-kor szents\u00e9gim\u00e1d\u00e1s keret\u00e9ben a k\u00f6z\u00f6ss\u00e9gek h\u00e1laad\u00e1sa a pl\u00e9b\u00e1niatemplomban, ut\u00e1na szentmise lelkip\u00e1sztori \u00e9vi besz\u00e1mol\u00f3val&#8230;.<\/p>\n<p class=\"read-more\"><a class=\"btn btn-default\" href=\"https:\/\/marcali.plebania.hu\/?p=4263\"> Read More<span class=\"screen-reader-text\">  Read More<\/span><\/a><\/p>\n","protected":false},"author":2,"featured_media":0,"comment_status":"closed","ping_status":"open","sticky":false,"template":"","format":"standard","meta":{"footnotes":""},"categories":[1],"tags":[],"class_list":["post-4263","post","type-post","status-publish","format-standard","hentry","category-egyeb"],"_links":{"self":[{"href":"https:\/\/marcali.plebania.hu\/index.php?rest_route=\/wp\/v2\/posts\/4263","targetHints":{"allow":["GET"]}}],"collection":[{"href":"https:\/\/marcali.plebania.hu\/index.php?rest_route=\/wp\/v2\/posts"}],"about":[{"href":"https:\/\/marcali.plebania.hu\/index.php?rest_route=\/wp\/v2\/types\/post"}],"author":[{"embeddable":true,"href":"https:\/\/marcali.plebania.hu\/index.php?rest_route=\/wp\/v2\/users\/2"}],"replies":[{"embeddable":true,"href":"https:\/\/marcali.plebania.hu\/index.php?rest_route=%2Fwp%2Fv2%2Fcomments&post=4263"}],"version-history":[{"count":1,"href":"https:\/\/marcali.plebania.hu\/index.php?rest_route=\/wp\/v2\/posts\/4263\/revisions"}],"predecessor-version":[{"id":4264,"href":"https:\/\/marcali.plebania.hu\/index.php?rest_route=\/wp\/v2\/posts\/4263\/revisions\/4264"}],"wp:attachment":[{"href":"https:\/\/marcali.plebania.hu\/index.php?rest_route=%2Fwp%2Fv2%2Fmedia&parent=4263"}],"wp:term":[{"taxonomy":"category","embeddable":true,"href":"https:\/\/marcali.plebania.hu\/index.php?rest_route=%2Fwp%2Fv2%2Fcategories&post=4263"},{"taxonomy":"post_tag","embeddable":true,"href":"https:\/\/marcali.plebania.hu\/index.php?rest_route=%2Fwp%2Fv2%2Ftags&post=4263"}],"curies":[{"name":"wp","href":"https:\/\/api.w.org\/{rel}","templated":true}]}}