{"id":4266,"date":"2022-12-30T08:46:13","date_gmt":"2022-12-30T08:46:13","guid":{"rendered":"https:\/\/marcali.plebania.hu\/?p=4266"},"modified":"2022-12-30T08:46:13","modified_gmt":"2022-12-30T08:46:13","slug":"borszenteles-karacsony-masnapjan-a-marcali-plebaniatemplomban","status":"publish","type":"post","link":"https:\/\/marcali.plebania.hu\/?p=4266","title":{"rendered":"Borszentel\u00e9s Kar\u00e1csony m\u00e1snapj\u00e1n a Marcali pl\u00e9b\u00e1niatemplomban"},"content":{"rendered":"\n<p>2022. december 26-\u00e1n, kar\u00e1csony m\u00e1snapj\u00e1n, h\u00e9tf\u0151n a 9 \u00f3r\u00e1s szentmis\u00e9n Kiss Iv\u00e1n c. pr\u00e9post, pl\u00e9b\u00e1nos \u2013 a r\u00e9gi hagyom\u00e1nyokat folytatva \u2013 id\u00e9n is meg\u00e1ldotta az \u00faj borokat a Marcali Gy\u00fcm\u00f6lcsolt\u00f3 Boldogasszony pl\u00e9b\u00e1niatemplomban.<\/p>\n\n\n\n<figure class=\"wp-block-gallery columns-3 is-cropped wp-block-gallery-1 is-layout-flex wp-block-gallery-is-layout-flex\"><ul class=\"blocks-gallery-grid\"><li class=\"blocks-gallery-item\"><figure><img loading=\"lazy\" decoding=\"async\" width=\"1024\" height=\"683\" src=\"https:\/\/marcali.plebania.hu\/wp-content\/uploads\/2022\/12\/01-5-1024x683.jpg\" alt=\"\" data-id=\"4267\" data-link=\"https:\/\/marcali.plebania.hu\/?attachment_id=4267\" class=\"wp-image-4267\" srcset=\"https:\/\/marcali.plebania.hu\/wp-content\/uploads\/2022\/12\/01-5-1024x683.jpg 1024w, https:\/\/marcali.plebania.hu\/wp-content\/uploads\/2022\/12\/01-5-300x200.jpg 300w, https:\/\/marcali.plebania.hu\/wp-content\/uploads\/2022\/12\/01-5-768x512.jpg 768w, https:\/\/marcali.plebania.hu\/wp-content\/uploads\/2022\/12\/01-5-1536x1024.jpg 1536w, https:\/\/marcali.plebania.hu\/wp-content\/uploads\/2022\/12\/01-5-2048x1365.jpg 2048w, https:\/\/marcali.plebania.hu\/wp-content\/uploads\/2022\/12\/01-5-405x270.jpg 405w\" sizes=\"auto, (max-width: 1024px) 100vw, 1024px\" \/><\/figure><\/li><li class=\"blocks-gallery-item\"><figure><img loading=\"lazy\" decoding=\"async\" width=\"1024\" height=\"683\" src=\"https:\/\/marcali.plebania.hu\/wp-content\/uploads\/2022\/12\/02-6-1024x683.jpg\" alt=\"\" data-id=\"4268\" data-link=\"https:\/\/marcali.plebania.hu\/?attachment_id=4268\" class=\"wp-image-4268\" srcset=\"https:\/\/marcali.plebania.hu\/wp-content\/uploads\/2022\/12\/02-6-1024x683.jpg 1024w, https:\/\/marcali.plebania.hu\/wp-content\/uploads\/2022\/12\/02-6-300x200.jpg 300w, https:\/\/marcali.plebania.hu\/wp-content\/uploads\/2022\/12\/02-6-768x512.jpg 768w, https:\/\/marcali.plebania.hu\/wp-content\/uploads\/2022\/12\/02-6-1536x1024.jpg 1536w, https:\/\/marcali.plebania.hu\/wp-content\/uploads\/2022\/12\/02-6-2048x1365.jpg 2048w, https:\/\/marcali.plebania.hu\/wp-content\/uploads\/2022\/12\/02-6-405x270.jpg 405w\" sizes=\"auto, (max-width: 1024px) 100vw, 1024px\" \/><\/figure><\/li><li class=\"blocks-gallery-item\"><figure><img loading=\"lazy\" decoding=\"async\" width=\"1024\" height=\"683\" src=\"https:\/\/marcali.plebania.hu\/wp-content\/uploads\/2022\/12\/04-5-1024x683.jpg\" alt=\"\" data-id=\"4269\" data-full-url=\"https:\/\/marcali.plebania.hu\/wp-content\/uploads\/2022\/12\/04-5-scaled.jpg\" data-link=\"https:\/\/marcali.plebania.hu\/?attachment_id=4269\" class=\"wp-image-4269\" srcset=\"https:\/\/marcali.plebania.hu\/wp-content\/uploads\/2022\/12\/04-5-1024x683.jpg 1024w, https:\/\/marcali.plebania.hu\/wp-content\/uploads\/2022\/12\/04-5-300x200.jpg 300w, https:\/\/marcali.plebania.hu\/wp-content\/uploads\/2022\/12\/04-5-768x512.jpg 768w, https:\/\/marcali.plebania.hu\/wp-content\/uploads\/2022\/12\/04-5-1536x1024.jpg 1536w, https:\/\/marcali.plebania.hu\/wp-content\/uploads\/2022\/12\/04-5-2048x1365.jpg 2048w, https:\/\/marcali.plebania.hu\/wp-content\/uploads\/2022\/12\/04-5-405x270.jpg 405w\" sizes=\"auto, (max-width: 1024px) 100vw, 1024px\" \/><\/figure><\/li><li class=\"blocks-gallery-item\"><figure><img loading=\"lazy\" decoding=\"async\" width=\"1024\" height=\"683\" src=\"https:\/\/marcali.plebania.hu\/wp-content\/uploads\/2022\/12\/05-1-1024x683.jpg\" alt=\"\" data-id=\"4270\" data-full-url=\"https:\/\/marcali.plebania.hu\/wp-content\/uploads\/2022\/12\/05-1-scaled.jpg\" data-link=\"https:\/\/marcali.plebania.hu\/?attachment_id=4270\" class=\"wp-image-4270\" srcset=\"https:\/\/marcali.plebania.hu\/wp-content\/uploads\/2022\/12\/05-1-1024x683.jpg 1024w, https:\/\/marcali.plebania.hu\/wp-content\/uploads\/2022\/12\/05-1-300x200.jpg 300w, https:\/\/marcali.plebania.hu\/wp-content\/uploads\/2022\/12\/05-1-768x512.jpg 768w, https:\/\/marcali.plebania.hu\/wp-content\/uploads\/2022\/12\/05-1-1536x1024.jpg 1536w, https:\/\/marcali.plebania.hu\/wp-content\/uploads\/2022\/12\/05-1-2048x1365.jpg 2048w, https:\/\/marcali.plebania.hu\/wp-content\/uploads\/2022\/12\/05-1-405x270.jpg 405w\" sizes=\"auto, (max-width: 1024px) 100vw, 1024px\" \/><\/figure><\/li><\/ul><\/figure>\n\n\n\n<p>A sz\u0151l\u0151sgazd\u00e1k \u00e9s a bortermel\u0151k minden \u00e9vben ilyenkor magukkal hoznak fajt\u00e1nk\u00e9nt egy-egy palack bort az \u00faj term\u00e9sb\u0151l, hogy k\u00fcl\u00f6nf\u00e9le ned\u0171ikre az \u00e9ves munk\u00e1juk lez\u00e1r\u00e1sak\u00e9nt egyh\u00e1zi \u00e1ld\u00e1st is k\u00e9rjenek.<\/p>\n\n\n\n<figure class=\"wp-block-gallery columns-3 is-cropped wp-block-gallery-2 is-layout-flex wp-block-gallery-is-layout-flex\"><ul class=\"blocks-gallery-grid\"><li class=\"blocks-gallery-item\"><figure><img loading=\"lazy\" decoding=\"async\" width=\"1024\" height=\"683\" src=\"https:\/\/marcali.plebania.hu\/wp-content\/uploads\/2022\/12\/08-3-1024x683.jpg\" alt=\"\" data-id=\"4271\" data-link=\"https:\/\/marcali.plebania.hu\/?attachment_id=4271\" class=\"wp-image-4271\" srcset=\"https:\/\/marcali.plebania.hu\/wp-content\/uploads\/2022\/12\/08-3-1024x683.jpg 1024w, https:\/\/marcali.plebania.hu\/wp-content\/uploads\/2022\/12\/08-3-300x200.jpg 300w, https:\/\/marcali.plebania.hu\/wp-content\/uploads\/2022\/12\/08-3-768x512.jpg 768w, https:\/\/marcali.plebania.hu\/wp-content\/uploads\/2022\/12\/08-3-1536x1024.jpg 1536w, https:\/\/marcali.plebania.hu\/wp-content\/uploads\/2022\/12\/08-3-2048x1365.jpg 2048w, https:\/\/marcali.plebania.hu\/wp-content\/uploads\/2022\/12\/08-3-405x270.jpg 405w\" sizes=\"auto, (max-width: 1024px) 100vw, 1024px\" \/><\/figure><\/li><li class=\"blocks-gallery-item\"><figure><img loading=\"lazy\" decoding=\"async\" width=\"1024\" height=\"683\" src=\"https:\/\/marcali.plebania.hu\/wp-content\/uploads\/2022\/12\/11-4-1024x683.jpg\" alt=\"\" data-id=\"4272\" data-link=\"https:\/\/marcali.plebania.hu\/?attachment_id=4272\" class=\"wp-image-4272\" srcset=\"https:\/\/marcali.plebania.hu\/wp-content\/uploads\/2022\/12\/11-4-1024x683.jpg 1024w, https:\/\/marcali.plebania.hu\/wp-content\/uploads\/2022\/12\/11-4-300x200.jpg 300w, https:\/\/marcali.plebania.hu\/wp-content\/uploads\/2022\/12\/11-4-768x512.jpg 768w, https:\/\/marcali.plebania.hu\/wp-content\/uploads\/2022\/12\/11-4-1536x1024.jpg 1536w, https:\/\/marcali.plebania.hu\/wp-content\/uploads\/2022\/12\/11-4-2048x1365.jpg 2048w, https:\/\/marcali.plebania.hu\/wp-content\/uploads\/2022\/12\/11-4-405x270.jpg 405w\" sizes=\"auto, (max-width: 1024px) 100vw, 1024px\" \/><\/figure><\/li><li class=\"blocks-gallery-item\"><figure><img loading=\"lazy\" decoding=\"async\" width=\"1024\" height=\"683\" src=\"https:\/\/marcali.plebania.hu\/wp-content\/uploads\/2022\/12\/13-2-1024x683.jpg\" alt=\"\" data-id=\"4273\" data-full-url=\"https:\/\/marcali.plebania.hu\/wp-content\/uploads\/2022\/12\/13-2-scaled.jpg\" data-link=\"https:\/\/marcali.plebania.hu\/?attachment_id=4273\" class=\"wp-image-4273\" srcset=\"https:\/\/marcali.plebania.hu\/wp-content\/uploads\/2022\/12\/13-2-1024x683.jpg 1024w, https:\/\/marcali.plebania.hu\/wp-content\/uploads\/2022\/12\/13-2-300x200.jpg 300w, https:\/\/marcali.plebania.hu\/wp-content\/uploads\/2022\/12\/13-2-768x512.jpg 768w, https:\/\/marcali.plebania.hu\/wp-content\/uploads\/2022\/12\/13-2-1536x1024.jpg 1536w, https:\/\/marcali.plebania.hu\/wp-content\/uploads\/2022\/12\/13-2-2048x1365.jpg 2048w, https:\/\/marcali.plebania.hu\/wp-content\/uploads\/2022\/12\/13-2-405x270.jpg 405w\" sizes=\"auto, (max-width: 1024px) 100vw, 1024px\" \/><\/figure><\/li><li class=\"blocks-gallery-item\"><figure><img loading=\"lazy\" decoding=\"async\" width=\"1024\" height=\"683\" src=\"https:\/\/marcali.plebania.hu\/wp-content\/uploads\/2022\/12\/14-2-1024x683.jpg\" alt=\"\" data-id=\"4274\" data-full-url=\"https:\/\/marcali.plebania.hu\/wp-content\/uploads\/2022\/12\/14-2-scaled.jpg\" data-link=\"https:\/\/marcali.plebania.hu\/?attachment_id=4274\" class=\"wp-image-4274\" srcset=\"https:\/\/marcali.plebania.hu\/wp-content\/uploads\/2022\/12\/14-2-1024x683.jpg 1024w, https:\/\/marcali.plebania.hu\/wp-content\/uploads\/2022\/12\/14-2-300x200.jpg 300w, https:\/\/marcali.plebania.hu\/wp-content\/uploads\/2022\/12\/14-2-768x512.jpg 768w, https:\/\/marcali.plebania.hu\/wp-content\/uploads\/2022\/12\/14-2-1536x1024.jpg 1536w, https:\/\/marcali.plebania.hu\/wp-content\/uploads\/2022\/12\/14-2-2048x1365.jpg 2048w, https:\/\/marcali.plebania.hu\/wp-content\/uploads\/2022\/12\/14-2-405x270.jpg 405w\" sizes=\"auto, (max-width: 1024px) 100vw, 1024px\" \/><\/figure><\/li><\/ul><\/figure>\n\n\n\n<p>A szentmise ut\u00e1n, a templom el\u0151tti Boldog II. J\u00e1nos P\u00e1l p\u00e1pa t\u00e9ren Iv\u00e1n atya a forralt bort is meg\u00e1ldotta, melyet Gelencs\u00e9r R\u00f3bert vil\u00e1gi eln\u00f6k \u00e9s csal\u00e1dja k\u00e9sz\u00edtett \u2013 ebben az \u00e9vbe is \u2013 \u00e9s k\u00edn\u00e1lta a jelenl\u00e9v\u0151knek, term\u00e9szetesen azoknak, akik gyalog j\u00f6ttek.<\/p>\n\n\n\n<figure class=\"wp-block-gallery columns-3 is-cropped wp-block-gallery-3 is-layout-flex wp-block-gallery-is-layout-flex\"><ul class=\"blocks-gallery-grid\"><li class=\"blocks-gallery-item\"><figure><img loading=\"lazy\" decoding=\"async\" width=\"1024\" height=\"683\" src=\"https:\/\/marcali.plebania.hu\/wp-content\/uploads\/2022\/12\/31-1-1024x683.jpg\" alt=\"\" data-id=\"4275\" data-link=\"https:\/\/marcali.plebania.hu\/?attachment_id=4275\" class=\"wp-image-4275\" srcset=\"https:\/\/marcali.plebania.hu\/wp-content\/uploads\/2022\/12\/31-1-1024x683.jpg 1024w, https:\/\/marcali.plebania.hu\/wp-content\/uploads\/2022\/12\/31-1-300x200.jpg 300w, https:\/\/marcali.plebania.hu\/wp-content\/uploads\/2022\/12\/31-1-768x512.jpg 768w, https:\/\/marcali.plebania.hu\/wp-content\/uploads\/2022\/12\/31-1-1536x1024.jpg 1536w, https:\/\/marcali.plebania.hu\/wp-content\/uploads\/2022\/12\/31-1-2048x1365.jpg 2048w, https:\/\/marcali.plebania.hu\/wp-content\/uploads\/2022\/12\/31-1-405x270.jpg 405w\" sizes=\"auto, (max-width: 1024px) 100vw, 1024px\" \/><\/figure><\/li><li class=\"blocks-gallery-item\"><figure><img loading=\"lazy\" decoding=\"async\" width=\"1024\" height=\"683\" src=\"https:\/\/marcali.plebania.hu\/wp-content\/uploads\/2022\/12\/35-1-1024x683.jpg\" alt=\"\" data-id=\"4276\" data-link=\"https:\/\/marcali.plebania.hu\/?attachment_id=4276\" class=\"wp-image-4276\" srcset=\"https:\/\/marcali.plebania.hu\/wp-content\/uploads\/2022\/12\/35-1-1024x683.jpg 1024w, https:\/\/marcali.plebania.hu\/wp-content\/uploads\/2022\/12\/35-1-300x200.jpg 300w, https:\/\/marcali.plebania.hu\/wp-content\/uploads\/2022\/12\/35-1-768x512.jpg 768w, https:\/\/marcali.plebania.hu\/wp-content\/uploads\/2022\/12\/35-1-1536x1024.jpg 1536w, https:\/\/marcali.plebania.hu\/wp-content\/uploads\/2022\/12\/35-1-2048x1365.jpg 2048w, https:\/\/marcali.plebania.hu\/wp-content\/uploads\/2022\/12\/35-1-405x270.jpg 405w\" sizes=\"auto, (max-width: 1024px) 100vw, 1024px\" \/><\/figure><\/li><li class=\"blocks-gallery-item\"><figure><img loading=\"lazy\" decoding=\"async\" width=\"1024\" height=\"683\" src=\"https:\/\/marcali.plebania.hu\/wp-content\/uploads\/2022\/12\/29-1-1024x683.jpg\" alt=\"\" data-id=\"4277\" data-link=\"https:\/\/marcali.plebania.hu\/?attachment_id=4277\" class=\"wp-image-4277\" srcset=\"https:\/\/marcali.plebania.hu\/wp-content\/uploads\/2022\/12\/29-1-1024x683.jpg 1024w, https:\/\/marcali.plebania.hu\/wp-content\/uploads\/2022\/12\/29-1-300x200.jpg 300w, https:\/\/marcali.plebania.hu\/wp-content\/uploads\/2022\/12\/29-1-768x512.jpg 768w, https:\/\/marcali.plebania.hu\/wp-content\/uploads\/2022\/12\/29-1-1536x1024.jpg 1536w, https:\/\/marcali.plebania.hu\/wp-content\/uploads\/2022\/12\/29-1-2048x1365.jpg 2048w, https:\/\/marcali.plebania.hu\/wp-content\/uploads\/2022\/12\/29-1-405x270.jpg 405w\" sizes=\"auto, (max-width: 1024px) 100vw, 1024px\" \/><\/figure><\/li><li class=\"blocks-gallery-item\"><figure><img loading=\"lazy\" decoding=\"async\" width=\"1024\" height=\"683\" src=\"https:\/\/marcali.plebania.hu\/wp-content\/uploads\/2022\/12\/38-1-1024x683.jpg\" alt=\"\" data-id=\"4278\" data-full-url=\"https:\/\/marcali.plebania.hu\/wp-content\/uploads\/2022\/12\/38-1-scaled.jpg\" data-link=\"https:\/\/marcali.plebania.hu\/?attachment_id=4278\" class=\"wp-image-4278\" srcset=\"https:\/\/marcali.plebania.hu\/wp-content\/uploads\/2022\/12\/38-1-1024x683.jpg 1024w, https:\/\/marcali.plebania.hu\/wp-content\/uploads\/2022\/12\/38-1-300x200.jpg 300w, https:\/\/marcali.plebania.hu\/wp-content\/uploads\/2022\/12\/38-1-768x512.jpg 768w, https:\/\/marcali.plebania.hu\/wp-content\/uploads\/2022\/12\/38-1-1536x1024.jpg 1536w, https:\/\/marcali.plebania.hu\/wp-content\/uploads\/2022\/12\/38-1-2048x1365.jpg 2048w, https:\/\/marcali.plebania.hu\/wp-content\/uploads\/2022\/12\/38-1-405x270.jpg 405w\" sizes=\"auto, (max-width: 1024px) 100vw, 1024px\" \/><\/figure><\/li><\/ul><\/figure>\n\n\n\n<p>Az istentiszteleten k\u00f6zrem\u0171k\u00f6d\u00f6tt\nBalogh B\u00e1lint k\u00e1ntor \u00e9s a Marcali F\u00e9ny Gyermekei Katolikus Zenekar.<\/p>\n","protected":false},"excerpt":{"rendered":"<p>2022. december 26-\u00e1n, kar\u00e1csony m\u00e1snapj\u00e1n, h\u00e9tf\u0151n a 9 \u00f3r\u00e1s szentmis\u00e9n Kiss Iv\u00e1n c. pr\u00e9post, pl\u00e9b\u00e1nos \u2013 a r\u00e9gi hagyom\u00e1nyokat folytatva \u2013 id\u00e9n is meg\u00e1ldotta az \u00faj borokat a Marcali Gy\u00fcm\u00f6lcsolt\u00f3 Boldogasszony pl\u00e9b\u00e1niatemplomban. A sz\u0151l\u0151sgazd\u00e1k \u00e9s a bortermel\u0151k minden \u00e9vben ilyenkor magukkal hoznak fajt\u00e1nk\u00e9nt egy-egy palack bort az \u00faj term\u00e9sb\u0151l, hogy k\u00fcl\u00f6nf\u00e9le ned\u0171ikre az \u00e9ves munk\u00e1juk lez\u00e1r\u00e1sak\u00e9nt egyh\u00e1zi \u00e1ld\u00e1st is k\u00e9rjenek. A szentmise ut\u00e1n, a templom el\u0151tti Boldog II. J\u00e1nos P\u00e1l p\u00e1pa t\u00e9ren Iv\u00e1n atya a forralt bort is meg\u00e1ldotta, melyet&#8230;<\/p>\n<p class=\"read-more\"><a class=\"btn btn-default\" href=\"https:\/\/marcali.plebania.hu\/?p=4266\"> Read More<span class=\"screen-reader-text\">  Read More<\/span><\/a><\/p>\n","protected":false},"author":2,"featured_media":0,"comment_status":"closed","ping_status":"open","sticky":false,"template":"","format":"standard","meta":{"footnotes":""},"categories":[1],"tags":[],"class_list":["post-4266","post","type-post","status-publish","format-standard","hentry","category-egyeb"],"_links":{"self":[{"href":"https:\/\/marcali.plebania.hu\/index.php?rest_route=\/wp\/v2\/posts\/4266","targetHints":{"allow":["GET"]}}],"collection":[{"href":"https:\/\/marcali.plebania.hu\/index.php?rest_route=\/wp\/v2\/posts"}],"about":[{"href":"https:\/\/marcali.plebania.hu\/index.php?rest_route=\/wp\/v2\/types\/post"}],"author":[{"embeddable":true,"href":"https:\/\/marcali.plebania.hu\/index.php?rest_route=\/wp\/v2\/users\/2"}],"replies":[{"embeddable":true,"href":"https:\/\/marcali.plebania.hu\/index.php?rest_route=%2Fwp%2Fv2%2Fcomments&post=4266"}],"version-history":[{"count":1,"href":"https:\/\/marcali.plebania.hu\/index.php?rest_route=\/wp\/v2\/posts\/4266\/revisions"}],"predecessor-version":[{"id":4279,"href":"https:\/\/marcali.plebania.hu\/index.php?rest_route=\/wp\/v2\/posts\/4266\/revisions\/4279"}],"wp:attachment":[{"href":"https:\/\/marcali.plebania.hu\/index.php?rest_route=%2Fwp%2Fv2%2Fmedia&parent=4266"}],"wp:term":[{"taxonomy":"category","embeddable":true,"href":"https:\/\/marcali.plebania.hu\/index.php?rest_route=%2Fwp%2Fv2%2Fcategories&post=4266"},{"taxonomy":"post_tag","embeddable":true,"href":"https:\/\/marcali.plebania.hu\/index.php?rest_route=%2Fwp%2Fv2%2Ftags&post=4266"}],"curies":[{"name":"wp","href":"https:\/\/api.w.org\/{rel}","templated":true}]}}