{"id":4280,"date":"2022-12-30T08:46:43","date_gmt":"2022-12-30T08:46:43","guid":{"rendered":"https:\/\/marcali.plebania.hu\/?p=4280"},"modified":"2022-12-30T08:46:43","modified_gmt":"2022-12-30T08:46:43","slug":"hirdetesek-2023-01-01","status":"publish","type":"post","link":"https:\/\/marcali.plebania.hu\/?p=4280","title":{"rendered":"Hirdet\u00e9sek, 2023.01. 01."},"content":{"rendered":"\n<ol class=\"wp-block-list\"><li>Ma\n\u00daj \u00e9v napja, Sz\u0171z M\u00e1ria Isten Anyja \u00fcnnepe. Ugyanez a nap, a Marcali\nEgyh\u00e1zk\u00f6zs\u00e9g fogadott \u00f6r\u00f6k\u00f6s r\u00f3zsaf\u00fcz\u00e9r napja, amikor is a nap minden \u00f3r\u00e1j\u00e1ban\nvalaki im\u00e1dkozza a r\u00f3zsaf\u00fcz\u00e9rt. A beoszt\u00e1s a hirdet\u0151t\u00e1bl\u00e1n kif\u00fcggesztve.<\/li><li>P\u00e9nteken,\nV\u00edzkereszt \u00fcnnepe, mely parancsolt \u00fcnnep. Este 16.30-kor szents\u00e9gim\u00e1d\u00e1s, 17\n\u00f3rakor v\u00edzkereszt \u00fcnnepi szentmise, v\u00edzszentel\u00e9ssel. Egyben els\u0151 p\u00e9ntek, a szents\u00e9gim\u00e1d\u00e1s\nalatt gy\u00f3n\u00e1si lehet\u0151s\u00e9g.<\/li><li>Szombaton\nd\u00e9lel\u0151tt 9 \u00f3r\u00e1t\u00f3l bontjuk a betlehemet, melyhez tetter\u0151s f\u00e9rfiakat, \u00e9s fiatalokat\nv\u00e1runk.<\/li><li>Az\n\u00fajesztend\u0151ben nem emelkedik az egyh\u00e1zi ad\u00f3.<\/li><\/ol>\n","protected":false},"excerpt":{"rendered":"<p>Ma \u00daj \u00e9v napja, Sz\u0171z M\u00e1ria Isten Anyja \u00fcnnepe. Ugyanez a nap, a Marcali Egyh\u00e1zk\u00f6zs\u00e9g fogadott \u00f6r\u00f6k\u00f6s r\u00f3zsaf\u00fcz\u00e9r napja, amikor is a nap minden \u00f3r\u00e1j\u00e1ban valaki im\u00e1dkozza a r\u00f3zsaf\u00fcz\u00e9rt. A beoszt\u00e1s a hirdet\u0151t\u00e1bl\u00e1n kif\u00fcggesztve. P\u00e9nteken, V\u00edzkereszt \u00fcnnepe, mely parancsolt \u00fcnnep. Este 16.30-kor szents\u00e9gim\u00e1d\u00e1s, 17 \u00f3rakor v\u00edzkereszt \u00fcnnepi szentmise, v\u00edzszentel\u00e9ssel. Egyben els\u0151 p\u00e9ntek, a szents\u00e9gim\u00e1d\u00e1s alatt gy\u00f3n\u00e1si lehet\u0151s\u00e9g. Szombaton d\u00e9lel\u0151tt 9 \u00f3r\u00e1t\u00f3l bontjuk a betlehemet, melyhez tetter\u0151s f\u00e9rfiakat, \u00e9s fiatalokat v\u00e1runk. Az \u00fajesztend\u0151ben nem emelkedik az egyh\u00e1zi ad\u00f3.<\/p>\n","protected":false},"author":2,"featured_media":0,"comment_status":"closed","ping_status":"open","sticky":false,"template":"","format":"standard","meta":{"footnotes":""},"categories":[1],"tags":[],"class_list":["post-4280","post","type-post","status-publish","format-standard","hentry","category-egyeb"],"_links":{"self":[{"href":"https:\/\/marcali.plebania.hu\/index.php?rest_route=\/wp\/v2\/posts\/4280","targetHints":{"allow":["GET"]}}],"collection":[{"href":"https:\/\/marcali.plebania.hu\/index.php?rest_route=\/wp\/v2\/posts"}],"about":[{"href":"https:\/\/marcali.plebania.hu\/index.php?rest_route=\/wp\/v2\/types\/post"}],"author":[{"embeddable":true,"href":"https:\/\/marcali.plebania.hu\/index.php?rest_route=\/wp\/v2\/users\/2"}],"replies":[{"embeddable":true,"href":"https:\/\/marcali.plebania.hu\/index.php?rest_route=%2Fwp%2Fv2%2Fcomments&post=4280"}],"version-history":[{"count":1,"href":"https:\/\/marcali.plebania.hu\/index.php?rest_route=\/wp\/v2\/posts\/4280\/revisions"}],"predecessor-version":[{"id":4281,"href":"https:\/\/marcali.plebania.hu\/index.php?rest_route=\/wp\/v2\/posts\/4280\/revisions\/4281"}],"wp:attachment":[{"href":"https:\/\/marcali.plebania.hu\/index.php?rest_route=%2Fwp%2Fv2%2Fmedia&parent=4280"}],"wp:term":[{"taxonomy":"category","embeddable":true,"href":"https:\/\/marcali.plebania.hu\/index.php?rest_route=%2Fwp%2Fv2%2Fcategories&post=4280"},{"taxonomy":"post_tag","embeddable":true,"href":"https:\/\/marcali.plebania.hu\/index.php?rest_route=%2Fwp%2Fv2%2Ftags&post=4280"}],"curies":[{"name":"wp","href":"https:\/\/api.w.org\/{rel}","templated":true}]}}